{"id":11045,"date":"2021-06-22T20:06:39","date_gmt":"2021-06-22T23:06:39","guid":{"rendered":"https:\/\/revistaepocadigital.com.ar\/?p=11045"},"modified":"2021-06-22T20:09:07","modified_gmt":"2021-06-22T23:09:07","slug":"parece-que-fue-ayer-a-35-anos-del-gol-de-diego-el-gol-del-siglo","status":"publish","type":"post","link":"https:\/\/revistaepocadigital.com.ar\/?p=11045","title":{"rendered":"PARECE QUE FUE AYER, A 35 A\u00d1OS \u00a1DEL MEMORABLE GOL DE DIEGO!. \u00a1EL GOL DEL SIGLO!"},"content":{"rendered":"<p><strong>EL D\u00cdA MEMORABLE PARA LOS ARGENTINOS<\/strong>.<!--more--><\/p>\n<p>22 de junio de 1986. En el Mundial de F\u00fatbol de M\u00e9xico. Argentina campe\u00f3n!.<\/p>\n<p>Pero antes un partido que qued\u00f3 clavado en el coraz\u00f3n de nuestro pa\u00eds. La victoria 2 a 1 nada menos ante Inglaterra, con el apote\u00f3tico gol de Diego. Para disfrutarlo eternamente, y para que se nos piante un lagrim\u00f3n por la emoci\u00f3n que no decaer\u00e1 jam\u00e1s.<\/p>\n<p>El gol del siglo, a 35 a\u00f1os. El primero sin el Diez.<\/p>\n<p>GRACIAS DIEGO!<\/p>\n<blockquote class=\"twitter-tweet\" data-width=\"550\" data-dnt=\"true\">\n<p lang=\"es\" dir=\"ltr\">T\u00e9lam Radio \ud83c\udfa7 Podcast I <a href=\"https:\/\/twitter.com\/hashtag\/GritaloPorD10S?src=hash&amp;ref_src=twsrc%5Etfw\">#GritaloPorD10S<\/a><\/p>\n<p> \u26bd Un grito al cielo a 35 a\u00f1os del gol de Maradona a los ingleses\u00a0<\/p>\n<p>\ud83d\udccc Escuchalo ac\u00e1 \ud83d\udc49\ud83c\udffb <a href=\"https:\/\/t.co\/ExRAO5y4TT\">https:\/\/t.co\/ExRAO5y4TT<\/a> <a href=\"https:\/\/t.co\/7ceeLizgDj\">pic.twitter.com\/7ceeLizgDj<\/a><\/p>\n<p>&mdash; Agencia T\u00e9lam (@AgenciaTelam) <a href=\"https:\/\/twitter.com\/AgenciaTelam\/status\/1407470956520427523?ref_src=twsrc%5Etfw\">June 22, 2021<\/a><\/p><\/blockquote>\n<p><script async src=\"https:\/\/platform.twitter.com\/widgets.js\" charset=\"utf-8\"><\/script><\/p>\n<blockquote class=\"twitter-tweet\" data-width=\"550\" data-dnt=\"true\">\n<p lang=\"es\" dir=\"ltr\">\ud83c\udfc6 <a href=\"https:\/\/twitter.com\/hashtag\/35A%C3%B1osDeGloria?src=hash&amp;ref_src=twsrc%5Etfw\">#35A\u00f1osDeGloria<\/a><\/p>\n<p>\ud83d\uddd3\ufe0f Cuartos de final<\/p>\n<p>\u26bd <a href=\"https:\/\/twitter.com\/Argentina?ref_src=twsrc%5Etfw\">@Argentina<\/a> \ud83c\udde6\ud83c\uddf7 2\u20e3 &#8211; <a href=\"https:\/\/twitter.com\/hashtag\/Inglaterra?src=hash&amp;ref_src=twsrc%5Etfw\">#Inglaterra<\/a> \ud83c\udff4\udb40\udc67\udb40\udc62\udb40\udc65\udb40\udc6e\udb40\udc67\udb40\udc7f 1\u20e3<\/p>\n<p>\ud83c\udfdf Estadio Azteca \ud83c\uddf2\ud83c\uddfd<\/p>\n<p>\ud83c\udfa5 Revivimos el gol del siglo desde el \u00e1ngulo que quieras verlo, \u00bfnos emocionamos juntos? \ud83d\ude22 <a href=\"https:\/\/t.co\/GdRCHUOIqr\">pic.twitter.com\/GdRCHUOIqr<\/a><\/p>\n<p>&mdash; Selecci\u00f3n Argentina \ud83c\udde6\ud83c\uddf7 (@Argentina) <a href=\"https:\/\/twitter.com\/Argentina\/status\/1407337577540067330?ref_src=twsrc%5Etfw\">June 22, 2021<\/a><\/p><\/blockquote>\n<p><script async src=\"https:\/\/platform.twitter.com\/widgets.js\" charset=\"utf-8\"><\/script><\/p>\n<p>&nbsp;<\/p>\n<p><strong>EMOCIONATE M\u00c1S TODAV\u00cdA:<\/strong><\/p>\n<blockquote class=\"twitter-tweet\" data-width=\"550\" data-dnt=\"true\">\n<p lang=\"es\" dir=\"ltr\">A 35 a\u00f1os del mejor gol de todos los tiempos, nuestro homenaje a la obra maestra de Diego con el testimonio del propio Maradona grabado en marzo de 2020 y de todos los testigos de esa creaci\u00f3n inolvidable. <a href=\"https:\/\/t.co\/FBUz5Mpnf7\">pic.twitter.com\/FBUz5Mpnf7<\/a><\/p>\n<p>&mdash; TyC Sports (@TyCSports) <a href=\"https:\/\/twitter.com\/TyCSports\/status\/1407342684847628304?ref_src=twsrc%5Etfw\">June 22, 2021<\/a><\/p><\/blockquote>\n<p><script async src=\"https:\/\/platform.twitter.com\/widgets.js\" charset=\"utf-8\"><\/script><\/p>\n<p>&nbsp;<\/p>\n<p>Foto portada: gentileza TyC Sports<\/p>\n","protected":false},"excerpt":{"rendered":"<p>EL D\u00cdA MEMORABLE PARA LOS ARGENTINOS.<\/p>\n","protected":false},"author":4,"featured_media":11049,"comment_status":"open","ping_status":"open","sticky":false,"template":"","format":"standard","meta":{"footnotes":"","jetpack_publicize_message":"","jetpack_publicize_feature_enabled":true,"jetpack_social_post_already_shared":false,"jetpack_social_options":{"image_generator_settings":{"template":"highway","default_image_id":0,"font":"","enabled":false},"version":2}},"categories":[9],"tags":[37,1439,1087,1440],"class_list":["post-11045","post","type-post","status-publish","format-standard","has-post-thumbnail","hentry","category-deportes","tag-destacada","tag-gol","tag-maradona","tag-mexico"],"jetpack_publicize_connections":[],"jetpack_featured_media_url":"https:\/\/revistaepocadigital.com.ar\/wp-content\/uploads\/2021\/06\/v7aYKbH3.jpg","jetpack_likes_enabled":true,"_links":{"self":[{"href":"https:\/\/revistaepocadigital.com.ar\/index.php?rest_route=\/wp\/v2\/posts\/11045","targetHints":{"allow":["GET"]}}],"collection":[{"href":"https:\/\/revistaepocadigital.com.ar\/index.php?rest_route=\/wp\/v2\/posts"}],"about":[{"href":"https:\/\/revistaepocadigital.com.ar\/index.php?rest_route=\/wp\/v2\/types\/post"}],"author":[{"embeddable":true,"href":"https:\/\/revistaepocadigital.com.ar\/index.php?rest_route=\/wp\/v2\/users\/4"}],"replies":[{"embeddable":true,"href":"https:\/\/revistaepocadigital.com.ar\/index.php?rest_route=%2Fwp%2Fv2%2Fcomments&post=11045"}],"version-history":[{"count":0,"href":"https:\/\/revistaepocadigital.com.ar\/index.php?rest_route=\/wp\/v2\/posts\/11045\/revisions"}],"wp:featuredmedia":[{"embeddable":true,"href":"https:\/\/revistaepocadigital.com.ar\/index.php?rest_route=\/wp\/v2\/media\/11049"}],"wp:attachment":[{"href":"https:\/\/revistaepocadigital.com.ar\/index.php?rest_route=%2Fwp%2Fv2%2Fmedia&parent=11045"}],"wp:term":[{"taxonomy":"category","embeddable":true,"href":"https:\/\/revistaepocadigital.com.ar\/index.php?rest_route=%2Fwp%2Fv2%2Fcategories&post=11045"},{"taxonomy":"post_tag","embeddable":true,"href":"https:\/\/revistaepocadigital.com.ar\/index.php?rest_route=%2Fwp%2Fv2%2Ftags&post=11045"}],"curies":[{"name":"wp","href":"https:\/\/api.w.org\/{rel}","templated":true}]}}