{"id":11076,"date":"2021-06-25T23:15:36","date_gmt":"2021-06-26T02:15:36","guid":{"rendered":"https:\/\/revistaepocadigital.com.ar\/?p=11076"},"modified":"2021-06-25T23:15:36","modified_gmt":"2021-06-26T02:15:36","slug":"abrigar","status":"publish","type":"post","link":"https:\/\/revistaepocadigital.com.ar\/?p=11076","title":{"rendered":"\u201cABRIGAR\u201d"},"content":{"rendered":"<div class=\"\" dir=\"auto\">\n<div id=\"jsc_c_46\" class=\"ecm0bbzt hv4rvrfc ihqw7lf3 dati1w0a\" data-ad-comet-preview=\"message\" data-ad-preview=\"message\">\n<div class=\"j83agx80 cbu4d94t ew0dbk1b irj2b8pg\">\n<div class=\"qzhwtbm6 knvmm38d\">\n<div class=\"kvgmc6g5 cxmmr5t8 oygrvhab hcukyx3x c1et5uql ii04i59q\">\n<div dir=\"auto\"><strong>EL PROGRAMA PAS\u00d3 POR LOS CARDALES Y ARROYO DE LA CRUZ.<!--more--><\/strong><\/div>\n<div dir=\"auto\"><\/div>\n<\/div>\n<div class=\"o9v6fnle cxmmr5t8 oygrvhab hcukyx3x c1et5uql ii04i59q\">\n<div dir=\"auto\">Con la visita de autoridades nacionales, desembarc\u00f3 (25\/6) el programa \u201cAbrigar\u201d, dependiente de la Secretar\u00eda de Articulaci\u00f3n de Pol\u00edtica Social, visitaron las localidades de Los Cardales y un sector de Arroyo de la Cruz.<\/div>\n<div dir=\"auto\"><\/div>\n<\/div>\n<div class=\"o9v6fnle cxmmr5t8 oygrvhab hcukyx3x c1et5uql ii04i59q\">\n<div dir=\"auto\">Se inici\u00f3 la recorrida en Los Cardales, con el apoyo de la Subsecretar\u00eda de Desarrollo de la Comunidad. Se entregaron frazadas y camperas. Luego, en Arroyo, el esquema se repiti\u00f3.<\/div>\n<\/div>\n<\/div>\n<\/div>\n<\/div>\n<\/div>\n<p>&nbsp;<\/p>\n<div dir=\"auto\"><img loading=\"lazy\" decoding=\"async\" class=\"aligncenter size-full wp-image-11079\" src=\"https:\/\/revistaepocadigital.com.ar\/wp-content\/uploads\/2021\/06\/206819083_4478506032202321_5819783447544810652_n.jpg\" alt=\"\" width=\"1280\" height=\"850\" srcset=\"https:\/\/revistaepocadigital.com.ar\/wp-content\/uploads\/2021\/06\/206819083_4478506032202321_5819783447544810652_n.jpg 1280w, https:\/\/revistaepocadigital.com.ar\/wp-content\/uploads\/2021\/06\/206819083_4478506032202321_5819783447544810652_n-300x199.jpg 300w, https:\/\/revistaepocadigital.com.ar\/wp-content\/uploads\/2021\/06\/206819083_4478506032202321_5819783447544810652_n-1200x797.jpg 1200w, https:\/\/revistaepocadigital.com.ar\/wp-content\/uploads\/2021\/06\/206819083_4478506032202321_5819783447544810652_n-768x510.jpg 768w, https:\/\/revistaepocadigital.com.ar\/wp-content\/uploads\/2021\/06\/206819083_4478506032202321_5819783447544810652_n-696x462.jpg 696w, https:\/\/revistaepocadigital.com.ar\/wp-content\/uploads\/2021\/06\/206819083_4478506032202321_5819783447544810652_n-1068x709.jpg 1068w, https:\/\/revistaepocadigital.com.ar\/wp-content\/uploads\/2021\/06\/206819083_4478506032202321_5819783447544810652_n-632x420.jpg 632w, https:\/\/revistaepocadigital.com.ar\/wp-content\/uploads\/2021\/06\/206819083_4478506032202321_5819783447544810652_n-1265x840.jpg 1265w\" sizes=\"auto, (max-width: 1280px) 100vw, 1280px\" \/><\/div>\n<div dir=\"auto\"><\/div>\n<div class=\"\" dir=\"auto\">\n<div id=\"jsc_c_46\" class=\"ecm0bbzt hv4rvrfc ihqw7lf3 dati1w0a\" data-ad-comet-preview=\"message\" data-ad-preview=\"message\">\n<div class=\"j83agx80 cbu4d94t ew0dbk1b irj2b8pg\">\n<div class=\"qzhwtbm6 knvmm38d\">\n<div class=\"o9v6fnle cxmmr5t8 oygrvhab hcukyx3x c1et5uql ii04i59q\">\n<div dir=\"auto\">La iniciativa tuvo como referente a Gustavo Aguilera, subsecretario de Asistencia Cr\u00edtica del ministerio de Desarrollo Social, particip\u00f3 de la actividad junto al intendente Diego Nanni.<\/div>\n<\/div>\n<div class=\"o9v6fnle cxmmr5t8 oygrvhab hcukyx3x c1et5uql ii04i59q\">\n<div dir=\"auto\">En Arroyo de la Cruz, Aguilera visit\u00f3 uno de los talleres de costura del Movimiento Evita, d\u00f3nde se confeccionan frazadas, camisolines y s\u00e1banas descartables, luego donadas al sistema de Salud local.<\/div>\n<div dir=\"auto\"><\/div>\n<\/div>\n<div class=\"o9v6fnle cxmmr5t8 oygrvhab hcukyx3x c1et5uql ii04i59q\">\n<div dir=\"auto\">\u201cAgradecemos el apoyo de Gustavo y de la Naci\u00f3n en esta movida solidaria\u201d, dijo el jefe comunal. \u201cCon bajas temperaturas, son momentos en que se requiere todo el esfuerzo posible por parte del Estado\u201d, cerr\u00f3 el intendente.<\/div>\n<\/div>\n<\/div>\n<\/div>\n<\/div>\n<\/div>\n<div id=\"jsc_c_47\" class=\"l9j0dhe7\">\n<div class=\"l9j0dhe7\">\n<div>\n<div>\n<div class=\"l9j0dhe7\">\n<div class=\"l9j0dhe7\">\n<div class=\"ni8dbmo4 stjgntxs pmk7jnqg\"><\/div>\n<\/div>\n<\/div>\n<\/div>\n<\/div>\n<\/div>\n<\/div>\n","protected":false},"excerpt":{"rendered":"<p>EL PROGRAMA PAS\u00d3 POR LOS CARDALES Y ARROYO DE LA CRUZ.<\/p>\n","protected":false},"author":3,"featured_media":11078,"comment_status":"open","ping_status":"open","sticky":false,"template":"","format":"standard","meta":{"footnotes":"","jetpack_publicize_message":"","jetpack_publicize_feature_enabled":true,"jetpack_social_post_already_shared":false,"jetpack_social_options":{"image_generator_settings":{"template":"highway","default_image_id":0,"font":"","enabled":false},"version":2}},"categories":[4],"tags":[1445],"class_list":["post-11076","post","type-post","status-publish","format-standard","has-post-thumbnail","hentry","category-aqui-los-cardales","tag-actividad"],"jetpack_publicize_connections":[],"jetpack_featured_media_url":"https:\/\/revistaepocadigital.com.ar\/wp-content\/uploads\/2021\/06\/208463820_4478506038868987_3826878997576925004_n-1.jpg","jetpack_likes_enabled":true,"_links":{"self":[{"href":"https:\/\/revistaepocadigital.com.ar\/index.php?rest_route=\/wp\/v2\/posts\/11076","targetHints":{"allow":["GET"]}}],"collection":[{"href":"https:\/\/revistaepocadigital.com.ar\/index.php?rest_route=\/wp\/v2\/posts"}],"about":[{"href":"https:\/\/revistaepocadigital.com.ar\/index.php?rest_route=\/wp\/v2\/types\/post"}],"author":[{"embeddable":true,"href":"https:\/\/revistaepocadigital.com.ar\/index.php?rest_route=\/wp\/v2\/users\/3"}],"replies":[{"embeddable":true,"href":"https:\/\/revistaepocadigital.com.ar\/index.php?rest_route=%2Fwp%2Fv2%2Fcomments&post=11076"}],"version-history":[{"count":0,"href":"https:\/\/revistaepocadigital.com.ar\/index.php?rest_route=\/wp\/v2\/posts\/11076\/revisions"}],"wp:featuredmedia":[{"embeddable":true,"href":"https:\/\/revistaepocadigital.com.ar\/index.php?rest_route=\/wp\/v2\/media\/11078"}],"wp:attachment":[{"href":"https:\/\/revistaepocadigital.com.ar\/index.php?rest_route=%2Fwp%2Fv2%2Fmedia&parent=11076"}],"wp:term":[{"taxonomy":"category","embeddable":true,"href":"https:\/\/revistaepocadigital.com.ar\/index.php?rest_route=%2Fwp%2Fv2%2Fcategories&post=11076"},{"taxonomy":"post_tag","embeddable":true,"href":"https:\/\/revistaepocadigital.com.ar\/index.php?rest_route=%2Fwp%2Fv2%2Ftags&post=11076"}],"curies":[{"name":"wp","href":"https:\/\/api.w.org\/{rel}","templated":true}]}}