{"id":11084,"date":"2021-06-26T00:22:51","date_gmt":"2021-06-26T03:22:51","guid":{"rendered":"https:\/\/revistaepocadigital.com.ar\/?p=11084"},"modified":"2021-06-26T00:22:51","modified_gmt":"2021-06-26T03:22:51","slug":"capacitacion-a-bomberos-sobre-como-actuar-ante-un-acv","status":"publish","type":"post","link":"https:\/\/revistaepocadigital.com.ar\/?p=11084","title":{"rendered":"Capacitaci\u00f3n a Bomberos sobre como actuar ante un ACV"},"content":{"rendered":"<div class=\"\" dir=\"auto\">\n<div id=\"jsc_c_5v\" class=\"ecm0bbzt hv4rvrfc ihqw7lf3 dati1w0a\" data-ad-comet-preview=\"message\" data-ad-preview=\"message\">\n<div class=\"j83agx80 cbu4d94t ew0dbk1b irj2b8pg\">\n<div class=\"qzhwtbm6 knvmm38d\">\n<div class=\"kvgmc6g5 cxmmr5t8 oygrvhab hcukyx3x c1et5uql ii04i59q\">\n<div dir=\"auto\"><strong>SE CONCRET\u00d3<\/strong>.<!--more--><\/div>\n<div dir=\"auto\"><\/div>\n<\/div>\n<div class=\"o9v6fnle cxmmr5t8 oygrvhab hcukyx3x c1et5uql ii04i59q\">\n<div dir=\"auto\">En el sal\u00f3n de los Bomberos Voluntarios de Capilla del Se\u00f1or, la capacitaci\u00f3n sobre \u201cidentificaci\u00f3n de s\u00edntomas y protocolos de acci\u00f3n en ACV agudo\u201d. Adem\u00e1s, un entrenamiento en RCP, encuentro formativo organizado por la Iniciativa Angels del Laboratorio Boehringer-Ingelheim.<\/div>\n<\/div>\n<\/div>\n<\/div>\n<div dir=\"auto\"><\/div>\n<\/div>\n<\/div>\n<div dir=\"auto\"><img loading=\"lazy\" decoding=\"async\" class=\"aligncenter size-large wp-image-11086\" src=\"https:\/\/revistaepocadigital.com.ar\/wp-content\/uploads\/2021\/06\/197735062_4477299538989637_7675112528186722721_n-1200x696.jpg\" alt=\"\" width=\"696\" height=\"404\" srcset=\"https:\/\/revistaepocadigital.com.ar\/wp-content\/uploads\/2021\/06\/197735062_4477299538989637_7675112528186722721_n-1200x696.jpg 1200w, https:\/\/revistaepocadigital.com.ar\/wp-content\/uploads\/2021\/06\/197735062_4477299538989637_7675112528186722721_n-300x174.jpg 300w, https:\/\/revistaepocadigital.com.ar\/wp-content\/uploads\/2021\/06\/197735062_4477299538989637_7675112528186722721_n-768x445.jpg 768w, https:\/\/revistaepocadigital.com.ar\/wp-content\/uploads\/2021\/06\/197735062_4477299538989637_7675112528186722721_n-696x403.jpg 696w, https:\/\/revistaepocadigital.com.ar\/wp-content\/uploads\/2021\/06\/197735062_4477299538989637_7675112528186722721_n-1068x619.jpg 1068w, https:\/\/revistaepocadigital.com.ar\/wp-content\/uploads\/2021\/06\/197735062_4477299538989637_7675112528186722721_n-725x420.jpg 725w, https:\/\/revistaepocadigital.com.ar\/wp-content\/uploads\/2021\/06\/197735062_4477299538989637_7675112528186722721_n.jpg 1280w\" sizes=\"auto, (max-width: 696px) 100vw, 696px\" \/><\/div>\n<div class=\"\" dir=\"auto\">\n<div id=\"jsc_c_5v\" class=\"ecm0bbzt hv4rvrfc ihqw7lf3 dati1w0a\" data-ad-comet-preview=\"message\" data-ad-preview=\"message\">\n<div class=\"j83agx80 cbu4d94t ew0dbk1b irj2b8pg\">\n<div class=\"qzhwtbm6 knvmm38d\">\n<div class=\"o9v6fnle cxmmr5t8 oygrvhab hcukyx3x c1et5uql ii04i59q\">\n<div dir=\"auto\">La actividad no apunt\u00f3 s\u00f3lo a los Bomberos de Exaltaci\u00f3n de la Cruz: Participaron agentes del CAV, personal policial y otros referentes de seguridad. Si bien un grupo particip\u00f3 de manera presencial, por protocolo la charla se complet\u00f3 por Zoom, con el resto de los invitados.<\/div>\n<div dir=\"auto\"><\/div>\n<\/div>\n<div class=\"o9v6fnle cxmmr5t8 oygrvhab hcukyx3x c1et5uql ii04i59q\">\n<div dir=\"auto\">En la apertura, el intendente agradeci\u00f3 el compromiso de los disertantes y destac\u00f3 el trabajo de todas las fuerzas que se comprometieron a esta capacitaci\u00f3n. \u201cFelicitaciones a los organizadores y gracias a todos los que se comprometieron a participar de esta capacitaci\u00f3n\u201d, dijo Diego Nanni sobre el inicio de la actividad.<\/div>\n<\/div>\n<\/div>\n<\/div>\n<\/div>\n<\/div>\n<div id=\"jsc_c_5w\" class=\"l9j0dhe7\">\n<div class=\"l9j0dhe7\">\n<div>\n<div>\n<div class=\"l9j0dhe7\">\n<div class=\"l9j0dhe7\">\n<div class=\"ni8dbmo4 stjgntxs pmk7jnqg\"><\/div>\n<\/div>\n<\/div>\n<\/div>\n<\/div>\n<\/div>\n<\/div>\n","protected":false},"excerpt":{"rendered":"<p>SE CONCRET\u00d3.<\/p>\n","protected":false},"author":3,"featured_media":11085,"comment_status":"open","ping_status":"open","sticky":false,"template":"","format":"standard","meta":{"footnotes":"","jetpack_publicize_message":"","jetpack_publicize_feature_enabled":true,"jetpack_social_post_already_shared":false,"jetpack_social_options":{"image_generator_settings":{"template":"highway","default_image_id":0,"font":"","enabled":false},"version":2}},"categories":[5],"tags":[365,37],"class_list":["post-11084","post","type-post","status-publish","format-standard","has-post-thumbnail","hentry","category-aqui-parada-robles","tag-bomberos","tag-destacada"],"jetpack_publicize_connections":[],"jetpack_featured_media_url":"https:\/\/revistaepocadigital.com.ar\/wp-content\/uploads\/2021\/06\/203581910_4477299532322971_252631592842289940_n.jpg","jetpack_likes_enabled":true,"_links":{"self":[{"href":"https:\/\/revistaepocadigital.com.ar\/index.php?rest_route=\/wp\/v2\/posts\/11084","targetHints":{"allow":["GET"]}}],"collection":[{"href":"https:\/\/revistaepocadigital.com.ar\/index.php?rest_route=\/wp\/v2\/posts"}],"about":[{"href":"https:\/\/revistaepocadigital.com.ar\/index.php?rest_route=\/wp\/v2\/types\/post"}],"author":[{"embeddable":true,"href":"https:\/\/revistaepocadigital.com.ar\/index.php?rest_route=\/wp\/v2\/users\/3"}],"replies":[{"embeddable":true,"href":"https:\/\/revistaepocadigital.com.ar\/index.php?rest_route=%2Fwp%2Fv2%2Fcomments&post=11084"}],"version-history":[{"count":0,"href":"https:\/\/revistaepocadigital.com.ar\/index.php?rest_route=\/wp\/v2\/posts\/11084\/revisions"}],"wp:featuredmedia":[{"embeddable":true,"href":"https:\/\/revistaepocadigital.com.ar\/index.php?rest_route=\/wp\/v2\/media\/11085"}],"wp:attachment":[{"href":"https:\/\/revistaepocadigital.com.ar\/index.php?rest_route=%2Fwp%2Fv2%2Fmedia&parent=11084"}],"wp:term":[{"taxonomy":"category","embeddable":true,"href":"https:\/\/revistaepocadigital.com.ar\/index.php?rest_route=%2Fwp%2Fv2%2Fcategories&post=11084"},{"taxonomy":"post_tag","embeddable":true,"href":"https:\/\/revistaepocadigital.com.ar\/index.php?rest_route=%2Fwp%2Fv2%2Ftags&post=11084"}],"curies":[{"name":"wp","href":"https:\/\/api.w.org\/{rel}","templated":true}]}}