{"id":11094,"date":"2021-06-27T23:26:09","date_gmt":"2021-06-28T02:26:09","guid":{"rendered":"https:\/\/revistaepocadigital.com.ar\/?p=11094"},"modified":"2021-06-27T23:26:09","modified_gmt":"2021-06-28T02:26:09","slug":"el-polideportivo-apoyar-al-deporte-clave","status":"publish","type":"post","link":"https:\/\/revistaepocadigital.com.ar\/?p=11094","title":{"rendered":"El Polideportivo. Apoyar al deporte, clave."},"content":{"rendered":"<p><strong>DEPORTES. CLAVE.<\/strong><!--more--><\/p>\n<p>La importancia, la influencia positiva sobre la sociedad ejercida por el rol de los deportes es innegable.<\/p>\n<p>De ah\u00ed que, desde todos los sectores que hacen a un pa\u00eds, trabajar, planificar, proyectar en pos de potenciar los deportes resulta de gran significado<\/p>\n<p>En Exaltaci\u00f3n de la Cruz, el capital humano que hemos visto en el plano deportivo, tantas veces se vio perjudicado, limitado por falta de medios, de infraestructura, de apoyo log\u00edstico, moral y econ\u00f3mico<\/p>\n<p>La construcci\u00f3n en curso del nuevo Polideportivo Municipal, es de esperar con su utilizaci\u00f3n bien enfocada, contribuya a potenciar los deportes exaltacruce\u00f1os. En la obra en estos d\u00edas se avanzaba en la construcci\u00f3n de los vestuarios y ba\u00f1os del futuro complejo. Dichos sectores, atender\u00e1n la demanda de todas las actividades deportivas que se desarrollen en el nuevo espacio.<\/p>\n<p><img loading=\"lazy\" decoding=\"async\" class=\"aligncenter size-large wp-image-11097\" src=\"https:\/\/revistaepocadigital.com.ar\/wp-content\/uploads\/2021\/06\/polidepor-1200x675.jpg\" alt=\"\" width=\"696\" height=\"392\" srcset=\"https:\/\/revistaepocadigital.com.ar\/wp-content\/uploads\/2021\/06\/polidepor-1200x675.jpg 1200w, https:\/\/revistaepocadigital.com.ar\/wp-content\/uploads\/2021\/06\/polidepor-300x169.jpg 300w, https:\/\/revistaepocadigital.com.ar\/wp-content\/uploads\/2021\/06\/polidepor-768x432.jpg 768w, https:\/\/revistaepocadigital.com.ar\/wp-content\/uploads\/2021\/06\/polidepor-696x392.jpg 696w, https:\/\/revistaepocadigital.com.ar\/wp-content\/uploads\/2021\/06\/polidepor-1068x601.jpg 1068w, https:\/\/revistaepocadigital.com.ar\/wp-content\/uploads\/2021\/06\/polidepor-747x420.jpg 747w, https:\/\/revistaepocadigital.com.ar\/wp-content\/uploads\/2021\/06\/polidepor.jpg 1280w\" sizes=\"auto, (max-width: 696px) 100vw, 696px\" \/><\/p>\n<p>Con el movimiento de suelo casi conclu\u00eddo, se ha dado comienzo a las obras complementarias del complejo. Estar\u00e1n dotadas de los servicios sanitarios necesarios para el desarrollo de actividades deportivas. Contar\u00e1 con ba\u00f1os adaptados y duchas con agua caliente.<\/p>\n<p>El proyecto del Polideportivo fue impulsado por la gesti\u00f3n municipal del intendente Nanni como parte de una necesidad de los atletas locales. Contar\u00e1 con un circuito de ciclismo de 550 metros, una cancha de futbol de medidas profesionales, y otro predio similar, con canchas de dimensiones m\u00e1s peque\u00f1as, entre otras disciplinas.<\/p>\n","protected":false},"excerpt":{"rendered":"<p>DEPORTES. CLAVE.<\/p>\n","protected":false},"author":3,"featured_media":11096,"comment_status":"open","ping_status":"open","sticky":false,"template":"","format":"standard","meta":{"footnotes":"","jetpack_publicize_message":"","jetpack_publicize_feature_enabled":true,"jetpack_social_post_already_shared":false,"jetpack_social_options":{"image_generator_settings":{"template":"highway","default_image_id":0,"font":"","enabled":false},"version":2}},"categories":[9],"tags":[1401],"class_list":["post-11094","post","type-post","status-publish","format-standard","has-post-thumbnail","hentry","category-deportes","tag-polideportivo"],"jetpack_publicize_connections":[],"jetpack_featured_media_url":"https:\/\/revistaepocadigital.com.ar\/wp-content\/uploads\/2021\/06\/polideport.jpg","jetpack_likes_enabled":true,"_links":{"self":[{"href":"https:\/\/revistaepocadigital.com.ar\/index.php?rest_route=\/wp\/v2\/posts\/11094","targetHints":{"allow":["GET"]}}],"collection":[{"href":"https:\/\/revistaepocadigital.com.ar\/index.php?rest_route=\/wp\/v2\/posts"}],"about":[{"href":"https:\/\/revistaepocadigital.com.ar\/index.php?rest_route=\/wp\/v2\/types\/post"}],"author":[{"embeddable":true,"href":"https:\/\/revistaepocadigital.com.ar\/index.php?rest_route=\/wp\/v2\/users\/3"}],"replies":[{"embeddable":true,"href":"https:\/\/revistaepocadigital.com.ar\/index.php?rest_route=%2Fwp%2Fv2%2Fcomments&post=11094"}],"version-history":[{"count":0,"href":"https:\/\/revistaepocadigital.com.ar\/index.php?rest_route=\/wp\/v2\/posts\/11094\/revisions"}],"wp:featuredmedia":[{"embeddable":true,"href":"https:\/\/revistaepocadigital.com.ar\/index.php?rest_route=\/wp\/v2\/media\/11096"}],"wp:attachment":[{"href":"https:\/\/revistaepocadigital.com.ar\/index.php?rest_route=%2Fwp%2Fv2%2Fmedia&parent=11094"}],"wp:term":[{"taxonomy":"category","embeddable":true,"href":"https:\/\/revistaepocadigital.com.ar\/index.php?rest_route=%2Fwp%2Fv2%2Fcategories&post=11094"},{"taxonomy":"post_tag","embeddable":true,"href":"https:\/\/revistaepocadigital.com.ar\/index.php?rest_route=%2Fwp%2Fv2%2Ftags&post=11094"}],"curies":[{"name":"wp","href":"https:\/\/api.w.org\/{rel}","templated":true}]}}