{"id":11106,"date":"2021-06-28T20:33:36","date_gmt":"2021-06-28T23:33:36","guid":{"rendered":"https:\/\/revistaepocadigital.com.ar\/?p=11106"},"modified":"2021-06-28T20:33:36","modified_gmt":"2021-06-28T23:33:36","slug":"cesar-barcia-de-todas-circustancias-malas-en-la-vida-se-sale-adelante-con-apoyo-y-amor","status":"publish","type":"post","link":"https:\/\/revistaepocadigital.com.ar\/?p=11106","title":{"rendered":"C\u00c9SAR BARCIA &#8220;De todas circustancias malas en la vida, se sale adelante con apoyo y amor&#8221;."},"content":{"rendered":"<p><strong>CAPILLENSE, EXIMIO PINTOR CON LA BOCA. EN 2002 SUFRI\u00d3 UN GRAVE ACCIDENTE. UN EJEMPLO DE TENACIDAD, CORAJE Y GANAS.<\/strong><!--more--><\/p>\n<p><strong>C\u00e9sar Barcia<\/strong> le dio un nuevo y saludable sentido a su vida, un ejemplo de voluntad, esfuerzo y ganas de vivir. El joven oriundo de Mendoza de 31 a\u00f1os, vive en Capilla del Se\u00f1or hace mucho. EPOCA convers\u00f3 con C\u00e9sar y en m\u00e1s de un testimonio, reflej\u00f3 sus convicciones, su impronta. <em>&#8220;Nac\u00ed en Santa Fe pero nunca viv\u00ed all\u00ed, hasta mis 16 a\u00f1os vivimos en San Rafael, Mendoza y luego de mi accidente en 2002, nos traslados a Buenos Aires para mi rehabilitaci\u00f3n. Vivo hace mas de 15 a\u00f1os en Capilla, y toda mi vida estuve vinculado con el pueblo, siempre pas\u00e1bamos todos los veranos e inviernos ac\u00e1 en la casa de mis abuelos y t\u00edos. La familia de mi mam\u00e1 <\/em>(Ver\u00f3nica Garri)<em> son todos de Capilla&#8221;<\/em>. En nuestro pueblo vive junto a su pareja hace m\u00e1s de 10 a\u00f1os, y desde ya, comparte y valora a su familia, su madre, hermano, sobrino, abuela, tambi\u00e9n vecinos capillenses&#8221;.<\/p>\n<figure id=\"attachment_11111\" aria-describedby=\"caption-attachment-11111\" style=\"width: 960px\" class=\"wp-caption aligncenter\"><img loading=\"lazy\" decoding=\"async\" class=\"size-full wp-image-11111\" src=\"https:\/\/revistaepocadigital.com.ar\/wp-content\/uploads\/2021\/06\/bar2.jpg\" alt=\"\" width=\"960\" height=\"1200\" srcset=\"https:\/\/revistaepocadigital.com.ar\/wp-content\/uploads\/2021\/06\/bar2.jpg 960w, https:\/\/revistaepocadigital.com.ar\/wp-content\/uploads\/2021\/06\/bar2-240x300.jpg 240w, https:\/\/revistaepocadigital.com.ar\/wp-content\/uploads\/2021\/06\/bar2-768x960.jpg 768w, https:\/\/revistaepocadigital.com.ar\/wp-content\/uploads\/2021\/06\/bar2-696x870.jpg 696w, https:\/\/revistaepocadigital.com.ar\/wp-content\/uploads\/2021\/06\/bar2-336x420.jpg 336w, https:\/\/revistaepocadigital.com.ar\/wp-content\/uploads\/2021\/06\/bar2-672x840.jpg 672w\" sizes=\"auto, (max-width: 960px) 100vw, 960px\" \/><figcaption id=\"caption-attachment-11111\" class=\"wp-caption-text\">En plena labor.<\/figcaption><\/figure>\n<p>En el 2002, en San Rafael, Mendoza, sucedi\u00f3 el accidente al salir con unos amigos en bicicleta, se le trab\u00f3 la rueda de adelante y sufri\u00f3 la seria ca\u00edda que le produjo una grave lesi\u00f3n que lejos estuvo de hacerle bajar los brazos. <em>&#8220;Hace 11 a\u00f1os empez\u00f3 mi carrera art\u00edstica. Pinto con la boca e integro la Asociaci\u00f3n Internacional de Pintores con la Boca y el Pie (APBP). El accidente que tuve me inclin\u00f3 a la pintura, me fractur\u00e9 la columna a la altura del cuello. En los primeros momentos, me impidi\u00f3 todos los movimientos del cuello para abajo, con el transcurrir del tiempo y mucha rehabilitaci\u00f3n, esfuerzo y la ayuda incondicional de mi entorno y de Dios, logr\u00e9 recuperar parcialmente la movilidad y fuerza en mis brazos, no as\u00ed en mis manos y resto del cuerpo. Pero lejos de que fuera el fin para m\u00ed, tuve la fortuna y oportunidad de conocer el arte y a la Asociaci\u00f3n internacional de Pintores Con La Boca y el Pie. De esa forma, me convert\u00ed en uno de los 16 artistas de la Argentina y uno de los m\u00e1s de 800 artistas de VDMFK que hay en el mundo&#8221;<\/em>, relata y conmueve.<\/p>\n<p>Con mucho entusiasmo, ganas y un notorio virtuosismo, el capillense trabaja en forma continua en sus pinturas y ha expuesto en reiteradas ocasiones. &#8220;<em>Pueden ingresar en www.apbp.com.ar y ver nuestros trabajos, y si les gustan adquirir los kits que cuentan con tarjetas de saludos, postales y almanaques con reproducciones de obras originales nuestras. Y de esa forma estar\u00edan colaborando con nosotros. Somos artistas becados por VDMFK, pintamos en nuestras casas o talleres y enviamos a la Asociaci\u00f3n las obras originales que realizamos, y si son seleccionadas aparecen reproducidas en los kits que se adquieren&#8221;.<\/em> Agradece C\u00e9sar a &#8220;VDMFK porque puedo pintar a diario, tomar cursos, adquirir materiales, en fin, seguir desarroll\u00e1ndome como artista. Tiempo atr\u00e1s. reflejo del valor y significado de su labor y ejemplo de superaci\u00f3n, fue entrevistado por el conocido Chiche Gelblung en Canal 26.<\/p>\n<p>Mir\u00e1 el video donde <strong>C\u00e9sar<\/strong> pintaba el Bar Las Cadenas de Capilla.<\/p>\n<p><iframe loading=\"lazy\" title=\"Bar Las cadenas - APBP\" width=\"696\" height=\"392\" src=\"https:\/\/www.youtube.com\/embed\/YylX5Bk69p0?feature=oembed\" frameborder=\"0\" allow=\"accelerometer; autoplay; clipboard-write; encrypted-media; gyroscope; picture-in-picture\" allowfullscreen><\/iframe><\/p>\n<p>&nbsp;<\/p>\n<p><strong>-Cont\u00e1 algo de tu trayectoria.<\/strong><br \/>\n<em>-Bueno, comenc\u00e9 pintando con acr\u00edlicos y \u00f3leos hasta que llegu\u00e9 a la acuarela, que es mi t\u00e9cnica preferida de expresi\u00f3n. Esta t\u00e9cnica me llev\u00f3 a ser parte de la Asociaci\u00f3n de Acuarelistas Argentinos, con la que he efectuado muchas exposiciones y participado en muestras maravillosas pintando en vivo o exponiendo por mi parte, los cuadros que he pintado. Vivo en Capilla del Se\u00f1or y estoy pintando hace tiempo una serie de obras relacionadas a nuestro pueblo, que espero alguna d\u00eda poder exponerlas todas juntas. Invito a todos a conocer m\u00e1s de las obras que realizo en mis redes sociales<\/em> (https:\/\/www.youtube.com\/watch?v=YylX5Bk69p0), y en facebook (https:\/\/www.instagram.com\/cesar.barcia\/) e instagram<br \/>\n(https:\/\/www.instagram.com\/cesar.barcia\/)<\/p>\n<p><img loading=\"lazy\" decoding=\"async\" class=\"aligncenter size-full wp-image-11113\" src=\"https:\/\/revistaepocadigital.com.ar\/wp-content\/uploads\/2021\/06\/bar4.jpg\" alt=\"\" width=\"648\" height=\"480\" srcset=\"https:\/\/revistaepocadigital.com.ar\/wp-content\/uploads\/2021\/06\/bar4.jpg 648w, https:\/\/revistaepocadigital.com.ar\/wp-content\/uploads\/2021\/06\/bar4-300x222.jpg 300w, https:\/\/revistaepocadigital.com.ar\/wp-content\/uploads\/2021\/06\/bar4-80x60.jpg 80w, https:\/\/revistaepocadigital.com.ar\/wp-content\/uploads\/2021\/06\/bar4-160x120.jpg 160w, https:\/\/revistaepocadigital.com.ar\/wp-content\/uploads\/2021\/06\/bar4-485x360.jpg 485w, https:\/\/revistaepocadigital.com.ar\/wp-content\/uploads\/2021\/06\/bar4-567x420.jpg 567w\" sizes=\"auto, (max-width: 648px) 100vw, 648px\" \/><\/p>\n<p>&nbsp;<\/p>\n<p><img loading=\"lazy\" decoding=\"async\" class=\"aligncenter size-full wp-image-11112\" src=\"https:\/\/revistaepocadigital.com.ar\/wp-content\/uploads\/2021\/06\/bar1.jpg\" alt=\"\" width=\"480\" height=\"600\" srcset=\"https:\/\/revistaepocadigital.com.ar\/wp-content\/uploads\/2021\/06\/bar1.jpg 480w, https:\/\/revistaepocadigital.com.ar\/wp-content\/uploads\/2021\/06\/bar1-240x300.jpg 240w, https:\/\/revistaepocadigital.com.ar\/wp-content\/uploads\/2021\/06\/bar1-336x420.jpg 336w\" sizes=\"auto, (max-width: 480px) 100vw, 480px\" \/><\/p>\n<p>&nbsp;<\/p>\n<figure id=\"attachment_11114\" aria-describedby=\"caption-attachment-11114\" style=\"width: 600px\" class=\"wp-caption aligncenter\"><img loading=\"lazy\" decoding=\"async\" class=\"size-full wp-image-11114\" src=\"https:\/\/revistaepocadigital.com.ar\/wp-content\/uploads\/2021\/06\/bar5.jpg\" alt=\"\" width=\"600\" height=\"434\" srcset=\"https:\/\/revistaepocadigital.com.ar\/wp-content\/uploads\/2021\/06\/bar5.jpg 600w, https:\/\/revistaepocadigital.com.ar\/wp-content\/uploads\/2021\/06\/bar5-300x217.jpg 300w, https:\/\/revistaepocadigital.com.ar\/wp-content\/uploads\/2021\/06\/bar5-324x235.jpg 324w, https:\/\/revistaepocadigital.com.ar\/wp-content\/uploads\/2021\/06\/bar5-581x420.jpg 581w\" sizes=\"auto, (max-width: 600px) 100vw, 600px\" \/><figcaption id=\"caption-attachment-11114\" class=\"wp-caption-text\">Algunas de las estupendas obras de Barcia. Dos con im\u00e1genes de Capilla, El Mirador y la cl\u00e1sica y a\u00f1eja casa en Sosa y Balcarce.<\/figcaption><\/figure>\n<p><strong>-\u00bfQue fue lo que m\u00e1s te impuls\u00f3 a volcarte a la pintura como coment\u00e1s?<\/strong><br \/>\n<em>-En primera instancia, creo que fue el desaf\u00edo de ver si pod\u00eda hacerlo, es decir, pintar con la boca. Y bueno, r\u00e1pidamente se convirti\u00f3 en una hermosa pasi\u00f3n.<\/em><\/p>\n<p><strong>-\u00bfEn que te inspir\u00e1s para pintar?<\/strong><br \/>\n<em>-Me gusta mucho el paisaje rural, urbano y las flores. Ahora bien, tambi\u00e9n pinto motivos navide\u00f1os alegres y coloridos que me gustan mucho y por otra parte, son utilizados por APBP en los kits de tarjetas, postales y almanaques.<\/em><\/p>\n<p><strong>-\u00bfQue mensajes le darias a tantas personas que se enfrentan a obst\u00e1culos como los atravesados por vos?<\/strong><br \/>\n<em>-Y mir\u00e1, lo que digo es que las cosas siempre mejoran, pero llevan tiempo y esfuerzo. No hay que desesperar ni autodestruirse con pensamientos negativos, es mejor apoyarse en nuestra gente y familia y no ser ego\u00edstas con ellos que tambi\u00e9n necesitan vernos bien. De todas circustancias malas se sale adelante con apoyo y amor<\/em>.<\/p>\n<p><strong>-\u00bfCuando finaliz\u00e1s una pintura, \u00bfque sensaciones te aparecen?<\/strong><br \/>\n<em>-Y, alegr\u00eda!, una satisfacci\u00f3n plenamente literal, me pone muy feliz.<\/em><\/p>\n<p><strong>C\u00e9sar Barcia,<\/strong> un reflejo cabal para salir adelante cuando el destino golpea duro.<\/p>\n<p>&nbsp;<\/p>\n","protected":false},"excerpt":{"rendered":"<p>CAPILLENSE, EXIMIO PINTOR CON LA BOCA. EN 2002 SUFRI\u00d3 UN GRAVE ACCIDENTE. UN EJEMPLO DE TENACIDAD, CORAJE Y GANAS.<\/p>\n","protected":false},"author":4,"featured_media":11110,"comment_status":"open","ping_status":"open","sticky":false,"template":"","format":"standard","meta":{"footnotes":"","jetpack_publicize_message":"","jetpack_publicize_feature_enabled":true,"jetpack_social_post_already_shared":false,"jetpack_social_options":{"image_generator_settings":{"template":"highway","default_image_id":0,"font":"","enabled":false},"version":2}},"categories":[13],"tags":[1448,1446,1447],"class_list":["post-11106","post","type-post","status-publish","format-standard","has-post-thumbnail","hentry","category-interes-general","tag-artista","tag-barcia","tag-pintor-con-la-boca"],"jetpack_publicize_connections":[],"jetpack_featured_media_url":"https:\/\/revistaepocadigital.com.ar\/wp-content\/uploads\/2021\/06\/bar00.jpg","jetpack_likes_enabled":true,"_links":{"self":[{"href":"https:\/\/revistaepocadigital.com.ar\/index.php?rest_route=\/wp\/v2\/posts\/11106","targetHints":{"allow":["GET"]}}],"collection":[{"href":"https:\/\/revistaepocadigital.com.ar\/index.php?rest_route=\/wp\/v2\/posts"}],"about":[{"href":"https:\/\/revistaepocadigital.com.ar\/index.php?rest_route=\/wp\/v2\/types\/post"}],"author":[{"embeddable":true,"href":"https:\/\/revistaepocadigital.com.ar\/index.php?rest_route=\/wp\/v2\/users\/4"}],"replies":[{"embeddable":true,"href":"https:\/\/revistaepocadigital.com.ar\/index.php?rest_route=%2Fwp%2Fv2%2Fcomments&post=11106"}],"version-history":[{"count":0,"href":"https:\/\/revistaepocadigital.com.ar\/index.php?rest_route=\/wp\/v2\/posts\/11106\/revisions"}],"wp:featuredmedia":[{"embeddable":true,"href":"https:\/\/revistaepocadigital.com.ar\/index.php?rest_route=\/wp\/v2\/media\/11110"}],"wp:attachment":[{"href":"https:\/\/revistaepocadigital.com.ar\/index.php?rest_route=%2Fwp%2Fv2%2Fmedia&parent=11106"}],"wp:term":[{"taxonomy":"category","embeddable":true,"href":"https:\/\/revistaepocadigital.com.ar\/index.php?rest_route=%2Fwp%2Fv2%2Fcategories&post=11106"},{"taxonomy":"post_tag","embeddable":true,"href":"https:\/\/revistaepocadigital.com.ar\/index.php?rest_route=%2Fwp%2Fv2%2Ftags&post=11106"}],"curies":[{"name":"wp","href":"https:\/\/api.w.org\/{rel}","templated":true}]}}