{"id":11130,"date":"2021-07-01T11:44:46","date_gmt":"2021-07-01T14:44:46","guid":{"rendered":"https:\/\/revistaepocadigital.com.ar\/?p=11130"},"modified":"2021-07-01T11:44:46","modified_gmt":"2021-07-01T14:44:46","slug":"en-los-bomberos-de-capilla-quieren-que-los-nuevos-vientos-soplen-fuerte","status":"publish","type":"post","link":"https:\/\/revistaepocadigital.com.ar\/?p=11130","title":{"rendered":"En los Bomberos de Capilla quieren que los nuevos vientos soplen fuerte"},"content":{"rendered":"<p><strong>UNA MUY ARDUA TAREA.<\/strong><!--more--><\/p>\n<p>Representa llevar adelante la<strong> Asociaci\u00f3n de Bomberos Voluntarios de Exaltaci\u00f3n de la Cruz,<\/strong> con su base central en Capilla del Se\u00f1or. Desde los directivos y el cuerpo de bomberos, deben desplegar en forma constante, dedicaci\u00f3n, esfuerzo y por sobretodo, pasi\u00f3n. Las comunidades saben el significado de ser bomberos voluntarios, poniendo sobre la mesa una entrega que vaya, tantas veces, prioriza problemas personales, familiares o los que transmite la tan complicada situaci\u00f3n en nuestro pa\u00eds. Directivos, bomberos, con aciertos y errores, despliegan una actitud que debe ser contemplada en nuestro caso, por los vecinos.<\/p>\n<p>EPOCA convers\u00f3 con el nuevo presidente de la Asociaci\u00f3n, <strong>Angel S\u00e1nchez<\/strong> quien asumi\u00f3 hace poco y con el Jefe del Cuerpo Activo <strong>Carlos Etcheverry.<\/strong> Una nueva etapa, iniciada en 2019, contin\u00faa avanzando en la instituci\u00f3n, m\u00e1s all\u00e1 de las complejidades y obst\u00e1culos. &#8220;La prioridad de la nueva comisi\u00f3n es avanzar con pasos s\u00f3lidos, y trabajando todos en conjunto con transparencia y objetivos definidos. En este sentido, notamos una muy buena predisposici\u00f3n por parte de todos los que integran la instituci\u00f3n, respecto a la nueva directiva por parte de todos y de los socios y vecinos, y eso es algo muy importante, Por nuestra parte desde la comisi\u00f3n, estamos para trabajar, informar y explicar todo lo que hagamos&#8221;, destaca S\u00e1nchez.<\/p>\n<figure id=\"attachment_11134\" aria-describedby=\"caption-attachment-11134\" style=\"width: 384px\" class=\"wp-caption aligncenter\"><img loading=\"lazy\" decoding=\"async\" class=\"size-full wp-image-11134\" src=\"https:\/\/revistaepocadigital.com.ar\/wp-content\/uploads\/2021\/07\/bom-sanetce.jpg\" alt=\"\" width=\"384\" height=\"288\" srcset=\"https:\/\/revistaepocadigital.com.ar\/wp-content\/uploads\/2021\/07\/bom-sanetce.jpg 384w, https:\/\/revistaepocadigital.com.ar\/wp-content\/uploads\/2021\/07\/bom-sanetce-300x225.jpg 300w, https:\/\/revistaepocadigital.com.ar\/wp-content\/uploads\/2021\/07\/bom-sanetce-80x60.jpg 80w, https:\/\/revistaepocadigital.com.ar\/wp-content\/uploads\/2021\/07\/bom-sanetce-160x120.jpg 160w, https:\/\/revistaepocadigital.com.ar\/wp-content\/uploads\/2021\/07\/bom-sanetce-265x198.jpg 265w\" sizes=\"auto, (max-width: 384px) 100vw, 384px\" \/><figcaption id=\"caption-attachment-11134\" class=\"wp-caption-text\">El presidente de la Asociaci\u00f3n y el jefe del cuerpo activo.<\/figcaption><\/figure>\n<p>Como es notorio en la sociedad argentina, y Exaltaci\u00f3n de la Cruz obvio, no es la excepci\u00f3n, desde hace demasiado, los tiempos que corren no son nada sencillos, &#8220;desde ya -acota S\u00e1nchez-, sin embargo y pese a todo hemos estado concretando obras muy imporantes en \u00faltimos tiempos, edilicias, en equipamiento de unidades y del personal, entre lo que hay que destacar, equipos aut\u00f3nomos para los bomberos de primer nivel que incluyen mochilas con tubos de oxigeno, a modo que se trabaje de la mejor forma, con las comodidades necesarias y cumpliendo con todas las normas, pensando siempre en dar lo mejor para nuestra gente de la que desde ya, formamos parte en el distrito&#8221;.<\/p>\n<p>&#8220;As\u00ed es, hemos invertido en equipamiento para la flota de unidades y en el personal, en la actualidad la instituci\u00f3n cuenta con unos 70 bomberos, a los que una vez que completen el curso exigido y aprueben el examen, se van a sumar varios aspirantes entre los que, vale la pena marcarlo, se encuentran 5 mujeres&#8221;, detalla Etcheverry el Jefe de los bomberos. A la din\u00e1mica que implica el funcionamiento, gesti\u00f3n y administraci\u00f3n de los Bomberos, la entidad capillense tambi\u00e9n tiene injerencia directa en el destacamento de los Bomberos de Parada Robles, cuerpo que comenz\u00f3 a funciona desde hace unos pocos a\u00f1os. &#8220;Parada Robles depende de Capilla, en cuanto a decisiones, personal, equipos, el tema econ\u00f3mico; son unos 25 bomberos y hay aspirantes, mujeres entre ellos. En el accionar de Parada Robles, en todos los aspectos, debe contar con las autoriacion es de la Central Capilla&#8221;, apunta Etcheverry.<\/p>\n<p>Una cuesti\u00f3n central en el funcionamiento de los Bomberos de Exaltaci\u00f3n de la Cruz, se vincula al financimiento de la entidad, &#8220;en 2020 recibimos un subsidio el gobierno nacional y provincial de 1.800.000 pesos; adem\u00e1s el aporte anual de la municipalidad de 4.000.000 de pesos producto del aporte de los vecinos abonado en las cuotas de tasas municipales y por otra parte, el apoyo de la cooperativa Cepral, que viene desde los tiempos del siempre recordado Marciano Robles como presidente, y que representan 25 pesos que los usuarios de servicios de Cepral abonan en sus facturas&#8221;, explica Angel S\u00e1nchez a EPOCA.<\/p>\n<figure id=\"attachment_11135\" aria-describedby=\"caption-attachment-11135\" style=\"width: 640px\" class=\"wp-caption aligncenter\"><img loading=\"lazy\" decoding=\"async\" class=\"size-full wp-image-11135\" src=\"https:\/\/revistaepocadigital.com.ar\/wp-content\/uploads\/2021\/07\/bom-vestuar.jpg\" alt=\"\" width=\"640\" height=\"480\" srcset=\"https:\/\/revistaepocadigital.com.ar\/wp-content\/uploads\/2021\/07\/bom-vestuar.jpg 640w, https:\/\/revistaepocadigital.com.ar\/wp-content\/uploads\/2021\/07\/bom-vestuar-300x225.jpg 300w, https:\/\/revistaepocadigital.com.ar\/wp-content\/uploads\/2021\/07\/bom-vestuar-80x60.jpg 80w, https:\/\/revistaepocadigital.com.ar\/wp-content\/uploads\/2021\/07\/bom-vestuar-160x120.jpg 160w, https:\/\/revistaepocadigital.com.ar\/wp-content\/uploads\/2021\/07\/bom-vestuar-265x198.jpg 265w, https:\/\/revistaepocadigital.com.ar\/wp-content\/uploads\/2021\/07\/bom-vestuar-560x420.jpg 560w\" sizes=\"auto, (max-width: 640px) 100vw, 640px\" \/><figcaption id=\"caption-attachment-11135\" class=\"wp-caption-text\">Una vista parcial de los nuevos vestuarios, hay para mujeres y hombres.<\/figcaption><\/figure>\n<p>&#8220;Los costos de equipos, materiales, ropa, son muy importantes, por ejemplo, la ropa especial completa para cada bombero ronda los 1500-2000 d\u00f3lares&#8221;, grafica Etcheverry. El mismo Jefe se interesa en especial en explicar la preparaci\u00f3n previa que deben cumplir aquellos que vayan a ser bomberos, as\u00ed como los actuales con sus cursos de actualizaciones, &#8220;antes nuestros bomberos, hac\u00edan un curso de pocos d\u00edas, y enseguida quedaban autorizados a subirse a los m\u00f3viles para salir a la calle, a las rutas, ante cualquier siniestro o emergencia, y fue un riesgo alto. Todo eso cambi\u00f3 mucho; desde tiempo atr\u00e1s los que aspiran a ser bomberos, deben realizar cursos de 6 meses de duraci\u00f3n, y despu\u00e9s de terminarlos, rinden ex\u00e1menes que son evaluados por la Federaci\u00f3n de Bomberos de la provincia de Buenos Aires y que luego pasan a Defensa Civiil. Y reci\u00e9n si son aprobaods reci\u00e9n pueden comenzar a cumplir funciones como nuevos bomberos. Tambi\u00e9n hay cursos para actualizacion de bomberos con experiencia. Las capacitaciones se se ajusta a lo que dicen los reglamentos ni m\u00e1s ni menos, se hace lo que debe hacerse como est\u00e1 estipulado. Para que un bombero salga a trabajar a la calle, deben completarse y aprobarse los cursos de 6 meses. \u00bfDonde los hacen?, en el Centro Adiestramiento que hay en la ciudad de Gar\u00edn, donde a su vez est\u00e1 el repsentasne de &#8220;911&#8221;, organismo internacional, con el que por otro lado hicimos un acuerdo de colaboraci\u00f3n que nos pemiti\u00f3 sumar nada menos que 65 euipos aut\u00f3nomos para los bomberos de Capilla y Robles&#8221;.<\/p>\n<p>&#8220;Con la meta de continuar creciendo en lo que hace al equipamiento de nuestra instituci\u00f3n, tambi\u00e9n concretamos un acuerdo de colaboraci\u00f3n mutua con los bomberos de San Antonio de Areco y Tigre; cada entidad debimos aportar 2000 d\u00f3lares y de esa forma, compramos en el exterior, un container con equipos, mangueras, herramientas, indumentaria como botas, ropa, entre otros elementos de primera calidad para nuestras entidades&#8221;, apunta S\u00e1nchez.<\/p>\n<p>El presidente de los Bomberos de Capilla hace hincapie en los socios, &#8220;vamos a inicicar una campa\u00f1a de suscripci\u00f3n de nuevos socios; sin dudas son muy importantes y apuntamos a que se sumen m\u00e1s y que sepan fundamentalmente, que los tratamos con seriedad, respeto, valorando el esfuerzo que hacen y, como dije, ofreciendo la transparencia clave en todo lo que hacemos&#8221;. &#8220;Se sabe -agrega S\u00e1nchez- que es grave sin dudas el problema social que vivimos, y repercute en todo. Por nuestra parte desde la Asociaci\u00f3n debemos hacer grandes esfuerzos para cumplir con todos nuestos objetivos y obligaciones; basta con pensar los costos que afrontamos en todos los sentidos. Vaya como un ejemplo, cada salida de una unidad para asistir a un siniestro para el que haya que hacer kil\u00f3metros, estimamos que el costo es de unos 30 mil pesos, en este sentido, hay que pensar que nom\u00e1s el costo de una cubierta de los autobombas, ronda los 100 mil pesos y suelen romperse cuando hay que entrar en campos o caminos dificiles, sin olvidar el precio de 100 pesos el litro de gasoil&#8221;<\/p>\n<p>Insiste despu\u00e9s el titular de la Asociaci\u00f3n, &#8220;la prioridad que tenemos es ordenar la administraci\u00f3n, hay a\u00fan cuestiones administrativas importantes sin resolver, como el tema de contar con todas las cuentas ordenadas para poder continuar recibiendo el subsidio. Y como digo, priorizando la transparencia, y cuidar los numereos, las cuentas. Algo fundamental para que los socios, los vecinos y la gente en general, sepa como se trabajaba ahora en la instituci\u00f3n. La gente con raz\u00f3n exige saber en que se invierte, el destino del dinero que aporta como apoyo a los bomberos. Queremos invitar a los vecinos que deseen, a que participen de las reuniones de comisi\u00f3n directiva, como una manera de ver como hacemos las cosas, y el destino que se le da al dinero que ingresa. Financieramente estamos al d\u00eda con mucho esfuerzo que demanda, hay muchas cosas por llevar adelante&#8221;.<\/p>\n<p>&nbsp;<\/p>\n<p><img loading=\"lazy\" decoding=\"async\" class=\"aligncenter size-large wp-image-11138\" src=\"https:\/\/revistaepocadigital.com.ar\/wp-content\/uploads\/2021\/07\/bo-rotated.jpg\" alt=\"\" width=\"288\" height=\"384\" srcset=\"https:\/\/revistaepocadigital.com.ar\/wp-content\/uploads\/2021\/07\/bo-rotated.jpg 288w, https:\/\/revistaepocadigital.com.ar\/wp-content\/uploads\/2021\/07\/bo-225x300.jpg 225w\" sizes=\"auto, (max-width: 288px) 100vw, 288px\" \/><\/p>\n<h6><em>Etcheverry muestra parte del completo equipamiento de uno de los m\u00f3viles.<\/em><\/h6>\n<p>&nbsp;<\/p>\n<p>En lo que respecta a obras en el Cuartel Central en Capilla, informa S\u00e1nchez, &#8220;en 2019 cuando asumi\u00f3 la comisi\u00f3n que \u00edntegramos presidida por Emilia Velazquez, pudimos comprobar el muy serio desmejoramiento de las instalciones, el piso del nuevo galp\u00f3n, los vestuarios, corr\u00edan un riesgo muy grave de desmoronarse. Eso nos llev\u00f3 a invertir 4 millones de pesos para hacer el piso de concreto; fue una obra muy importante, demand\u00f3 que fueran necesario 38 equipos con cami\u00f3n y acoplado con tosca para rellenar el piso de tierra. Fue as\u00ed,. que lo hicimos de cemento y en cuanto a los vestuarios, todos completamente nuevos incluso con losa radiante en los pisos y divididos para mujeres y hombres, con duchas; los trabajos est\u00e1n terminados, faltan detalles como la colocaci\u00f3n de sanitarios que, hay que destacar, fueron donados por la empresa Campari. &#8220;La demolici\u00f3n de los antiguos vestuarios y otros trabajos, le costaba a Bomberos 400 mil pesos, entonces para ahorrar plata, decidimos hacerla nosotros mismos, entre personal, directivos y unos vecinos. A su vez, compramos el port\u00f3n con tres hojas para el nuevo galp\u00f3n donde se estacionan las unidades y vamos a reparar y cambiar de lugar la sirena, coloc\u00e1ndola en el terreno continuo propiedad de la instituci\u00f3n&#8221;, agrega Etcheverry.<\/p>\n<p>Los Bomberos de Exaltaci\u00f3n de la Cruz. Pretenden que cursen nuevos vientos.<\/p>\n","protected":false},"excerpt":{"rendered":"<p>UNA MUY ARDUA TAREA.<\/p>\n","protected":false},"author":4,"featured_media":11133,"comment_status":"open","ping_status":"open","sticky":false,"template":"","format":"standard","meta":{"footnotes":"","jetpack_publicize_message":"","jetpack_publicize_feature_enabled":true,"jetpack_social_post_already_shared":false,"jetpack_social_options":{"image_generator_settings":{"template":"highway","default_image_id":0,"font":"","enabled":false},"version":2}},"categories":[11,13],"tags":[365,1135],"class_list":["post-11130","post","type-post","status-publish","format-standard","has-post-thumbnail","hentry","category-entidades","category-interes-general","tag-bomberos","tag-capilla"],"jetpack_publicize_connections":[],"jetpack_featured_media_url":"https:\/\/revistaepocadigital.com.ar\/wp-content\/uploads\/2021\/07\/bom-san-etche.jpg","jetpack_likes_enabled":true,"_links":{"self":[{"href":"https:\/\/revistaepocadigital.com.ar\/index.php?rest_route=\/wp\/v2\/posts\/11130","targetHints":{"allow":["GET"]}}],"collection":[{"href":"https:\/\/revistaepocadigital.com.ar\/index.php?rest_route=\/wp\/v2\/posts"}],"about":[{"href":"https:\/\/revistaepocadigital.com.ar\/index.php?rest_route=\/wp\/v2\/types\/post"}],"author":[{"embeddable":true,"href":"https:\/\/revistaepocadigital.com.ar\/index.php?rest_route=\/wp\/v2\/users\/4"}],"replies":[{"embeddable":true,"href":"https:\/\/revistaepocadigital.com.ar\/index.php?rest_route=%2Fwp%2Fv2%2Fcomments&post=11130"}],"version-history":[{"count":0,"href":"https:\/\/revistaepocadigital.com.ar\/index.php?rest_route=\/wp\/v2\/posts\/11130\/revisions"}],"wp:featuredmedia":[{"embeddable":true,"href":"https:\/\/revistaepocadigital.com.ar\/index.php?rest_route=\/wp\/v2\/media\/11133"}],"wp:attachment":[{"href":"https:\/\/revistaepocadigital.com.ar\/index.php?rest_route=%2Fwp%2Fv2%2Fmedia&parent=11130"}],"wp:term":[{"taxonomy":"category","embeddable":true,"href":"https:\/\/revistaepocadigital.com.ar\/index.php?rest_route=%2Fwp%2Fv2%2Fcategories&post=11130"},{"taxonomy":"post_tag","embeddable":true,"href":"https:\/\/revistaepocadigital.com.ar\/index.php?rest_route=%2Fwp%2Fv2%2Ftags&post=11130"}],"curies":[{"name":"wp","href":"https:\/\/api.w.org\/{rel}","templated":true}]}}