{"id":11189,"date":"2021-07-05T23:06:16","date_gmt":"2021-07-06T02:06:16","guid":{"rendered":"https:\/\/revistaepocadigital.com.ar\/?p=11189"},"modified":"2021-07-08T02:21:18","modified_gmt":"2021-07-08T05:21:18","slug":"podes-imaginar-tu-futuro","status":"publish","type":"post","link":"https:\/\/revistaepocadigital.com.ar\/?p=11189","title":{"rendered":"POD\u00c9S IMAGINAR TU FUTURO"},"content":{"rendered":"<div class=\"\" dir=\"auto\">\n<div id=\"jsc_c_cee\" class=\"ecm0bbzt hv4rvrfc ihqw7lf3 dati1w0a\" data-ad-comet-preview=\"message\" data-ad-preview=\"message\">\n<div class=\"j83agx80 cbu4d94t ew0dbk1b irj2b8pg\">\n<div class=\"qzhwtbm6 knvmm38d\">\n<div class=\"kvgmc6g5 cxmmr5t8 oygrvhab hcukyx3x c1et5uql ii04i59q\">\n<div dir=\"auto\"><strong>ACCIONES Y TALLERES.<!--more--><\/strong><\/div>\n<div dir=\"auto\"><\/div>\n<div dir=\"auto\">Imagina tu Futuro. Se denominan las distintas acciones y talleres organizados por la Secretar\u00eda de Pol\u00edticas Educativas del municipio, orientados a los j\u00f3venes del distrito que est\u00e1n finalizando el colegio secundario, y comienzan a transitar sus primeras experiencias en el mundo del trabajo.<\/div>\n<div dir=\"auto\"><span class=\"pq6dq46d tbxw36s4 knj5qynh kvgmc6g5 ditlmg2l oygrvhab nvdbi5me sf5mxxl7 gl3lb2sf hhz5lgdu\"><img loading=\"lazy\" decoding=\"async\" src=\"https:\/\/static.xx.fbcdn.net\/images\/emoji.php\/v9\/t71\/1.5\/16\/25fd.png\" alt=\"\u25fd\" width=\"16\" height=\"16\" \/><\/span>En conjunto con el Programa Municipal de Prevenci\u00f3n y Tratamiento de las Adicciones, se lleva adelante el Programa Imagin\u00e1 tu Futuro, que desde el a\u00f1o pasado desarrolla entre acciones, talleres gratuitos de orientaci\u00f3n vocacional.\u00a0<span class=\"pq6dq46d tbxw36s4 knj5qynh kvgmc6g5 ditlmg2l oygrvhab nvdbi5me sf5mxxl7 gl3lb2sf hhz5lgdu\"><img loading=\"lazy\" decoding=\"async\" src=\"https:\/\/static.xx.fbcdn.net\/images\/emoji.php\/v9\/t71\/1.5\/16\/25fd.png\" alt=\"\u25fd\" width=\"16\" height=\"16\" \/><\/span>Por otro lado, se llevan adelante talleres destinados a brindar herramientas muy utilizadas en forma habitual mediante las computadora, para avanzar en la inserci\u00f3n en el mundo del trabajo: Confecci\u00f3n de Curriculum Vitae (CV), Perfil laboral, Actitud en el trabajo, entre otros.<\/div>\n<div dir=\"auto\">A su vez, se encuentra abierta la inscripci\u00f3n para un nuevo taller de Alfabetizaci\u00f3n Digital. Link para el formulario de preinscripci\u00f3n: <a class=\"oajrlxb2 g5ia77u1 qu0x051f esr5mh6w e9989ue4 r7d6kgcz rq0escxv nhd2j8a9 nc684nl6 p7hjln8o kvgmc6g5 cxmmr5t8 oygrvhab hcukyx3x jb3vyjys rz4wbd8a qt6c0cv9 a8nywdso i1ao9s8h esuyzwwr f1sip0of lzcic4wl py34i1dx gpro0wi8\" tabindex=\"0\" role=\"link\" href=\"https:\/\/l.facebook.com\/l.php?u=https%3A%2F%2Fdocs.google.com%2F...%2F1FAIpQLSf...%2Fviewform%3Ffbclid%3DIwAR2Os91JNr89TJ-XsYnlmc2TZuMK6bb_l08BASNfwqFBX-BqSdOmnZzdNCw&amp;h=AT1cT8It_OaeETe3QTb8mA4o59ybnABLuBCx6IpRdDfEW1VoMejF8BhHmrs3elCIpfihNnQPjOetCCelF3SScy7_gK3dG4K9psz6O9PT0DeIGgCdY8TbgDKxhg42PUl9&amp;__tn__=-UK-R&amp;c[0]=AT1MyLEvKZufk9eW7w4mIzNl56bNYbuI-B1MzbkMZDZQjmtx_1jr3ygQujWT8aSjqd2z_Vgo2VH50emw6TfdEMkqKtMDDPeYISDQr4lNsOnJ_mdXgzdyNSYNVBcVkT-6BYQHG_PjmmxBM3DS7unRCneXTvUZWu94kCH7wyHrm3n1ebw\" target=\"_blank\" rel=\"nofollow noopener\">https:\/\/docs.google.com\/&#8230;\/1FAIpQLSf&#8230;\/viewform<\/a>&#8230;<\/div>\n<div dir=\"auto\"><\/div>\n<div dir=\"auto\">+ Info sobre Orientaci\u00f3n Vocacional: imaginatufuturoexaltacion@gmail.com<\/div>\n<div dir=\"auto\"><\/div>\n<div dir=\"auto\"><span class=\"pq6dq46d tbxw36s4 knj5qynh kvgmc6g5 ditlmg2l oygrvhab nvdbi5me sf5mxxl7 gl3lb2sf hhz5lgdu\">&#8220;<\/span>Acompa\u00f1ar a los j\u00f3venes en esta etapa es nuestra tarea fundamental&#8221;, sostienen desde la Secretar\u00eda de Pol\u00edticas Educativas.<\/div>\n<\/div>\n<div dir=\"auto\"><\/div>\n<div class=\"\">\n<div class=\"lzcic4wl\" role=\"article\" aria-posinset=\"5\" aria-describedby=\"jsc_c_ceu jsc_c_cev jsc_c_cew jsc_c_cey jsc_c_cex\" aria-labelledby=\"jsc_c_cet\">\n<div class=\"j83agx80 cbu4d94t\">\n<div class=\"rq0escxv l9j0dhe7 du4w35lb\">\n<div class=\"j83agx80 l9j0dhe7 k4urcfbm\">\n<div class=\"rq0escxv l9j0dhe7 du4w35lb hybvsw6c io0zqebd m5lcvass fbipl8qg nwvqtn77 k4urcfbm ni8dbmo4 stjgntxs sbcfpzgs\">\n<div class=\"pybr56ya dati1w0a hv4rvrfc n851cfcs btwxx1t3 j83agx80 ll8tlv6m\">\n<div class=\"oi9244e8 do00u71z j83agx80\">\n<div class=\"q676j6op qypqp5cg\"><img loading=\"lazy\" decoding=\"async\" class=\"aligncenter size-full wp-image-11192\" src=\"https:\/\/revistaepocadigital.com.ar\/wp-content\/uploads\/2021\/07\/202651111_4505167189536205_4828614544871154389_n-1.jpg\" alt=\"\" width=\"960\" height=\"960\" srcset=\"https:\/\/revistaepocadigital.com.ar\/wp-content\/uploads\/2021\/07\/202651111_4505167189536205_4828614544871154389_n-1.jpg 960w, https:\/\/revistaepocadigital.com.ar\/wp-content\/uploads\/2021\/07\/202651111_4505167189536205_4828614544871154389_n-1-300x300.jpg 300w, https:\/\/revistaepocadigital.com.ar\/wp-content\/uploads\/2021\/07\/202651111_4505167189536205_4828614544871154389_n-1-150x150.jpg 150w, https:\/\/revistaepocadigital.com.ar\/wp-content\/uploads\/2021\/07\/202651111_4505167189536205_4828614544871154389_n-1-768x768.jpg 768w, https:\/\/revistaepocadigital.com.ar\/wp-content\/uploads\/2021\/07\/202651111_4505167189536205_4828614544871154389_n-1-696x696.jpg 696w, https:\/\/revistaepocadigital.com.ar\/wp-content\/uploads\/2021\/07\/202651111_4505167189536205_4828614544871154389_n-1-420x420.jpg 420w, https:\/\/revistaepocadigital.com.ar\/wp-content\/uploads\/2021\/07\/202651111_4505167189536205_4828614544871154389_n-1-840x840.jpg 840w\" sizes=\"auto, (max-width: 960px) 100vw, 960px\" \/><\/div>\n<\/div>\n<\/div>\n<\/div>\n<\/div>\n<\/div>\n<\/div>\n<\/div>\n<\/div>\n<\/div>\n<\/div>\n<\/div>\n<\/div>\n","protected":false},"excerpt":{"rendered":"<p>ACCIONES Y TALLERES.<\/p>\n","protected":false},"author":3,"featured_media":11196,"comment_status":"open","ping_status":"open","sticky":false,"template":"","format":"standard","meta":{"footnotes":"","jetpack_publicize_message":"","jetpack_publicize_feature_enabled":true,"jetpack_social_post_already_shared":false,"jetpack_social_options":{"image_generator_settings":{"template":"highway","default_image_id":0,"font":"","enabled":false},"version":2}},"categories":[5,16],"tags":[37,1454,1455],"class_list":["post-11189","post","type-post","status-publish","format-standard","has-post-thumbnail","hentry","category-aqui-parada-robles","category-municipales","tag-destacada","tag-secretaria-politicas-educativas","tag-talleres"],"jetpack_publicize_connections":[],"jetpack_featured_media_url":"https:\/\/revistaepocadigital.com.ar\/wp-content\/uploads\/2021\/07\/204769644_4505167192869538_6120477289642481297_n-1.jpg","jetpack_likes_enabled":true,"_links":{"self":[{"href":"https:\/\/revistaepocadigital.com.ar\/index.php?rest_route=\/wp\/v2\/posts\/11189","targetHints":{"allow":["GET"]}}],"collection":[{"href":"https:\/\/revistaepocadigital.com.ar\/index.php?rest_route=\/wp\/v2\/posts"}],"about":[{"href":"https:\/\/revistaepocadigital.com.ar\/index.php?rest_route=\/wp\/v2\/types\/post"}],"author":[{"embeddable":true,"href":"https:\/\/revistaepocadigital.com.ar\/index.php?rest_route=\/wp\/v2\/users\/3"}],"replies":[{"embeddable":true,"href":"https:\/\/revistaepocadigital.com.ar\/index.php?rest_route=%2Fwp%2Fv2%2Fcomments&post=11189"}],"version-history":[{"count":0,"href":"https:\/\/revistaepocadigital.com.ar\/index.php?rest_route=\/wp\/v2\/posts\/11189\/revisions"}],"wp:featuredmedia":[{"embeddable":true,"href":"https:\/\/revistaepocadigital.com.ar\/index.php?rest_route=\/wp\/v2\/media\/11196"}],"wp:attachment":[{"href":"https:\/\/revistaepocadigital.com.ar\/index.php?rest_route=%2Fwp%2Fv2%2Fmedia&parent=11189"}],"wp:term":[{"taxonomy":"category","embeddable":true,"href":"https:\/\/revistaepocadigital.com.ar\/index.php?rest_route=%2Fwp%2Fv2%2Fcategories&post=11189"},{"taxonomy":"post_tag","embeddable":true,"href":"https:\/\/revistaepocadigital.com.ar\/index.php?rest_route=%2Fwp%2Fv2%2Ftags&post=11189"}],"curies":[{"name":"wp","href":"https:\/\/api.w.org\/{rel}","templated":true}]}}