{"id":11209,"date":"2021-07-06T01:32:33","date_gmt":"2021-07-06T04:32:33","guid":{"rendered":"https:\/\/revistaepocadigital.com.ar\/?p=11209"},"modified":"2021-07-06T01:32:33","modified_gmt":"2021-07-06T04:32:33","slug":"la-ucr-de-exaltacion-de-la-cruz-se-prepara-para-competir","status":"publish","type":"post","link":"https:\/\/revistaepocadigital.com.ar\/?p=11209","title":{"rendered":"LA UCR DE EXALTACI\u00d3N DE LA CRUZ SE PREPARA PARA COMPETIR"},"content":{"rendered":"<p><strong>JOS\u00c9 MAR\u00cdA SHMIDT, EL VICEPRESIDENTE DEL COMIT\u00c9 LOCAL. <\/strong><!--more--><\/p>\n<p>La campa\u00f1a electoral con el primer escal\u00f3n de las PASO en septiembre se acelera. En el pa\u00eds y claro, en Exaltaci\u00f3n de la Cruz. En la<strong> Uni\u00f3n C\u00edvica Radical,<\/strong> luego de las internas, con la c\u00fapula directiva desempe\u00f1\u00e1ndose, trazan planes, analizan estrategias y mantienen contactos pol\u00edticos. Con EPOCA conversa<strong> Jos\u00e9 Mar\u00eda Shmidt<\/strong>, vicepresidente del comit\u00e9 local.<\/p>\n<p>&#8220;<em>Concretada la Convencion Provincial Radical, hecho ocurrido el s\u00e1bado 3 de julio, y lanzado como candidato a las PASO en la provincia de Buenos Aires, el neurocient\u00edfico Facundo Manes, la Uni\u00f3n C\u00edvica Radical de Exaltaci\u00f3n de la Cruz, se encuentra abocada al armado pol\u00edtico de cara a las PASO del pr\u00f3ximo 12 de septiembre. Se ha conversado con varias fuerzas pol\u00edticas locales, encontr\u00e1ndose en el pormenorizado an\u00e1lisis de la estrategia electoral para ser presentada a la sociedad del nuestro distrito&#8221;,<\/em> rese\u00f1a Shmidt ante la pregunta de EPOCA.<\/p>\n<p><strong>-Por estos d\u00edas, crecen las conversaciones, especulaciones, la campa\u00f1a electoral toma forma. El radicalismo local, \u00bfcual es su postura?<\/strong><br \/>\n&#8211;<em>La de analizar mucho y trabajar con todo. Lo que debe quedar muy en claro, es que a Juntos por el Cambio est\u00e1 integrado por tres fuerzas pol\u00edticas: el PRO, la UCR y el Ari\/CC, en avanzamos en sumar vecinos para que sea ampliatoria la propuesta. Resulta importante adem\u00e1s, se\u00f1alar que la UCR no se va, ni se quiere separar del JxC; y quiere participar en las PASO. Este frente electoral a defendido la realizaci\u00f3n de las PASO. Sin embargo, ahora que una de sus fuerza propone presentarse con una muy buena propuesta electoral, sumado a la unidad del centenario partido, salen a decir que se quiera separar; la democracia que nos ofrece las PASO, la UCR la practica<\/em>.<\/p>\n<figure id=\"attachment_11205\" aria-describedby=\"caption-attachment-11205\" style=\"width: 554px\" class=\"wp-caption aligncenter\"><img loading=\"lazy\" decoding=\"async\" class=\"size-full wp-image-11205\" src=\"https:\/\/revistaepocadigital.com.ar\/wp-content\/uploads\/2021\/07\/SHIMDT-1.jpg\" alt=\"\" width=\"554\" height=\"647\" srcset=\"https:\/\/revistaepocadigital.com.ar\/wp-content\/uploads\/2021\/07\/SHIMDT-1.jpg 554w, https:\/\/revistaepocadigital.com.ar\/wp-content\/uploads\/2021\/07\/SHIMDT-1-257x300.jpg 257w, https:\/\/revistaepocadigital.com.ar\/wp-content\/uploads\/2021\/07\/SHIMDT-1-360x420.jpg 360w\" sizes=\"auto, (max-width: 554px) 100vw, 554px\" \/><figcaption id=\"caption-attachment-11205\" class=\"wp-caption-text\">El vicepresidente del radicalismo local.<\/figcaption><\/figure>\n<p>&nbsp;<\/p>\n<p>&#8211;<strong>En el plano local&#8230;<\/strong><br \/>\n<em>-En cuanto al terreno local, se contin\u00faa trabajando en pos de la unidad; seguimos dialogando porque el di\u00e1logo jam\u00e1s se interrumpe y m\u00e1s all\u00e1 del resultado que resulte de las elecciones primarias, deberemos todos juntos hacer que JxC, sea competitivo en la elecciones generales de noviembre. En paralelo, adem\u00e1s trabajamos en el armado de una lista propia. Esta semana se realiza un plenario del comit\u00e9; y ante la imposibilidad de realizar la Asamblea como lo marca la carta org\u00e1nica, debido a las restricciones, a la fase en que se encuentra nuestro distrito y no tener los recurso digitales, la propuesta que elevar\u00e1 la presidencia del comit\u00e9 local es un plenario ampliado, otorgando a los vocales suplente y convencionales, voz y voto. Vale aclarar que en un plenario normal, solo votan los 8 vocales titulares y los 4 integrantes de la mesa chica, y en caso de empate, la presidencia dispone de doble voto.<\/em><\/p>\n<p><strong>-\u00bfHay precandidatos?<\/strong><br \/>\n&#8211;<em>Hay, se pondr\u00e1n en consideraci\u00f3n y se armara la lista; tambi\u00e9n se integrar\u00e1 el GEN en dicho armado como tambi\u00e9n, seg\u00fan ciertas versiones, la gente de Emilio Monz\u00f3 (presidente de la C\u00e1mara de Diputados de la Naci\u00f3n durante la presidencia de Mauricio Macri) que se acercar\u00eda a la propuesta de la UCR Provincial.<\/em><\/p>\n<p><strong>-\u00bfC\u00f3mo se est\u00e1 desenvolviendo el comit\u00e9 local de la UCR<\/strong>?<br \/>\n<em>-El comit\u00e9 se encuentra activo y trabaja, en un aspecto en la reconstrucci\u00f3n de la casa partidaria que avanza, y en el terreno pol\u00edtico con el el armado pol\u00edtico de cara a la pr\u00f3xima elecci\u00f3n. Y respetando lo prometido en la campa\u00f1a, en el sentido de posicionar a la UCR en el lugar que se merece. Ese compromiso es lo que nos lleva a trabajar incansablemente para presentar la mejor propuesta al nuestra gente de Exaltaci\u00f3n de la Cruz, como a su vez, mantener la unidad de JXC desde la unidad que hoy presenta el radicalismo.Queremos tener la responsabilidad de ser Mayor\u00eda. En la actualidad, la sociedad argentina m\u00e1s que nunca, exige sacrificio a la clase pol\u00edtica que no ha sabido tener empat\u00eda con su pueblo. En este sentido, fundamental desde ya, hoy quienes integramos la Union Civica Radical lo sabemos, y si la sociedad nos acompa\u00f1a, vamos a trabajar con la convicci\u00f3n y las ideas para que se concrete ese cambio tan deseado y necesario<\/em>.<\/p>\n<p>&nbsp;<\/p>\n<p>Fotos: Archivo 2019<\/p>\n","protected":false},"excerpt":{"rendered":"<p>JOS\u00c9 MAR\u00cdA SHMIDT, EL VICEPRESIDENTE DEL COMIT\u00c9 LOCAL.<\/p>\n","protected":false},"author":4,"featured_media":11204,"comment_status":"open","ping_status":"open","sticky":false,"template":"","format":"standard","meta":{"footnotes":"","jetpack_publicize_message":"","jetpack_publicize_feature_enabled":true,"jetpack_social_post_already_shared":false,"jetpack_social_options":{"image_generator_settings":{"template":"highway","default_image_id":0,"font":"","enabled":false},"version":2}},"categories":[17],"tags":[43,381,363],"class_list":["post-11209","post","type-post","status-publish","format-standard","has-post-thumbnail","hentry","category-politica","tag-elecciones","tag-paso","tag-ucr"],"jetpack_publicize_connections":[],"jetpack_featured_media_url":"https:\/\/revistaepocadigital.com.ar\/wp-content\/uploads\/2021\/07\/SHI2.jpg","jetpack_likes_enabled":true,"_links":{"self":[{"href":"https:\/\/revistaepocadigital.com.ar\/index.php?rest_route=\/wp\/v2\/posts\/11209","targetHints":{"allow":["GET"]}}],"collection":[{"href":"https:\/\/revistaepocadigital.com.ar\/index.php?rest_route=\/wp\/v2\/posts"}],"about":[{"href":"https:\/\/revistaepocadigital.com.ar\/index.php?rest_route=\/wp\/v2\/types\/post"}],"author":[{"embeddable":true,"href":"https:\/\/revistaepocadigital.com.ar\/index.php?rest_route=\/wp\/v2\/users\/4"}],"replies":[{"embeddable":true,"href":"https:\/\/revistaepocadigital.com.ar\/index.php?rest_route=%2Fwp%2Fv2%2Fcomments&post=11209"}],"version-history":[{"count":0,"href":"https:\/\/revistaepocadigital.com.ar\/index.php?rest_route=\/wp\/v2\/posts\/11209\/revisions"}],"wp:featuredmedia":[{"embeddable":true,"href":"https:\/\/revistaepocadigital.com.ar\/index.php?rest_route=\/wp\/v2\/media\/11204"}],"wp:attachment":[{"href":"https:\/\/revistaepocadigital.com.ar\/index.php?rest_route=%2Fwp%2Fv2%2Fmedia&parent=11209"}],"wp:term":[{"taxonomy":"category","embeddable":true,"href":"https:\/\/revistaepocadigital.com.ar\/index.php?rest_route=%2Fwp%2Fv2%2Fcategories&post=11209"},{"taxonomy":"post_tag","embeddable":true,"href":"https:\/\/revistaepocadigital.com.ar\/index.php?rest_route=%2Fwp%2Fv2%2Ftags&post=11209"}],"curies":[{"name":"wp","href":"https:\/\/api.w.org\/{rel}","templated":true}]}}