{"id":11232,"date":"2021-07-07T01:52:49","date_gmt":"2021-07-07T04:52:49","guid":{"rendered":"https:\/\/revistaepocadigital.com.ar\/?p=11232"},"modified":"2021-07-07T01:53:52","modified_gmt":"2021-07-07T04:53:52","slug":"el-crudo-testimonio-de-coco-trejo-el-covid-lo-puso-contra-las-cuerdas","status":"publish","type":"post","link":"https:\/\/revistaepocadigital.com.ar\/?p=11232","title":{"rendered":"EL CRUDO TESTIMONIO DE COCO TREJO, EL COVID LO PUSO CONTRA LAS CUERDAS"},"content":{"rendered":"<p><strong>EN PRIMERA PERSONA.<\/strong><!--more--><\/p>\n<p>Los testimonios de los pacientes que van superando al Covid-19, pueden ayudarnos a comprender la cruda situaci\u00f3n que les ha tocado vivir, cu\u00e1les han sido los s\u00edntomas padecidos, c\u00f3mo afrontaron tan cruda enfermedad que conmueve al mundo con devastadoras consecuencias. Sin duda, conseguir recuperarse a cualquiera de pudo contagiarse, arroja una dosis importante de esperanza y fe para superar el momento que nos toca atravesar hace un a\u00f1o y medio que, lamentablemente, ser\u00e1 tristemente inolvidable.<\/p>\n<p>Escuchar a los que superaron al Covid, puede resultar duro, sin embargo un testimonio luego de tama\u00f1a vivencia, puede ayudar a conscientizar a muchos, demasiados quienes a\u00fan pese a las tr\u00e1gicas consecuencias, no se han mentalizado como resulta imprescindible. EPOCA conversa con <strong>Jorge Trejo. &#8220;Coco&#8221;,<\/strong> conocido vecino, Locutor Nacional, de 45 a\u00f1os, narra en primera persona el duro camino recorrido tras contagiarse de coronavirus por lo que estuvo internado en el capillense Hospital San Jos\u00e9.<\/p>\n<p>-Coco, \u00bfc\u00f3mo te encontr\u00e1s?, has atravesado acaso el peor momento de tu vida.<br \/>\n-Ahora estoy bien luego de que un mes atr\u00e1s comenc\u00e9 con s\u00edntomas, afortunadamente ya llevo una vida bastante normal. Me encuentro mejor, sigo las indicaciones m\u00e9dicas, adem\u00e1s del seguimiento telef\u00f3nico. Medieron el alta m\u00e9dica el 5 de julio y he comenzado la etapa de rehabilitaci\u00f3n.<\/p>\n<p><strong>\u00bfC\u00f3mo te contagiaste?<\/strong><br \/>\n<em>-El pasado 8 de junio, me empec\u00e9 a sentir mal; ten\u00eda mucho fr\u00edo y notaba cierto malestar; me acuerdo que esa noche tuve fiebre y perd\u00ed el olfato. Al despertar, me fu\u00ed al Hospital donde me hisoparon, y el test r\u00e1pido dio resultado positivo. \u00bfC\u00f3mo me contagi\u00e9?, no lo s\u00e9. En todo este tiempo he sido muy cuidadoso, y trat\u00e9 cuanto he podido en mantener en mi \u00e1mbito laboral y personal los cuidados necesarios. Ese mismo d\u00eda, luego de una tomograf\u00eda que mostraba una peque\u00f1a infecci\u00f3n en el pulm\u00f3n izquierdo, me medicaron y me indicaron las primeras pautas: deb\u00eda quedarme en mi casa, tomarme la temperatura, la saturaci\u00f3n de ox\u00edgeno y estar en contacto telef\u00f3nico con la Dra. Mercedes Nano, para comunicarle cualquier cambio en mi evoluci\u00f3n. Ese d\u00eda comenc\u00e9 a decaer; me dol\u00eda mucho la cabeza, empec\u00e9 a tener fiebre, a sentirme muy cansado y el cuer<\/em>po con sensaci\u00f3n que dolor.<\/p>\n<p><img decoding=\"async\" src=\"https:\/\/revistaepocadigital.com.ar\/wp-content\/uploads\/2021\/07\/trejo-1.jpg\" \/><\/p>\n<p><strong>\u00bfC\u00f3mo tomaste la noticia de tu resultado positivo?<\/strong><br \/>\n<em>-Fue un mazazo. A\u00fan no me encontraba demasiado mal, los primeros sentimientos que tuve fue de culpa y temor de haber contagiado a mi familia. La idea de haber podido contagiar a alguno de mis seres queridos me super\u00f3; de hecho, mi hija Micaela y mi nieta Maite, tambi\u00e9n dieron positivo y lo transitaron de manera leve. A su vez, mi hija chiquita Emma y mis padres no se contagiaron. Cuando pas\u00e9 esos momentos de incertidumbre, y vi que mis seres queridos estaban bien, me pude enfocar en mi.<\/em><\/p>\n<p><strong>-\u00bfTus s\u00edntomas empeoraron?<\/strong><br \/>\n<em>-Y s\u00ed; lo tengo todo registrado en mi mente. Desde el martes 8 hasta el jueves 10 no me baj\u00f3 la fiebre, sufr\u00ed dolores de cabeza y malestar. Me sent\u00eda d\u00e9bil y no hac\u00eda otra cosa que dormir. Lo bueno fue que en ning\u00fan momento tuve tos ni dificultad para respirar. El mismo 10 de junio, despu\u00e9s de otra consulta m\u00e9dica y nuevamente una tomograf\u00eda, el m\u00e9dico decidi\u00f3 mi internaci\u00f3n, la neumon\u00eda ya era bilateral. Estuve internado en la cama 56 del sector Covid, jam\u00e1s en el resto de mi vida lo voy a olvidar!. Como tampoco me olvidar\u00e9 de agradecerles de coraz\u00f3n a las enfermeras Mayra, Nuri, Daiana, Marisol, Candela, Cristina, Danila, Natalia, Carina, Melina y Estefan\u00eda, y a Ana y Amalia las chicas de limpieza. Y desde ya, a los doctores Mar\u00eda Mozze, Juan Pablo Caminos, Vanessa, Fiorella, Ariel Enjuto, Alejandro Domenech, y a su vez al personal de cocina y el resto del personal del Hospital San Jos\u00e9. La verdad dejan el alma, te cuidan y contienen mucho. Los v\u00ed llorar y sonre\u00edr ante los estado de los pacientes, conmueven con su vocaci\u00f3n y humanidad en todo momento.<\/em><\/p>\n<p><strong>-El personal de la salud en Exaltaci\u00f3n de la Cruz como en la Argentina y el mundo, son los verdaderos h\u00e9roes&#8230;<\/strong><br \/>\n<em>-Mir\u00e1, para los internados por Covid, la esperanza no tiene rostro, apenas se le pueden ver los ojos a m\u00e9dicos, enfermeras y todo el personal. Nadie que pasa por el \u00e1rea Sector C \u00c1rea Covid del Hospital San Jos\u00e9, destinada a pacientes con coronavirus, conocer\u00e1 que ah\u00ed adentro, hay caras protegidas de sus m\u00e9dicos o enfermeras y de quienes limpian las habitaciones. Como hemos visto en tantas pel\u00edculas, los que ingresan a las habitaciones lo hacen ataviados con sus equipos de bioseguridad con barbijos, capucha, cofia, anteojos protectores, visores, mamelucos, bata, guantes y cubrecalzados, quedan irreconocibles. Todos entran a las habitaciones casi en silencio, respetando el ejercicio de respirar, cada ma\u00f1ana los m\u00e9dicos atienden cl\u00ednicamente a sus pacientes, las enfermeras toman muestras de sangre, veces directo desde una arteria, para saber la oxigenaci\u00f3n en ese momento, adem\u00e1s la presi\u00f3n, temperatura, ajustan el suero, y aplican los medicamentos que reciben cada paciente<\/em>.<\/p>\n<p><strong>-Desde el punto de vista del paciente, \u00bfc\u00f3mo considera la labor del personal de salud?<\/strong><br \/>\n<em>-La atenci\u00f3n en el hospital es muy humana, muy c\u00e1lida. A mi me alivi\u00f3 en parte la sensaci\u00f3n de soledad que pod\u00e9s tener al no ver a tu familia. Por suerte con mi compa\u00f1ero de habitaci\u00f3n Eduardo vecino de los Cardales, pudimos interactuar y acompa\u00f1arnos en todo momento. Las personas que nos atend\u00edan eran muy cercanas y amables. Su trato siempre fue muy positivo, alegre, desde los doctores y enfermeras hasta las personas de limpieza, el llamado diario o mensaje de Omar o la pasada por la ventana y escuchar el &#8220;vamos Coco&#8221; de Esteban, demuestran la calidad de seres humanos que tenemos en salud. Se los agradecer\u00e9 por siempre.<\/em><\/p>\n<p>&nbsp;<\/p>\n<p><strong>-\u00bfComo fue tu tratamiento cuando estuviste internado?<\/strong>.<br \/>\n&#8211;<em>Mmm, muy completo y duro a la vez, me pusieron anticoagulantes, corticoides, antivirales y antibi\u00f3ticos, me hicieron an\u00e1lisis de sangre, adem\u00e1s la anal\u00edtica diaria y ayuda de ox\u00edgeno para respirar en algunos d\u00edas, as\u00ed transit\u00f3 mi internaci\u00f3n, hasta que me aplicaron un tratamiento con Tocilizumab, y me salvaron la vida. Agradezco la decisi\u00f3n tomada por el intendente Nanni para conseguir el medicamento, as\u00ed como de las autoridades de salud del distrito y la Dra. Nano. Luego de la aplicaci\u00f3n, gracias a Dios, empec\u00e9 a mejorar, ya no necesite ox\u00edgeno, mi estado de \u00e1nimo mejor\u00f3, la incertidumbre fue desapareciendo as\u00ed como mi malestar general, ya no me dol\u00eda respirar, y as\u00ed finalmente sal\u00ed del hospital el martes 22 de junio, y de acuerdo con el tratamiento indicado deb\u00ed hacer reposo hasta el 5 de julio.<\/em><\/p>\n<p><img loading=\"lazy\" decoding=\"async\" class=\"aligncenter size-full wp-image-11240\" src=\"https:\/\/revistaepocadigital.com.ar\/wp-content\/uploads\/2021\/07\/tre5.jpg\" alt=\"\" width=\"525\" height=\"693\" srcset=\"https:\/\/revistaepocadigital.com.ar\/wp-content\/uploads\/2021\/07\/tre5.jpg 525w, https:\/\/revistaepocadigital.com.ar\/wp-content\/uploads\/2021\/07\/tre5-227x300.jpg 227w, https:\/\/revistaepocadigital.com.ar\/wp-content\/uploads\/2021\/07\/tre5-318x420.jpg 318w\" sizes=\"auto, (max-width: 525px) 100vw, 525px\" \/><\/p>\n<p><em><strong>&#8211;<\/strong><\/em><strong>\u00bfQue es el Covid, Jorge?<\/strong><br \/>\n<em>-El Covid no es un invento, no es una broma; existe, es real y muy cruel. En mi caso, gracias a Dios, pude vencer al Covid en cambio otros no pudieron y me duele mucho. En los \u00faltimos d\u00edas falleci\u00f3 otro vecino, Gustavo Grimaldi y me doli\u00f3 de verdad enterarme de su muerte, todo esto que nos toca atravesar es muy, muy doloroso. A Gustavo tambi\u00e9n le hicieron el tratamiento que aplicaron en mi caso, pero por desgracia no consigui\u00f3 salir. Me hace mal hablar de esto, prefiero no seguir. S\u00f3lo puedo decir que vayan mis respetos a quienes perdieron un ser querido. Nosotros debemos seguir en esta batalla, con m\u00e1s fuerza y m\u00e1s cuidados, y en memoria de los que ya no est\u00e1n. Sin dudas que contagiarte de Covid y superarlo, representa un antes y despu\u00e9s en la vida de cada uno que lo padecimos. Por eso repito, agradezco todos los gestos, llamados, mensajes recibidos as\u00ed como por parte de mi familia, mis hijas y nieta. Quiero que sepan todos, que me han ayudado en momentos de gran incertidumbre con cada palabra, cada momento de oraci\u00f3n y la energ\u00eda positiva que me hac\u00edan llegar, como dije en alg\u00fan momento, valoro much\u00edsimo esos gestos lo mismo que los de tanta gente que se puso a disposici\u00f3n, entre tantos, compa\u00f1eros de trabajo, a todos solo decirles GRACIAS con may\u00fasculas.<\/em><\/p>\n<p>&#8211;<strong>\u00bfSentiste miedo?<\/strong><br \/>\n<em>-S\u00ed. M\u00e1s que por m\u00ed, por toda la gente a la que hab\u00eda visto antes de saber que me hab\u00eda contagiado con el el virus. Fue horrible, muy angustiante pensar que pude contagiar a otros sin saberlo.<\/em><\/p>\n<p><strong>\u00bfHablemos del cambio de ver la forma de vida?<\/strong><br \/>\n&#8211;<em>La verdad es que me considero una persona emp\u00e1tica, solidaria y poco ego\u00edsta, que piensa en su entorno y en quienes me rodean. En este sentido no creo que haya cambiado mucho, pero quiz\u00e1 s\u00ed me tomo el d\u00eda a d\u00eda de otra manera. No s\u00e9 si ser\u00e1 por la reclusi\u00f3n, pero percibo que hago las cosas con m\u00e1s calma; no voy tan deprisa y si no me da el tiempo para terminar algo, no me preocupo; ya lo har\u00e9. Aprend\u00ed a valorar cada momento, les dije a mis amigos, familia que esta etapa de ahora en m\u00e1s para m\u00ed se llama &#8220;Felicidad<\/em>&#8220;.<\/p>\n<p>-\u00bf<strong>Qu\u00e9 les dec\u00eds a quienes se toman a la ligera al Covid 19?<\/strong><br \/>\n&#8211;<em>\u00a1Que colaboren, que sigan las recomendaciones de los m\u00e9dicos. No se trata de algo que solo afecta a una persona; nos afecta a todos y nos estamos jugando mucho, la vida ni m\u00e1s ni menos. Por eso es fundamental que todos nos involucremos si queremos salir de esta situaci\u00f3n terrible. Veo que hay gente muy ego\u00edsta y por respeto al dolor de quienes han perdido a un ser querido, deber\u00edan actuar mas que con la lengua, con la raz\u00f3n.<\/em><\/p>\n<p>-\u00bf<strong>Qu\u00e9 es lo primero que har\u00e1s cuando est\u00e9s de alta?<\/strong><br \/>\n<em>-Sentir el lujo que es la emoci\u00f3n de salir y caminar, sintiendo la brisa en tu cara, y cuidarme mucho, hacer la rehabilitaci\u00f3n y cumplir con todas las indicaciones m\u00e9dicas. Y me permito un consejo para mis vecinos: no dejen de cuidarse, no subestimen al virus. Eso se trata de cuidar a los dem\u00e1s, sobretodo a quienes m\u00e1s queremos. Esto, a\u00fan, no termina..<\/em>.<\/p>\n","protected":false},"excerpt":{"rendered":"<p>EN PRIMERA PERSONA.<\/p>\n","protected":false},"author":4,"featured_media":11238,"comment_status":"open","ping_status":"open","sticky":false,"template":"","format":"standard","meta":{"footnotes":"","jetpack_publicize_message":"","jetpack_publicize_feature_enabled":true,"jetpack_social_post_already_shared":false,"jetpack_social_options":{"image_generator_settings":{"template":"highway","default_image_id":0,"font":"","enabled":false},"version":2}},"categories":[13,16],"tags":[752,1457],"class_list":["post-11232","post","type-post","status-publish","format-standard","has-post-thumbnail","hentry","category-interes-general","category-municipales","tag-covid","tag-trejo"],"jetpack_publicize_connections":[],"jetpack_featured_media_url":"https:\/\/revistaepocadigital.com.ar\/wp-content\/uploads\/2021\/07\/tre-6.jpg","jetpack_likes_enabled":true,"_links":{"self":[{"href":"https:\/\/revistaepocadigital.com.ar\/index.php?rest_route=\/wp\/v2\/posts\/11232","targetHints":{"allow":["GET"]}}],"collection":[{"href":"https:\/\/revistaepocadigital.com.ar\/index.php?rest_route=\/wp\/v2\/posts"}],"about":[{"href":"https:\/\/revistaepocadigital.com.ar\/index.php?rest_route=\/wp\/v2\/types\/post"}],"author":[{"embeddable":true,"href":"https:\/\/revistaepocadigital.com.ar\/index.php?rest_route=\/wp\/v2\/users\/4"}],"replies":[{"embeddable":true,"href":"https:\/\/revistaepocadigital.com.ar\/index.php?rest_route=%2Fwp%2Fv2%2Fcomments&post=11232"}],"version-history":[{"count":0,"href":"https:\/\/revistaepocadigital.com.ar\/index.php?rest_route=\/wp\/v2\/posts\/11232\/revisions"}],"wp:featuredmedia":[{"embeddable":true,"href":"https:\/\/revistaepocadigital.com.ar\/index.php?rest_route=\/wp\/v2\/media\/11238"}],"wp:attachment":[{"href":"https:\/\/revistaepocadigital.com.ar\/index.php?rest_route=%2Fwp%2Fv2%2Fmedia&parent=11232"}],"wp:term":[{"taxonomy":"category","embeddable":true,"href":"https:\/\/revistaepocadigital.com.ar\/index.php?rest_route=%2Fwp%2Fv2%2Fcategories&post=11232"},{"taxonomy":"post_tag","embeddable":true,"href":"https:\/\/revistaepocadigital.com.ar\/index.php?rest_route=%2Fwp%2Fv2%2Ftags&post=11232"}],"curies":[{"name":"wp","href":"https:\/\/api.w.org\/{rel}","templated":true}]}}