{"id":11248,"date":"2021-07-08T02:06:48","date_gmt":"2021-07-08T05:06:48","guid":{"rendered":"https:\/\/revistaepocadigital.com.ar\/?p=11248"},"modified":"2021-07-20T18:45:58","modified_gmt":"2021-07-20T21:45:58","slug":"gustavo-grimaldi-se-fue-un-capillero-emprendedor-y-lleno-de-ganas","status":"publish","type":"post","link":"https:\/\/revistaepocadigital.com.ar\/?p=11248","title":{"rendered":"Gustavo Grimaldi, se fue un capillero emprendedor y lleno de ganas"},"content":{"rendered":"<div class=\"dati1w0a hv4rvrfc osnr6wyh\"><strong>EL PESAR, EL DOLOR FUERON UN REFLEJO.<\/strong><\/div>\n<p><!--more--><\/p>\n<div><\/div>\n<div class=\"dati1w0a hv4rvrfc osnr6wyh\">Amigos, vecinos, de una u otra manera lo mostraron a flor de piel. Muri\u00f3 un vecino como <strong>Gustavo Grimaldi<\/strong> que entendi\u00f3 a la vida como un veh\u00edculo para hacer cosas, emprender siempre nuevos desaf\u00edos, cabalgar a pesar de los obst\u00e1culos y sinsabores que tantas veces nos golpean a los argentinos.<\/div>\n<div><\/div>\n<div class=\"dati1w0a hv4rvrfc osnr6wyh\">Luch\u00f3 sin cuartel contra el enemigo que nos ha cambiado la vida sin miramientos y con inmensa crudeza y angustia: el Covid. Y as\u00ed como todo lo que emprendi\u00f3 en su paso por la tierra no supo de dejaer nunca de so\u00f1ar, esta vez el Covid pudo m\u00e1s.<\/div>\n<div><\/div>\n<div class=\"dati1w0a hv4rvrfc osnr6wyh\">Joven, de 56 a\u00f1os, Gustavo, integrante de la familia Grimaldi, la que supo encabezar Cacho desaparecido a\u00f1os atr\u00e1s, y a la que Teresa su esposa, y a los dem\u00e1s hijos Luis, Fernando y Mariela, han fortalecido a\u00fan m\u00e1s con el transcurrir de los a\u00f1os.<\/div>\n<div><\/div>\n<div>\n<figure id=\"attachment_11252\" aria-describedby=\"caption-attachment-11252\" style=\"width: 480px\" class=\"wp-caption aligncenter\"><img loading=\"lazy\" decoding=\"async\" class=\"size-full wp-image-11252\" src=\"https:\/\/revistaepocadigital.com.ar\/wp-content\/uploads\/2021\/07\/grima.jpg\" alt=\"\" width=\"480\" height=\"360\" srcset=\"https:\/\/revistaepocadigital.com.ar\/wp-content\/uploads\/2021\/07\/grima.jpg 480w, https:\/\/revistaepocadigital.com.ar\/wp-content\/uploads\/2021\/07\/grima-300x225.jpg 300w, https:\/\/revistaepocadigital.com.ar\/wp-content\/uploads\/2021\/07\/grima-80x60.jpg 80w, https:\/\/revistaepocadigital.com.ar\/wp-content\/uploads\/2021\/07\/grima-160x120.jpg 160w, https:\/\/revistaepocadigital.com.ar\/wp-content\/uploads\/2021\/07\/grima-265x198.jpg 265w\" sizes=\"auto, (max-width: 480px) 100vw, 480px\" \/><figcaption id=\"caption-attachment-11252\" class=\"wp-caption-text\">Gustavo (der) junto a su madre Teresa y Fernando, uno de sus hermanos.<\/figcaption><\/figure>\n<\/div>\n<div><\/div>\n<div class=\"dati1w0a hv4rvrfc osnr6wyh\">Habl\u00e1bamos del empuje, dinamismo y ganas de hacer de Gustavo, el &#8220;Colorado&#8221;, y su af\u00e1n para pensar siempre en nuevos proyectos. El m\u00e1s reciente fue Origen; la pulper\u00eda restaurante de campo en suelo exaltacruce\u00f1o, se convirti\u00f3 junto a Carolina su esposa y sus hijos, en su lugar en el mundo.<\/div>\n<div><\/div>\n<div class=\"dati1w0a hv4rvrfc osnr6wyh\">Mucha tristeza y pesar por su fallecimiento, en su familia, en los amigos y vecinos; todos lo despidieron con un muy c\u00e1lido y sentido aplauso para un capillense de verdad.<\/div>\n<div><\/div>\n<div>Sentimiento que bien sintetizaron sus hermano Luis y Fernando en redes sociales, <em>&#8220;Sos ese viento y esa lluvia y ese vuelo&#8230;te fuiste Realizado, emprendedor, exitoso, g\u00e1nico. Sin renunciar jam\u00e1s a tu esencia, genuino y \u00e9tico, sin dobleces. Remando el doble con tu familia que te acompa\u00f1\u00f3 siempre, con un legado maravilloso.<\/em><\/div>\n<div class=\"dati1w0a hv4rvrfc osnr6wyh\">\n<div class=\"kvgmc6g5 cxmmr5t8 oygrvhab hcukyx3x c1et5uql ii04i59q\">\n<div dir=\"auto\"><em>Y una familia que te ama&#8230;<\/em><\/div>\n<div dir=\"auto\"><em>Gracias por todos estos a\u00f1os, por la infancia por las peleas.<\/em><\/div>\n<div dir=\"auto\"><em>Gracias porque tus ojos siempre hablaban lo que las palabras no Dec\u00edan&#8230;Se te va a extra\u00f1ar loco lindo.<\/em><\/div>\n<div dir=\"auto\"><em>Hasta el reencuentro hermano<\/em><\/div>\n<div dir=\"auto\"><em>Feliz Regreso &#8220;Al Origen y en el Origen lo nuevo&#8221;.<\/em><\/div>\n<div dir=\"auto\"><\/div>\n<div dir=\"auto\">A lo transmitido por Luis con gran tristeza y emoci\u00f3n, se sum\u00f3 Fernando,<em> &#8220;c\u00f3mo te voy a extra\u00f1ar hermano, gracias por las ense\u00f1anzas y por los recuerdos que nos dejaste de tus sue\u00f1os de tu lucha, de tu amor por la familia. Con vos se va una parte de mi vida, te prometo que vamos a cuidar a la vieja para que junto a ella y la familia, cada vez que te recordemos, claro vamos a llorar un poco pero tambi\u00e9n vamos a re\u00edrnos mucho de tus locuras. Te amo hermano mandale saludos a pap\u00e1. Hasta pronto Tit\u00e1n&#8221;.<\/em><\/div>\n<\/div>\n<\/div>\n<div dir=\"auto\"><\/div>\n<div dir=\"auto\">Vali\u00f3 Gustavo.<\/div>\n<div class=\"dati1w0a hv4rvrfc osnr6wyh\">\n<div class=\"kvgmc6g5 cxmmr5t8 oygrvhab hcukyx3x c1et5uql ii04i59q\">\n<div dir=\"auto\"><\/div>\n<\/div>\n<\/div>\n","protected":false},"excerpt":{"rendered":"<p>EL PESAR, EL DOLOR FUERON UN REFLEJO.<\/p>\n","protected":false},"author":4,"featured_media":11254,"comment_status":"open","ping_status":"open","sticky":false,"template":"","format":"standard","meta":{"footnotes":"","jetpack_publicize_message":"","jetpack_publicize_feature_enabled":true,"jetpack_social_post_already_shared":false,"jetpack_social_options":{"image_generator_settings":{"template":"highway","default_image_id":0,"font":"","enabled":false},"version":2}},"categories":[14],"tags":[405,368],"class_list":["post-11248","post","type-post","status-publish","format-standard","has-post-thumbnail","hentry","category-la-gente","tag-fallecimiento","tag-grimaldi"],"jetpack_publicize_connections":[],"jetpack_featured_media_url":"https:\/\/revistaepocadigital.com.ar\/wp-content\/uploads\/2021\/07\/grimaldi-gus.jpg","jetpack_likes_enabled":true,"_links":{"self":[{"href":"https:\/\/revistaepocadigital.com.ar\/index.php?rest_route=\/wp\/v2\/posts\/11248","targetHints":{"allow":["GET"]}}],"collection":[{"href":"https:\/\/revistaepocadigital.com.ar\/index.php?rest_route=\/wp\/v2\/posts"}],"about":[{"href":"https:\/\/revistaepocadigital.com.ar\/index.php?rest_route=\/wp\/v2\/types\/post"}],"author":[{"embeddable":true,"href":"https:\/\/revistaepocadigital.com.ar\/index.php?rest_route=\/wp\/v2\/users\/4"}],"replies":[{"embeddable":true,"href":"https:\/\/revistaepocadigital.com.ar\/index.php?rest_route=%2Fwp%2Fv2%2Fcomments&post=11248"}],"version-history":[{"count":0,"href":"https:\/\/revistaepocadigital.com.ar\/index.php?rest_route=\/wp\/v2\/posts\/11248\/revisions"}],"wp:featuredmedia":[{"embeddable":true,"href":"https:\/\/revistaepocadigital.com.ar\/index.php?rest_route=\/wp\/v2\/media\/11254"}],"wp:attachment":[{"href":"https:\/\/revistaepocadigital.com.ar\/index.php?rest_route=%2Fwp%2Fv2%2Fmedia&parent=11248"}],"wp:term":[{"taxonomy":"category","embeddable":true,"href":"https:\/\/revistaepocadigital.com.ar\/index.php?rest_route=%2Fwp%2Fv2%2Fcategories&post=11248"},{"taxonomy":"post_tag","embeddable":true,"href":"https:\/\/revistaepocadigital.com.ar\/index.php?rest_route=%2Fwp%2Fv2%2Ftags&post=11248"}],"curies":[{"name":"wp","href":"https:\/\/api.w.org\/{rel}","templated":true}]}}