{"id":11259,"date":"2021-07-09T15:30:58","date_gmt":"2021-07-09T18:30:58","guid":{"rendered":"https:\/\/revistaepocadigital.com.ar\/?p=11259"},"modified":"2021-07-09T15:41:49","modified_gmt":"2021-07-09T18:41:49","slug":"dirigentes-de-boca-desimone-y-carlitos-colombo-en-honor-y-patria","status":"publish","type":"post","link":"https:\/\/revistaepocadigital.com.ar\/?p=11259","title":{"rendered":"Dirigentes de Boca. Desimone y Carlitos Colombo en Honor y Patria"},"content":{"rendered":"<div class=\"kvgmc6g5 cxmmr5t8 oygrvhab hcukyx3x c1et5uql ii04i59q\">\n<div dir=\"auto\"><strong>BOCA EN HONOR Y PATRIA.<!--more--><\/strong><\/div>\n<div dir=\"auto\"><\/div>\n<div dir=\"auto\">D\u00edas atr\u00e1s Honor y Patria, Alejandro Desimone (Presidente de B\u00e1squet de Boca Juniors), y el vecino capillense y amigo de la instituci\u00f3n, <strong>Carlitos Colombo<\/strong> (actual vocal titular en la comisi\u00f3n directiva de Boca y al frente\u00a0 de la subcomisi\u00f3n de pe\u00f1as en el pa\u00eds.<\/div>\n<\/div>\n<div dir=\"auto\"><\/div>\n<div class=\"kvgmc6g5 cxmmr5t8 oygrvhab hcukyx3x c1et5uql ii04i59q\">\n<div dir=\"auto\"><img loading=\"lazy\" decoding=\"async\" class=\"aligncenter size-full wp-image-11261\" src=\"https:\/\/revistaepocadigital.com.ar\/wp-content\/uploads\/2021\/07\/212910705_459078802200025_6456890636081832473_n.jpg\" alt=\"\" width=\"958\" height=\"958\" srcset=\"https:\/\/revistaepocadigital.com.ar\/wp-content\/uploads\/2021\/07\/212910705_459078802200025_6456890636081832473_n.jpg 958w, https:\/\/revistaepocadigital.com.ar\/wp-content\/uploads\/2021\/07\/212910705_459078802200025_6456890636081832473_n-300x300.jpg 300w, https:\/\/revistaepocadigital.com.ar\/wp-content\/uploads\/2021\/07\/212910705_459078802200025_6456890636081832473_n-150x150.jpg 150w, https:\/\/revistaepocadigital.com.ar\/wp-content\/uploads\/2021\/07\/212910705_459078802200025_6456890636081832473_n-768x768.jpg 768w, https:\/\/revistaepocadigital.com.ar\/wp-content\/uploads\/2021\/07\/212910705_459078802200025_6456890636081832473_n-696x696.jpg 696w, https:\/\/revistaepocadigital.com.ar\/wp-content\/uploads\/2021\/07\/212910705_459078802200025_6456890636081832473_n-420x420.jpg 420w, https:\/\/revistaepocadigital.com.ar\/wp-content\/uploads\/2021\/07\/212910705_459078802200025_6456890636081832473_n-840x840.jpg 840w\" sizes=\"auto, (max-width: 958px) 100vw, 958px\" \/><\/div>\n<\/div>\n<div class=\"o9v6fnle cxmmr5t8 oygrvhab hcukyx3x c1et5uql ii04i59q\">\n<div dir=\"auto\">&#8220;Recorrimos las instalaciones del club y conversamos buscando nuevos horizontes para nuestros chicos&#8221;, desde HyP. A la vez,\u00a0 Desimone obsequi\u00f3 una camiseta autografiada por todo el plantel de primera divisi\u00f3n de basquet de Boca. Sin dudas, resultar\u00eda muy importante que pudiese existir un vinculo deportivo e institucional con Boca.<\/div>\n<\/div>\n<div dir=\"auto\"><\/div>\n<div dir=\"auto\"><\/div>\n<div dir=\"auto\">\n<div class=\"\" dir=\"auto\">\n<div id=\"jsc_c_w3\" class=\"ecm0bbzt hv4rvrfc ihqw7lf3 dati1w0a\" data-ad-comet-preview=\"message\" data-ad-preview=\"message\">\n<div class=\"j83agx80 cbu4d94t ew0dbk1b irj2b8pg\">\n<div class=\"qzhwtbm6 knvmm38d\">\n<div class=\"kvgmc6g5 cxmmr5t8 oygrvhab hcukyx3x c1et5uql ii04i59q\">\n<div dir=\"auto\" style=\"text-align: center;\"><span class=\"pq6dq46d tbxw36s4 knj5qynh kvgmc6g5 ditlmg2l oygrvhab nvdbi5me sf5mxxl7 gl3lb2sf hhz5lgdu\"><strong>VUELVEN LOS TIGRES<\/strong><\/span><span class=\"pq6dq46d tbxw36s4 knj5qynh kvgmc6g5 ditlmg2l oygrvhab nvdbi5me sf5mxxl7 gl3lb2sf hhz5lgdu\"><br \/>\n<\/span><\/div>\n<\/div>\n<div class=\"o9v6fnle cxmmr5t8 oygrvhab hcukyx3x c1et5uql ii04i59q\">\n<div dir=\"auto\"><\/div>\n<div dir=\"auto\">Los s\u00e1bados de 10:00 a 12:00 horas. Lo inform\u00f3 la comisi\u00f3n directiva de Honor y Patria.<\/div>\n<div dir=\"auto\">Vamos que son un enorme ejemplo!<\/div>\n<\/div>\n<div dir=\"auto\"><\/div>\n<\/div>\n<\/div>\n<\/div>\n<\/div>\n<\/div>\n<div dir=\"auto\"><\/div>\n<div dir=\"auto\"><img loading=\"lazy\" decoding=\"async\" class=\"aligncenter size-full wp-image-11266\" src=\"https:\/\/revistaepocadigital.com.ar\/wp-content\/uploads\/2021\/07\/207186378_448486166592622_2708002323675121442_n.jpg\" alt=\"\" width=\"843\" height=\"843\" srcset=\"https:\/\/revistaepocadigital.com.ar\/wp-content\/uploads\/2021\/07\/207186378_448486166592622_2708002323675121442_n.jpg 843w, https:\/\/revistaepocadigital.com.ar\/wp-content\/uploads\/2021\/07\/207186378_448486166592622_2708002323675121442_n-300x300.jpg 300w, https:\/\/revistaepocadigital.com.ar\/wp-content\/uploads\/2021\/07\/207186378_448486166592622_2708002323675121442_n-150x150.jpg 150w, https:\/\/revistaepocadigital.com.ar\/wp-content\/uploads\/2021\/07\/207186378_448486166592622_2708002323675121442_n-768x768.jpg 768w, https:\/\/revistaepocadigital.com.ar\/wp-content\/uploads\/2021\/07\/207186378_448486166592622_2708002323675121442_n-696x696.jpg 696w, https:\/\/revistaepocadigital.com.ar\/wp-content\/uploads\/2021\/07\/207186378_448486166592622_2708002323675121442_n-420x420.jpg 420w, https:\/\/revistaepocadigital.com.ar\/wp-content\/uploads\/2021\/07\/207186378_448486166592622_2708002323675121442_n-840x840.jpg 840w\" sizes=\"auto, (max-width: 843px) 100vw, 843px\" \/><\/div>\n","protected":false},"excerpt":{"rendered":"<p>BOCA EN HONOR Y PATRIA.<\/p>\n","protected":false},"author":3,"featured_media":11260,"comment_status":"open","ping_status":"open","sticky":false,"template":"","format":"standard","meta":{"footnotes":"","jetpack_publicize_message":"","jetpack_publicize_feature_enabled":true,"jetpack_social_post_already_shared":false,"jetpack_social_options":{"image_generator_settings":{"template":"highway","default_image_id":0,"font":"","enabled":false},"version":2}},"categories":[9],"tags":[102,744,1458,55],"class_list":["post-11259","post","type-post","status-publish","format-standard","has-post-thumbnail","hentry","category-deportes","tag-basquet","tag-boca","tag-colombo","tag-honor-y-patria"],"jetpack_publicize_connections":[],"jetpack_featured_media_url":"https:\/\/revistaepocadigital.com.ar\/wp-content\/uploads\/2021\/07\/213602539_459078858866686_8856737850287555159_n.jpg","jetpack_likes_enabled":true,"_links":{"self":[{"href":"https:\/\/revistaepocadigital.com.ar\/index.php?rest_route=\/wp\/v2\/posts\/11259","targetHints":{"allow":["GET"]}}],"collection":[{"href":"https:\/\/revistaepocadigital.com.ar\/index.php?rest_route=\/wp\/v2\/posts"}],"about":[{"href":"https:\/\/revistaepocadigital.com.ar\/index.php?rest_route=\/wp\/v2\/types\/post"}],"author":[{"embeddable":true,"href":"https:\/\/revistaepocadigital.com.ar\/index.php?rest_route=\/wp\/v2\/users\/3"}],"replies":[{"embeddable":true,"href":"https:\/\/revistaepocadigital.com.ar\/index.php?rest_route=%2Fwp%2Fv2%2Fcomments&post=11259"}],"version-history":[{"count":0,"href":"https:\/\/revistaepocadigital.com.ar\/index.php?rest_route=\/wp\/v2\/posts\/11259\/revisions"}],"wp:featuredmedia":[{"embeddable":true,"href":"https:\/\/revistaepocadigital.com.ar\/index.php?rest_route=\/wp\/v2\/media\/11260"}],"wp:attachment":[{"href":"https:\/\/revistaepocadigital.com.ar\/index.php?rest_route=%2Fwp%2Fv2%2Fmedia&parent=11259"}],"wp:term":[{"taxonomy":"category","embeddable":true,"href":"https:\/\/revistaepocadigital.com.ar\/index.php?rest_route=%2Fwp%2Fv2%2Fcategories&post=11259"},{"taxonomy":"post_tag","embeddable":true,"href":"https:\/\/revistaepocadigital.com.ar\/index.php?rest_route=%2Fwp%2Fv2%2Ftags&post=11259"}],"curies":[{"name":"wp","href":"https:\/\/api.w.org\/{rel}","templated":true}]}}