{"id":11263,"date":"2021-07-09T16:29:07","date_gmt":"2021-07-09T19:29:07","guid":{"rendered":"https:\/\/revistaepocadigital.com.ar\/?p=11263"},"modified":"2021-07-09T16:44:08","modified_gmt":"2021-07-09T19:44:08","slug":"el-club-honor-y-patria-92-anos-un-simbolo-de-capilla","status":"publish","type":"post","link":"https:\/\/revistaepocadigital.com.ar\/?p=11263","title":{"rendered":"El Club Honor y Patria. 92 a\u00f1os, \u00a1un s\u00edmbolo de Capilla!"},"content":{"rendered":"<div class=\"\" dir=\"auto\">\n<div id=\"jsc_c_vh\" class=\"ecm0bbzt hv4rvrfc ihqw7lf3 dati1w0a\" data-ad-comet-preview=\"message\" data-ad-preview=\"message\">\n<div class=\"j83agx80 cbu4d94t ew0dbk1b irj2b8pg\">\n<div class=\"qzhwtbm6 knvmm38d\">\n<div class=\"kvgmc6g5 cxmmr5t8 oygrvhab hcukyx3x c1et5uql ii04i59q\">\n<div dir=\"auto\"><strong>EL 9 DE JULIO.<!--more--><\/strong><\/div>\n<div dir=\"auto\"><\/div>\n<div dir=\"auto\">De 1816, las Provincias Unidas del R\u00edo de la Plata declararon la independencia de Espa\u00f1a, nac\u00eda la Argentina.<\/div>\n<\/div>\n<\/div>\n<\/div>\n<\/div>\n<\/div>\n<div dir=\"auto\"><\/div>\n<div dir=\"auto\">Y un 9 de Julio de 1929 (113 a\u00f1os despu\u00e9s), se creaba en un por entonces pueblito boenaerense un club, el Club Honor y Patria que con el transcurir de sus 92 a\u00f1osde vida, se iba a convertir en una de las entidades m\u00e1s simb\u00f3licas y entra\u00f1ables de nuestro distrito y la zona.<img loading=\"lazy\" decoding=\"async\" class=\"aligncenter size-full wp-image-11272\" src=\"https:\/\/revistaepocadigital.com.ar\/wp-content\/uploads\/2021\/07\/hyp...jpg\" alt=\"\" width=\"843\" height=\"843\" srcset=\"https:\/\/revistaepocadigital.com.ar\/wp-content\/uploads\/2021\/07\/hyp...jpg 843w, https:\/\/revistaepocadigital.com.ar\/wp-content\/uploads\/2021\/07\/hyp..-300x300.jpg 300w, https:\/\/revistaepocadigital.com.ar\/wp-content\/uploads\/2021\/07\/hyp..-150x150.jpg 150w, https:\/\/revistaepocadigital.com.ar\/wp-content\/uploads\/2021\/07\/hyp..-768x768.jpg 768w, https:\/\/revistaepocadigital.com.ar\/wp-content\/uploads\/2021\/07\/hyp..-696x696.jpg 696w, https:\/\/revistaepocadigital.com.ar\/wp-content\/uploads\/2021\/07\/hyp..-420x420.jpg 420w, https:\/\/revistaepocadigital.com.ar\/wp-content\/uploads\/2021\/07\/hyp..-840x840.jpg 840w\" sizes=\"auto, (max-width: 843px) 100vw, 843px\" \/><\/div>\n<div dir=\"auto\"><\/div>\n<div dir=\"auto\"><em>La antigua fachada.<\/em><\/div>\n<div dir=\"auto\"><\/div>\n<div class=\"\" dir=\"auto\">\n<div id=\"jsc_c_vh\" class=\"ecm0bbzt hv4rvrfc ihqw7lf3 dati1w0a\" data-ad-comet-preview=\"message\" data-ad-preview=\"message\">\n<div class=\"j83agx80 cbu4d94t ew0dbk1b irj2b8pg\">\n<div class=\"qzhwtbm6 knvmm38d\">\n<div class=\"o9v6fnle cxmmr5t8 oygrvhab hcukyx3x c1et5uql ii04i59q\">\n<div dir=\"auto\"><\/div>\n<\/div>\n<div class=\"o9v6fnle cxmmr5t8 oygrvhab hcukyx3x c1et5uql ii04i59q\">\n<div dir=\"auto\">Ubicado casi desde su inicio sobre la calle Rivadavia, frente a la plaza San Mart\u00edn, la instituci\u00f3n supo ser testigo de innumerables hitos deportivos; el deporte que siempre ha caracterizado al club es el basquet, donde hubo grandes equipos y brillantes jugadores.<\/div>\n<div dir=\"auto\"><\/div>\n<div dir=\"auto\">En la foto de apertura, hace muchos a\u00f1os en un reencuentro, conocidos vecinos que supieron integrar la primera divisi\u00f3n de basquet. Entre otros, Pablo Maiola, Oscar Ponti, Rodolfo Parodi, Carlitos Sanchez, Pepe Pereyra, el zurdo Luraschi, Tham Tham junto a su nietito Miguel Alejandro, Arturo Mastr\u00e1ngelo, Arrigoni Alfredo Font, Tito Bocca (todos fallecidos) y Oscar Bonifacio.<\/div>\n<div dir=\"auto\"><\/div>\n<div dir=\"auto\">Los espect\u00e1culos tambi\u00e9n tuvieron su lugar, pasaron por el club en sus \u00e9pocas de esplendor, Palito Ortega, Sandro, Juan D\u00b4Arienzo y su orquesta de tango, entre otros), se multiplicaron las reuniones sociales, los encuentros entre amigos, los &#8220;vermout&#8221; de los domingos a la ma\u00f1ana, el billar, y tantas actividades a las que le dio cabida.<\/div>\n<div dir=\"auto\"><\/div>\n<\/div>\n<\/div>\n<\/div>\n<\/div>\n<\/div>\n<div dir=\"auto\"><\/div>\n<div dir=\"auto\"><img loading=\"lazy\" decoding=\"async\" class=\"aligncenter size-full wp-image-11273\" src=\"https:\/\/revistaepocadigital.com.ar\/wp-content\/uploads\/2021\/07\/hyp-21.jpg\" alt=\"\" width=\"720\" height=\"720\" srcset=\"https:\/\/revistaepocadigital.com.ar\/wp-content\/uploads\/2021\/07\/hyp-21.jpg 720w, https:\/\/revistaepocadigital.com.ar\/wp-content\/uploads\/2021\/07\/hyp-21-300x300.jpg 300w, https:\/\/revistaepocadigital.com.ar\/wp-content\/uploads\/2021\/07\/hyp-21-150x150.jpg 150w, https:\/\/revistaepocadigital.com.ar\/wp-content\/uploads\/2021\/07\/hyp-21-696x696.jpg 696w, https:\/\/revistaepocadigital.com.ar\/wp-content\/uploads\/2021\/07\/hyp-21-420x420.jpg 420w\" sizes=\"auto, (max-width: 720px) 100vw, 720px\" \/><\/div>\n<div dir=\"auto\"><em>El frente del club.<\/em><\/div>\n<div dir=\"auto\"><\/div>\n<div dir=\"auto\"><\/div>\n<div class=\"\" dir=\"auto\">\n<div id=\"jsc_c_vh\" class=\"ecm0bbzt hv4rvrfc ihqw7lf3 dati1w0a\" data-ad-comet-preview=\"message\" data-ad-preview=\"message\">\n<div class=\"j83agx80 cbu4d94t ew0dbk1b irj2b8pg\">\n<div class=\"qzhwtbm6 knvmm38d\">\n<div class=\"o9v6fnle cxmmr5t8 oygrvhab hcukyx3x c1et5uql ii04i59q\">\n<div dir=\"auto\">El 9 de julio el club Honor y Patria ha festejado su 92\u00b0 aniversario y a falta del tradicional vermouth que reun\u00eda a socios y vecinos ese d\u00eda, sin poder continuarse por\u00a0 la pandemia, fue organizado un &#8220;empanadazo&#8221; que tuvo muy buena repercusi\u00f3n. A modo de colaboraci\u00f3n con el club, se vendieron empanadas caseras y muy sabrosas.<\/div>\n<div dir=\"auto\"><\/div>\n<div dir=\"auto\">&#8220;Queremos agradecer a todo aquel que aport\u00f3, aporta y seguir\u00e1 aportando su granito de arena para hacer cada d\u00eda m\u00e1s grande a la instituci\u00f3n. Felices 92\u00b0 a\u00f1os Club Social y Deportivo Honor y Patria&#8221;, expresaron desde la dirigencia.<\/div>\n<\/div>\n<\/div>\n<\/div>\n<div dir=\"auto\"><\/div>\n<div class=\"j83agx80 cbu4d94t ew0dbk1b irj2b8pg\">\n<div class=\"qzhwtbm6 knvmm38d\">\n<div dir=\"auto\">Foto apertura: gentileza Paul Nosdeo<\/div>\n<\/div>\n<\/div>\n<\/div>\n<\/div>\n","protected":false},"excerpt":{"rendered":"<p>EL 9 DE JULIO.<\/p>\n","protected":false},"author":4,"featured_media":11270,"comment_status":"open","ping_status":"open","sticky":false,"template":"","format":"standard","meta":{"footnotes":"","jetpack_publicize_message":"","jetpack_publicize_feature_enabled":true,"jetpack_social_post_already_shared":false,"jetpack_social_options":{"image_generator_settings":{"template":"highway","default_image_id":0,"font":"","enabled":false},"version":2}},"categories":[11,13],"tags":[],"class_list":["post-11263","post","type-post","status-publish","format-standard","has-post-thumbnail","hentry","category-entidades","category-interes-general"],"jetpack_publicize_connections":[],"jetpack_featured_media_url":"https:\/\/revistaepocadigital.com.ar\/wp-content\/uploads\/2021\/07\/hyp-basquet-anos.jpg","jetpack_likes_enabled":true,"_links":{"self":[{"href":"https:\/\/revistaepocadigital.com.ar\/index.php?rest_route=\/wp\/v2\/posts\/11263","targetHints":{"allow":["GET"]}}],"collection":[{"href":"https:\/\/revistaepocadigital.com.ar\/index.php?rest_route=\/wp\/v2\/posts"}],"about":[{"href":"https:\/\/revistaepocadigital.com.ar\/index.php?rest_route=\/wp\/v2\/types\/post"}],"author":[{"embeddable":true,"href":"https:\/\/revistaepocadigital.com.ar\/index.php?rest_route=\/wp\/v2\/users\/4"}],"replies":[{"embeddable":true,"href":"https:\/\/revistaepocadigital.com.ar\/index.php?rest_route=%2Fwp%2Fv2%2Fcomments&post=11263"}],"version-history":[{"count":0,"href":"https:\/\/revistaepocadigital.com.ar\/index.php?rest_route=\/wp\/v2\/posts\/11263\/revisions"}],"wp:featuredmedia":[{"embeddable":true,"href":"https:\/\/revistaepocadigital.com.ar\/index.php?rest_route=\/wp\/v2\/media\/11270"}],"wp:attachment":[{"href":"https:\/\/revistaepocadigital.com.ar\/index.php?rest_route=%2Fwp%2Fv2%2Fmedia&parent=11263"}],"wp:term":[{"taxonomy":"category","embeddable":true,"href":"https:\/\/revistaepocadigital.com.ar\/index.php?rest_route=%2Fwp%2Fv2%2Fcategories&post=11263"},{"taxonomy":"post_tag","embeddable":true,"href":"https:\/\/revistaepocadigital.com.ar\/index.php?rest_route=%2Fwp%2Fv2%2Ftags&post=11263"}],"curies":[{"name":"wp","href":"https:\/\/api.w.org\/{rel}","templated":true}]}}