{"id":11289,"date":"2021-07-10T00:17:19","date_gmt":"2021-07-10T03:17:19","guid":{"rendered":"https:\/\/revistaepocadigital.com.ar\/?p=11289"},"modified":"2021-07-10T00:17:19","modified_gmt":"2021-07-10T03:17:19","slug":"la-bronca-y-los-reclamos-del-campo-contra-el-gobierno-salieron-a-las-rutas","status":"publish","type":"post","link":"https:\/\/revistaepocadigital.com.ar\/?p=11289","title":{"rendered":"La bronca y los reclamos del campo contra el gobierno salieron a las rutas"},"content":{"rendered":"<p><strong>COMO EN OTRAS ETAPAS DE DURA CONFRONTACI\u00d3N.<\/strong><!--more--><\/p>\n<p>En la invariable relaci\u00f3n tortuosa y conflictiva con los gobiernos kirchneristas, el sector del campo volvi\u00f3 a plantears sus reclamos y fuertes cr\u00edticas hacia el gobierno encabezado por el presidente Alberto Fern\u00e1ndez.<\/p>\n<p>Sobre la ruta 9, a la altura de San Nicol\u00e1s fue la concentraci\u00f3n mayor, con gente del campo de distintos lugares del pa\u00eds. Las estimaciones de p\u00fablico que asisti\u00f3 en gran numero fueron diversas, entre 50 y 60 mil personas.<\/p>\n<p>El reclamo, tambi\u00e9n se vio en Exaltaci\u00f3n de la Cruz como en anteriores situaciones similares, en Parada Robles, tambien fue imporante la concurrencia, dentro del contexto de Exaltaci\u00f3n de la Cruz. Luego una prolongada caravana de veh\u00edculos se traslado y recorri\u00f3 las calles de Capilla del Se\u00f1or.<\/p>\n<p><img loading=\"lazy\" decoding=\"async\" class=\"aligncenter size-full wp-image-11291\" src=\"https:\/\/revistaepocadigital.com.ar\/wp-content\/uploads\/2021\/07\/campo1-1.jpg\" alt=\"\" width=\"590\" height=\"296\" srcset=\"https:\/\/revistaepocadigital.com.ar\/wp-content\/uploads\/2021\/07\/campo1-1.jpg 590w, https:\/\/revistaepocadigital.com.ar\/wp-content\/uploads\/2021\/07\/campo1-1-300x151.jpg 300w\" sizes=\"auto, (max-width: 590px) 100vw, 590px\" \/> <img loading=\"lazy\" decoding=\"async\" class=\"aligncenter size-large wp-image-11292\" src=\"https:\/\/revistaepocadigital.com.ar\/wp-content\/uploads\/2021\/07\/campo2-1200x899.jpg\" alt=\"\" width=\"696\" height=\"521\" srcset=\"https:\/\/revistaepocadigital.com.ar\/wp-content\/uploads\/2021\/07\/campo2-1200x899.jpg 1200w, https:\/\/revistaepocadigital.com.ar\/wp-content\/uploads\/2021\/07\/campo2-300x225.jpg 300w, https:\/\/revistaepocadigital.com.ar\/wp-content\/uploads\/2021\/07\/campo2-768x575.jpg 768w, https:\/\/revistaepocadigital.com.ar\/wp-content\/uploads\/2021\/07\/campo2-80x60.jpg 80w, https:\/\/revistaepocadigital.com.ar\/wp-content\/uploads\/2021\/07\/campo2-160x120.jpg 160w, https:\/\/revistaepocadigital.com.ar\/wp-content\/uploads\/2021\/07\/campo2-265x198.jpg 265w, https:\/\/revistaepocadigital.com.ar\/wp-content\/uploads\/2021\/07\/campo2-530x396.jpg 530w, https:\/\/revistaepocadigital.com.ar\/wp-content\/uploads\/2021\/07\/campo2-696x521.jpg 696w, https:\/\/revistaepocadigital.com.ar\/wp-content\/uploads\/2021\/07\/campo2-1068x800.jpg 1068w, https:\/\/revistaepocadigital.com.ar\/wp-content\/uploads\/2021\/07\/campo2-561x420.jpg 561w, https:\/\/revistaepocadigital.com.ar\/wp-content\/uploads\/2021\/07\/campo2-1121x840.jpg 1121w, https:\/\/revistaepocadigital.com.ar\/wp-content\/uploads\/2021\/07\/campo2.jpg 1280w\" sizes=\"auto, (max-width: 696px) 100vw, 696px\" \/><\/p>\n<p><img loading=\"lazy\" decoding=\"async\" class=\"aligncenter size-full wp-image-11294\" src=\"https:\/\/revistaepocadigital.com.ar\/wp-content\/uploads\/2021\/07\/manifes-21.jpg\" alt=\"\" width=\"480\" height=\"270\" srcset=\"https:\/\/revistaepocadigital.com.ar\/wp-content\/uploads\/2021\/07\/manifes-21.jpg 480w, https:\/\/revistaepocadigital.com.ar\/wp-content\/uploads\/2021\/07\/manifes-21-300x169.jpg 300w\" sizes=\"auto, (max-width: 480px) 100vw, 480px\" \/><img loading=\"lazy\" decoding=\"async\" class=\"aligncenter size-large wp-image-11293\" src=\"https:\/\/revistaepocadigital.com.ar\/wp-content\/uploads\/2021\/07\/cam3-1200x773.jpg\" alt=\"\" width=\"696\" height=\"448\" srcset=\"https:\/\/revistaepocadigital.com.ar\/wp-content\/uploads\/2021\/07\/cam3-1200x773.jpg 1200w, https:\/\/revistaepocadigital.com.ar\/wp-content\/uploads\/2021\/07\/cam3-300x193.jpg 300w, https:\/\/revistaepocadigital.com.ar\/wp-content\/uploads\/2021\/07\/cam3-768x494.jpg 768w, https:\/\/revistaepocadigital.com.ar\/wp-content\/uploads\/2021\/07\/cam3-696x448.jpg 696w, https:\/\/revistaepocadigital.com.ar\/wp-content\/uploads\/2021\/07\/cam3-1068x688.jpg 1068w, https:\/\/revistaepocadigital.com.ar\/wp-content\/uploads\/2021\/07\/cam3-652x420.jpg 652w, https:\/\/revistaepocadigital.com.ar\/wp-content\/uploads\/2021\/07\/cam3.jpg 1280w\" sizes=\"auto, (max-width: 696px) 100vw, 696px\" \/><\/p>\n","protected":false},"excerpt":{"rendered":"<p>COMO EN OTRAS ETAPAS DE DURA CONFRONTACI\u00d3N.<\/p>\n","protected":false},"author":4,"featured_media":11290,"comment_status":"open","ping_status":"open","sticky":false,"template":"","format":"standard","meta":{"footnotes":"","jetpack_publicize_message":"","jetpack_publicize_feature_enabled":true,"jetpack_social_post_already_shared":false,"jetpack_social_options":{"image_generator_settings":{"template":"highway","default_image_id":0,"font":"","enabled":false},"version":2}},"categories":[17],"tags":[1459],"class_list":["post-11289","post","type-post","status-publish","format-standard","has-post-thumbnail","hentry","category-politica","tag-protestas-campo"],"jetpack_publicize_connections":[],"jetpack_featured_media_url":"https:\/\/revistaepocadigital.com.ar\/wp-content\/uploads\/2021\/07\/campo1.jpg","jetpack_likes_enabled":true,"_links":{"self":[{"href":"https:\/\/revistaepocadigital.com.ar\/index.php?rest_route=\/wp\/v2\/posts\/11289","targetHints":{"allow":["GET"]}}],"collection":[{"href":"https:\/\/revistaepocadigital.com.ar\/index.php?rest_route=\/wp\/v2\/posts"}],"about":[{"href":"https:\/\/revistaepocadigital.com.ar\/index.php?rest_route=\/wp\/v2\/types\/post"}],"author":[{"embeddable":true,"href":"https:\/\/revistaepocadigital.com.ar\/index.php?rest_route=\/wp\/v2\/users\/4"}],"replies":[{"embeddable":true,"href":"https:\/\/revistaepocadigital.com.ar\/index.php?rest_route=%2Fwp%2Fv2%2Fcomments&post=11289"}],"version-history":[{"count":0,"href":"https:\/\/revistaepocadigital.com.ar\/index.php?rest_route=\/wp\/v2\/posts\/11289\/revisions"}],"wp:featuredmedia":[{"embeddable":true,"href":"https:\/\/revistaepocadigital.com.ar\/index.php?rest_route=\/wp\/v2\/media\/11290"}],"wp:attachment":[{"href":"https:\/\/revistaepocadigital.com.ar\/index.php?rest_route=%2Fwp%2Fv2%2Fmedia&parent=11289"}],"wp:term":[{"taxonomy":"category","embeddable":true,"href":"https:\/\/revistaepocadigital.com.ar\/index.php?rest_route=%2Fwp%2Fv2%2Fcategories&post=11289"},{"taxonomy":"post_tag","embeddable":true,"href":"https:\/\/revistaepocadigital.com.ar\/index.php?rest_route=%2Fwp%2Fv2%2Ftags&post=11289"}],"curies":[{"name":"wp","href":"https:\/\/api.w.org\/{rel}","templated":true}]}}