{"id":11311,"date":"2021-07-13T00:03:54","date_gmt":"2021-07-13T03:03:54","guid":{"rendered":"https:\/\/revistaepocadigital.com.ar\/?p=11311"},"modified":"2021-07-13T00:09:56","modified_gmt":"2021-07-13T03:09:56","slug":"aires-de-independencia-en-los-cardales","status":"publish","type":"post","link":"https:\/\/revistaepocadigital.com.ar\/?p=11311","title":{"rendered":"Aires de Independencia en Los Cardales\u2026"},"content":{"rendered":"<p><strong>\u00bfES POSIBLE O ES CIENCIA FICCI\u00d3N?<\/strong><!--more--><\/p>\n<p>Como cada a\u00f1o, el 9 de julio, Cardales fue el epicentro de los festejos por el D\u00eda de la Independencia. La inauguraci\u00f3n de una nueva plazoleta detr\u00e1s de la estaci\u00f3n, en el nacimiento de la calle Belgrano, fue motivo de gran alegr\u00eda entre los vecinos que reclamaban desde hac\u00eda tiempo la mejora del lugar que parec\u00eda abandonado a su suerte.<\/p>\n<p>Sin duda, la sorpresa para muchos fue el izamiento de la bandera del pueblo, que flamea a un lado del Pabell\u00f3n Nacional, luciendo casi como un s\u00edmbolo de independencia.<\/p>\n<p>Es que el crecimiento exponencial que ha tenido el pueblo en los \u00faltimos veinte a\u00f1os, no s\u00f3lo en poblaci\u00f3n, sino en proyectos como la instalaci\u00f3n del Parque Industrial, Vasa, una estaci\u00f3n de peaje, la ya anunciada construcci\u00f3n del hospital modular, un muy eficiente cuartel del bomberos voluntarios en crecimiento constante, y la pujante cooperativa de servicios sanitarios entre otros, reabre el debate de una posible b\u00fasqueda de autonom\u00eda.<\/p>\n<p>No resulta ajeno al momento del an\u00e1lisis de tan sensible cuesti\u00f3n, un dato pol\u00edtico de indudable peso que comenz\u00f3 hace tres d\u00e9cadas. Desde 1989 cuando asumi\u00f3 por primera vez como intendente de Exaltaci\u00f3n de la Cruz, Ricardo Bozzani, todos los jefes comunales que lo sucedieron, fueron vecinos cardalenses: Horacio Errazu, Adri\u00e1n S\u00e1nchez e incluso el actual intendente Diego Nanni. En tanto Bozzani en el imaginario popular y ante hechos de la vida pol\u00edtica local, mantuvo disimulada influencia sobre las gestiones posteriores que pretende conservar, siendo la de Nanni la que ha insinuado una impronta de mayor independencia de criterio y en la gesti\u00f3n.<\/p>\n<p>Esa conducci\u00f3n pol\u00edtica inalterable originada en Cardales, ha reflejado a su vez, la carencia de figuras pol\u00edticas capillenses aceptadas por los vecinos, \u00a0en condiciones de medirse en las urnas, ganar y llegar al sill\u00f3n del intendente. \u00a0No son pocos los vecinos que sostienen que el poder surgido en Cardales en el \u00b489, ha torcido la balanza.<\/p>\n<p>Nada aparece como descabellado, mencionado algunos de los factores anteriores, para que en algunas mentes se acune el objetivo\u00a0 de que Cardales cambie su estatus en el concierto de los 135 partidos bonaerenses y surja la idea de su autonom\u00eda. Se suma a semejante especulaci\u00f3n guardada bajo cuatro llaves, la inmejorable ubicaci\u00f3n de Cardales, que lo convierte en un lugar estrat\u00e9gico entre dos rutas nacionales (8 y 9) de enorme circulaci\u00f3n y con la misma ruta Ruta 6 pasando a las puertas del casco urbano, conocida como la ruta del Mercosur. Ruta que como se sabe, el gobierno provincial anunci\u00f3 su en\u00e9sima repavimentaci\u00f3n dividida en 4 etapas.<\/p>\n<p>El esp\u00edritu progresista y aut\u00f3nomo de la comunidad cardalense muestra su marca registrada. No espera por obras, son los propios vecinos quienes a fuerza de trabajo cooperativo, lograron la red de agua corriente, de cloacas, gas, un jard\u00edn maternal. Siempre con la mirada puesta en avanzar.<\/p>\n<p>De a poco, Cardales se fue convirtiendo para Exaltaci\u00f3n de la Cruz, en lo que es Rosario para Santa Fe. No es la cabecera del distrito, ni sede de las autoridades municipales, pero su importancia en la vida econ\u00f3mica, cultural y pol\u00edtica del distrito es innegable.<\/p>\n<p>Sabido es que desde hace unos a\u00f1os se viene notando el crecimiento de zonas aleda\u00f1as como el Barrio Sakura y Pav\u00f3n que se suman a su padr\u00f3n. Cardales ha definido elecciones por la cantidad de sus votos. De ah\u00ed la importancia en el armado de las listas, que los partidos integran con una fuerte presencia de cardaleros en lugares claves, en desmedro (porqu\u00e9 no decirlo) de otras localidades del distrito, con el fin de obtener el benepl\u00e1cito de la comunidad y su voto.<\/p>\n<p>La gesti\u00f3n municipal lo sabe, y apuesta fuerte con proyectos tales como las obras sobre la Avenida Belgrano y la calle San Mart\u00edn que mejorar\u00e1n la circulaci\u00f3n tanto para veh\u00edculos particulares como colectivos. Eso sumado a la ampliaci\u00f3n de oficinas de \u00e1reas comunales para atenci\u00f3n a vecinos, la importante reestructuraci\u00f3n del sistema ferroviario que promete devolver los ansiados trenes con un servicio eficiente y c\u00f3modo, hablan de un futuro promisorio para una comunidad que muestra pujanza.<\/p>\n<p>Cardales, celebr\u00f3 la Independencia con la mirada puesta en un porvenir \u00bfcada d\u00eda m\u00e1s cercano?\u2026<\/p>\n","protected":false},"excerpt":{"rendered":"<p>\u00bfES POSIBLE O ES CIENCIA FICCI\u00d3N?<\/p>\n","protected":false},"author":3,"featured_media":11313,"comment_status":"open","ping_status":"open","sticky":false,"template":"","format":"standard","meta":{"footnotes":"","jetpack_publicize_message":"","jetpack_publicize_feature_enabled":true,"jetpack_social_post_already_shared":false,"jetpack_social_options":{"image_generator_settings":{"template":"highway","default_image_id":0,"font":"","enabled":false},"version":2}},"categories":[4,17],"tags":[1461,423],"class_list":["post-11311","post","type-post","status-publish","format-standard","has-post-thumbnail","hentry","category-aqui-los-cardales","category-politica","tag-autonomia","tag-cardales"],"jetpack_publicize_connections":[],"jetpack_featured_media_url":"https:\/\/revistaepocadigital.com.ar\/wp-content\/uploads\/2021\/07\/208717984_1429117074140088_8260462863192538564_n.jpg","jetpack_likes_enabled":true,"_links":{"self":[{"href":"https:\/\/revistaepocadigital.com.ar\/index.php?rest_route=\/wp\/v2\/posts\/11311","targetHints":{"allow":["GET"]}}],"collection":[{"href":"https:\/\/revistaepocadigital.com.ar\/index.php?rest_route=\/wp\/v2\/posts"}],"about":[{"href":"https:\/\/revistaepocadigital.com.ar\/index.php?rest_route=\/wp\/v2\/types\/post"}],"author":[{"embeddable":true,"href":"https:\/\/revistaepocadigital.com.ar\/index.php?rest_route=\/wp\/v2\/users\/3"}],"replies":[{"embeddable":true,"href":"https:\/\/revistaepocadigital.com.ar\/index.php?rest_route=%2Fwp%2Fv2%2Fcomments&post=11311"}],"version-history":[{"count":0,"href":"https:\/\/revistaepocadigital.com.ar\/index.php?rest_route=\/wp\/v2\/posts\/11311\/revisions"}],"wp:featuredmedia":[{"embeddable":true,"href":"https:\/\/revistaepocadigital.com.ar\/index.php?rest_route=\/wp\/v2\/media\/11313"}],"wp:attachment":[{"href":"https:\/\/revistaepocadigital.com.ar\/index.php?rest_route=%2Fwp%2Fv2%2Fmedia&parent=11311"}],"wp:term":[{"taxonomy":"category","embeddable":true,"href":"https:\/\/revistaepocadigital.com.ar\/index.php?rest_route=%2Fwp%2Fv2%2Fcategories&post=11311"},{"taxonomy":"post_tag","embeddable":true,"href":"https:\/\/revistaepocadigital.com.ar\/index.php?rest_route=%2Fwp%2Fv2%2Ftags&post=11311"}],"curies":[{"name":"wp","href":"https:\/\/api.w.org\/{rel}","templated":true}]}}