{"id":11320,"date":"2021-07-13T00:44:43","date_gmt":"2021-07-13T03:44:43","guid":{"rendered":"https:\/\/revistaepocadigital.com.ar\/?p=11320"},"modified":"2021-07-13T00:44:57","modified_gmt":"2021-07-13T03:44:57","slug":"cada-vez-mas-horas-de-clases-presenciales-en-la-provincia","status":"publish","type":"post","link":"https:\/\/revistaepocadigital.com.ar\/?p=11320","title":{"rendered":"CADA VEZ M\u00c1S HORAS DE CLASES PRESENCIALES EN LA PROVINCIA"},"content":{"rendered":"<div class=\"post-header\">\n<div class=\"post-byline\"><strong>LO RESOLVIO.<\/strong><\/div>\n<\/div>\n<p><!--more--><\/p>\n<h6>La Direcci\u00f3n General de Cultura y Educaci\u00f3n a las jefaturas regionales. La etapa ha comenzado y parece que se aplicar\u00e1 luego de las vacaciones de invierno.<\/h6>\n<p>Las escuelas bonaerenses comenzaron el 12\/7 con un proceso de ampliaci\u00f3n progresiva de la jornada de clases presenciales (el l\u00edmite era de cuatro horas), mientras que tambi\u00e9n se habilitar\u00e1 la concurrencia a establecimientos de las modalidades de Formaci\u00f3n Profesional y Adultos. Seg\u00fan public\u00f3 el peri\u00f3dico El Lugare\u00f1o, fue comunicada la decisi\u00f3n a la Direcci\u00f3n General de Cultura y Educaci\u00f3n bonaerense, a las jefaturas regionales, a inspectores y a los equipos de conducci\u00f3n de las escuelas, seg\u00fan un documento al que tuvo acceso DIB.<\/p>\n<p>El mismo advierte que a partir del 12\/7 se encuentran habilitados para retomar la presencialidad las modalidades de Formaci\u00f3n Profesional; Educaci\u00f3n F\u00edsica; J\u00f3venes, Adultos y Adultos Mayores; Educaci\u00f3n Art\u00edstica; y Psicolog\u00eda Comunitaria y Pedagog\u00eda Social; de los distritos que se encuentran en fase 3, 4 y 5.<\/p>\n<p>\u201cTambi\u00e9n quedan habilitadas las pr\u00e1cticas docentes y profesionalizantes de las Instituciones de Educaci\u00f3n Superior Inicial Docente, T\u00e9cnica y Art\u00edstica, as\u00ed como aquellas actividades que requieren la presencialidad para la concreci\u00f3n de las propuestas espec\u00edficas\u201d, detalla el documento interno.<\/p>\n<p>Asimismo, se\u00f1ala que \u201ca partir del lunes 12 de julio se podr\u00e1 extender progresivamente la jornada escolar\u201d con estricto cumplimiento de las medidas de cuidado establecidas en el Plan Jurisdiccional. Entre ellas, \u201cel uso de tapabocas\u201d, \u201cla adecuada ventilaci\u00f3n de los ambientes\u201d, \u201cla distancia de 1,5 metros entre estudiantes y de 2 metros en relaci\u00f3n con su docente en las aulas\u201d y el \u201crespeto del agrupamiento de estudiantes\u201d.<\/p>\n<p>Desde la cartera educativa le detallaron a DIB que \u201clas medidas se avisan siempre con cierta anticipaci\u00f3n\u201d para que las escuelas puedan prepararse. Las modalidades en cuesti\u00f3n \u201cfueron habilitadas esta semana para que puedan ir prepar\u00e1ndose para retomar las actividades presenciales luego del receso escolar\u201d, indicaron. O sea, despu\u00e9s del 30 de julio. Y agregaron: \u201cLo mismo en el caso de las instituciones que cuentan con condiciones para extender la jornada escolar\u201d. (DIB)<\/p>\n<p>&nbsp;<\/p>\n<p>Foto portada: gentileza diario Perfil.<\/p>\n","protected":false},"excerpt":{"rendered":"<p>LO RESOLVIO.<\/p>\n","protected":false},"author":3,"featured_media":11321,"comment_status":"open","ping_status":"open","sticky":false,"template":"","format":"standard","meta":{"footnotes":"","jetpack_publicize_message":"","jetpack_publicize_feature_enabled":true,"jetpack_social_post_already_shared":false,"jetpack_social_options":{"image_generator_settings":{"template":"highway","default_image_id":0,"font":"","enabled":false},"version":2}},"categories":[13,14],"tags":[1417],"class_list":["post-11320","post","type-post","status-publish","format-standard","has-post-thumbnail","hentry","category-interes-general","category-la-gente","tag-clases-presenciales"],"jetpack_publicize_connections":[],"jetpack_featured_media_url":"https:\/\/revistaepocadigital.com.ar\/wp-content\/uploads\/2021\/07\/clases-en-pandemia-1117859.jpg","jetpack_likes_enabled":true,"_links":{"self":[{"href":"https:\/\/revistaepocadigital.com.ar\/index.php?rest_route=\/wp\/v2\/posts\/11320","targetHints":{"allow":["GET"]}}],"collection":[{"href":"https:\/\/revistaepocadigital.com.ar\/index.php?rest_route=\/wp\/v2\/posts"}],"about":[{"href":"https:\/\/revistaepocadigital.com.ar\/index.php?rest_route=\/wp\/v2\/types\/post"}],"author":[{"embeddable":true,"href":"https:\/\/revistaepocadigital.com.ar\/index.php?rest_route=\/wp\/v2\/users\/3"}],"replies":[{"embeddable":true,"href":"https:\/\/revistaepocadigital.com.ar\/index.php?rest_route=%2Fwp%2Fv2%2Fcomments&post=11320"}],"version-history":[{"count":0,"href":"https:\/\/revistaepocadigital.com.ar\/index.php?rest_route=\/wp\/v2\/posts\/11320\/revisions"}],"wp:featuredmedia":[{"embeddable":true,"href":"https:\/\/revistaepocadigital.com.ar\/index.php?rest_route=\/wp\/v2\/media\/11321"}],"wp:attachment":[{"href":"https:\/\/revistaepocadigital.com.ar\/index.php?rest_route=%2Fwp%2Fv2%2Fmedia&parent=11320"}],"wp:term":[{"taxonomy":"category","embeddable":true,"href":"https:\/\/revistaepocadigital.com.ar\/index.php?rest_route=%2Fwp%2Fv2%2Fcategories&post=11320"},{"taxonomy":"post_tag","embeddable":true,"href":"https:\/\/revistaepocadigital.com.ar\/index.php?rest_route=%2Fwp%2Fv2%2Ftags&post=11320"}],"curies":[{"name":"wp","href":"https:\/\/api.w.org\/{rel}","templated":true}]}}