{"id":1137,"date":"2019-01-09T10:35:11","date_gmt":"2019-01-09T13:35:11","guid":{"rendered":"https:\/\/revistaepocadigital.com.ar\/?p=1137"},"modified":"2019-01-09T10:38:44","modified_gmt":"2019-01-09T13:38:44","slug":"las-fichas-del-tablero-politico-exaltacruceno-en-movimiento","status":"publish","type":"post","link":"https:\/\/revistaepocadigital.com.ar\/?p=1137","title":{"rendered":"LAS FICHAS DEL TABLERO POL\u00cdTICO EXALTACRUCE\u00d1O EN MOVIMIENTO."},"content":{"rendered":"<p><strong>EL TIEMPO TRANSCURRE CON SUMA RAPIDEZ.<\/strong><!--more--><\/p>\n<p>Ante el nuevo a\u00f1o, <strong>electoral<\/strong> por si faltara algo, comienzan a acelerar sus movimientos; el tiempo se escurre entre las manos, y el momento de decisiones respecto a candidaturas y estrategias tienen plazos fijados. En el oficialismo se dirimen cuestiones, se dan pasos que pueden resultar decisivos frente a las pr\u00f3ximas elecciones, sobre cuyos efectos las urnas dar\u00e1n su veredicto.<\/p>\n<p>Al proceso electoral que despunta y se ha puesto en marcha, lo acompa\u00f1a la compleja situaci\u00f3n actual en el pa\u00eds que viene del inolvidable a\u00f1o 2018, y con consecuencias en el distrito de <strong>Exaltaci\u00f3n de la Cruz<\/strong> y en el municipio que debe moverse en un contexto marcado por la estrechez financiera y por otro lado, la necesidad de dar respuestas a justamente, necesidades de los vecinos exaltacruce\u00f1os.<\/p>\n<p>El oficialismo ante el <strong>dilema<\/strong> de administrar y seguir gestionando el municipio y a la vez, y en paralelo, seguir bien de cerca el devenir electoral con la mira puesta en unas elecciones que pueden marcar un antes y un despu\u00e9s.<\/p>\n<p>La <strong>oposici\u00f3n<\/strong> por su lado, encabezada por <strong>Cambiemos,<\/strong> al que se suman otras expresiones pol\u00edticas, ante el desaf\u00edo de diferenciarse del oficialismo pero a la vez, presentar consignas, proyectos y planes que sean diferenciadores respecto a la tan prolongada gesti\u00f3n actual.<\/p>\n<p>A prop\u00f3sito del a\u00f1o pol\u00edtico y rodeado de complejidades que se avecina, como lo hace con referentes de todos los partidos pol\u00edticos en el distrito, <strong>EPOCA<\/strong> le plante\u00f3 a <strong>Diego Nanni,<\/strong> secretario de gobierno y quien aspira a ser candidato a intendente, cuestiones que hacen al momento que se vive y a lo que podr\u00e1 venir en <strong>Exaltaci\u00f3n de la Cruz.<\/strong><\/p>\n<p><strong>-Con el 2019 en marcha, a\u00f1o eminentemenete pol\u00edtico, frente a su candidatura a intendente, est\u00e1 cerrado el acuerdo <\/strong><strong>con Luis Mariano Martin?, en tal caso que rol tendr\u00e1 en la campa\u00f1a electoral y a su vez, en caso que usted gane las <\/strong><strong>elecciones?<\/strong><br \/>\n&#8211;<em>Con Luisma hemos tenido muchas conversaciones, y hay muchos puntos de entendimiento. Con esto quiero decir, que coincidimos en proyectos y nombres para asumir responsabilidades claves en una nueva gesti\u00f3n. Ahora bien, en t\u00e9rminos de campa\u00f1a electoral, a\u00fan no tenemos claro el panorama provincial y nacional, con lo cual es dif\u00edcil poder anticipar una estrategia electoral en conjunto.<\/em><\/p>\n<p><strong>-\u00bfQue opina de la posibilidad que se desdoblen las elecciones en la provincia de Buenos Aires?<\/strong><br \/>\n<em>-Se est\u00e1 dando pr\u00e1cticamente en todo el pa\u00eds, para ser sincero me provoca sentimientos encontrados. Por un lado, en un escenario en el cual las elecciones se presentan bien polarizadas, y donde las alternativas no terminan de ser compatibles al 100% con la propuesta local, veo con buenos ojos que se pueda diferenciar lo municipal de cualquier propuesta provincial.<\/em><br \/>\n<em>Por otro lado, y en \u00e9pocas de vacas flacas, me provoca rechazo la idea de tener que incurrir en un mayor presupuesto para llevar adelante los comicios. Los costos de desdoblar las elecciones, son considerables y la verdad que no estamos en el momento ideal para redireccionar fondos<\/em>.<\/p>\n<p><span style=\"color: #ff6600;\">&#8220;EL INTENDENTE VEO QUE TIENE GESTIONES ENCAMINADDAS CON EL OFICIALISMO&#8221;<\/span><\/p>\n<p><strong>-\u00bfConsidera probable que entre los aspirantes a ser intendentes se sume como candidato, adem\u00e1s de su conocida <\/strong><strong>candidatura y la descontada de Raul Sancho, el actual intendente Adri\u00e1n Sanchez?<\/strong><br \/>\n<em>-Adri\u00e1n puede presentarse para un per\u00edodo m\u00e1s, as\u00ed se lo permite la ley; hay que ver si tiene las ganas necesariaspara encarar un nuevo desaf\u00edo. En el caso del actual intendente, veo que tiene gestiones encaminadas con el oficialismo<\/em> (Cambiemos apuntamos desde EPOCA),<em> y tal vez quiera llevar hasta el final las mismas. Ser\u00eda muy razonable que pueda darle cierre a esas gestiones, quien comenz\u00f3 las mismas.<\/em><\/p>\n<p>&nbsp;<\/p>\n<figure id=\"attachment_1144\" aria-describedby=\"caption-attachment-1144\" style=\"width: 550px\" class=\"wp-caption aligncenter\"><img loading=\"lazy\" decoding=\"async\" class=\"size-full wp-image-1144\" src=\"https:\/\/revistaepocadigital.com.ar\/wp-content\/uploads\/2019\/01\/nanni-aut-def1-1.jpg\" alt=\"\" width=\"550\" height=\"359\" srcset=\"https:\/\/revistaepocadigital.com.ar\/wp-content\/uploads\/2019\/01\/nanni-aut-def1-1.jpg 550w, https:\/\/revistaepocadigital.com.ar\/wp-content\/uploads\/2019\/01\/nanni-aut-def1-1-300x196.jpg 300w\" sizes=\"auto, (max-width: 550px) 100vw, 550px\" \/><figcaption id=\"caption-attachment-1144\" class=\"wp-caption-text\">Nanni avisora el pase del intendente S\u00e1nchez a Cambiemos, y no lo descarta como candidato a intendente (Foto gentileza La Aut\u00e9ntica Defensa).<\/figcaption><\/figure>\n<p>&nbsp;<\/p>\n<p><strong>-2019 se espera y hasta se descuenta, con dificultades financieras, por los m\u00faltiples factores que incidieron en 2018, incluyendo la baja en la recaudaci\u00f3n municipal en el municipio y el dificultoso envio de fondos por parte de la provincia; adem\u00e1s en 2019 no habr\u00e1 nuevas obras p\u00fablicas segun admiti\u00f3 el intendente. \u00bfComo podr\u00e1 influir este contexto en su candidatura a intendente?<\/strong><br \/>\n<em>-Ser\u00e1 un a\u00f1o en el cual se deber\u00e1 aplicar con mucho criterio y planificaci\u00f3n el recurso econ\u00f3mico. Si bien es cierto que contamos con menores recursos, tambi\u00e9n es cierto que lo que se ha gestionado se est\u00e1 aprovechando muy bien en materia de salud y obras hidr\u00e1ulicas.<\/em><br \/>\n<em>En cuanto a la falta de presupuesto en materia de obra p\u00fablica para el 2019 es relativo, que NO haya presupuestado grandes obras con recursos municipales, no significa que no se vaya a gestionar ninguna obra de magnitud importante. Esto se ir\u00e1 viendo seg\u00fan el panorama provincial y nacional.<\/em><br \/>\n<em>En cuanto a mis intenciones de ser el intendente de Exaltaci\u00f3n de la Cruz, no creo que lo que comentamos influya, quien administre los recursos municipales, tiene que tener la habilidad para hacerlo criteriosamente y en el contexto que se presente.<\/em><\/p>\n<p><span style=\"color: #ff6600;\">EL AUMENTO SALARIAL A LOS EMPLEADOS MUNICIPALES<\/span><\/p>\n<p><strong>-Recientemente el intendente anunci\u00f3 con satisfacci\u00f3n la recomposici\u00f3n salarial para el personal municipal, quedandola sensaci\u00f3n controversial por cierto, que los municipales son principales actores en el movimiento econ\u00f3mico de comercios y actividades econ\u00f3micas en el distrito, y que por esa raz\u00f3n deb\u00edan ser actualizados sus salarios. Impresiones recogidas de vecinos del sector privado que en casos, arriesgan capital para producir o desarrollar actividades comerciales, no coinciden con la decisi\u00f3n y la argumentaci\u00f3n del jefe comunal.<\/strong><br \/>\n<em>-Yo creo que la recomposici\u00f3n salarial pas\u00f3 por tratar de devolver poder adquisitivo al empleado p\u00fablico, primero quenada porque as\u00ed debe ser para que sea digno el trabajo en la municipalidad. Los efectos colaterales, como el que menciona, el de volcar en la econom\u00eda local mayor recurso, es real pero NO es el fundamento para un aumento de sueldos a los empleados municipales. Creo que es una buena decisi\u00f3n pol\u00edtica, la de remunerar dignamente a los empleados municipales.<\/em><\/p>\n<p><strong>-Respecto a su candidatura y a dichos mencionados hace poco por el siempre influyente ex intendente Ricardo Bozzani, en cuanto a la necesidad de una renovaci\u00f3n de estrategias y nombres en el staff municipal, \u00bfCoincide con Bozzani? y en ese caso de resultar electo intendente, \u00bfproducir\u00e1 cambios de fondo en el manejo del municipio, y en el esquema de funcionarios, algunos de los cuales acumulan hasta casi treinta a\u00f1os en sus funciones?<\/strong><br \/>\n<em>-Definitivamente SI. No puede haber una nueva propuesta sin grandes cambios para adaptarse al nuevo escenario.<\/em><\/p>\n<p><strong>-La reciente designaci\u00f3n de Mar\u00eda Luz Bozzani en una nueva \u00e1rea de gesti\u00f3n en el esquema del Ejecutivo municipal, solicitando licencia a su cargo de concejal, \u00bfno se contradice con la pol\u00edtica de austeridad y racionalizaci\u00f3n de gastos, habida cuenta de las finanzas de la comuna?. Y por otro lado, acaso no obecede a objetivos que formen parte de la estrategia electoral que se establezca para retener el municipio?<\/strong><\/p>\n<p><em>-La incorporaci\u00f3n de Mar\u00eda Luz al Ejecutivo, tiene que ver con la preparaci\u00f3n de cuadros que le van a dar continuidad a la gesti\u00f3n. Mar\u00eda Luz es uno de los cuadros j\u00f3venes, con experiencia y con mucho potencial para estar en la primera l\u00ednea de trabajo en la gesti\u00f3n que viene. Por eso se ha decidido que vaya ensayando lo que significa el roce con el d\u00eda a d\u00eda, para que gane a\u00fan m\u00e1s experiencia y se pueda explotar su potencial cuanto antes. Con respecto a la econom\u00eda del municipio y c\u00f3mo impactan estos cambios, nosotros monitoreamos continuamente bajas y altas en el staff municipal, y el \u00faltimo a\u00f1o hemos tenido var\u00edas jubilaciones y se ha recortado en algunas \u00e1reas aquellos servicios contratados que tuvimos que resignar. Quiero mencionar, que hay reasignaciones presupuestarias a la hora de tomar este tipo de decisiones.<\/em><\/p>\n<p><strong>-\u00bfEstar\u00e1 entre usted y Raul Sancho como parece que suceder\u00e1, y como tambien estiman vecinos, la pelea central en las urnas por la intendencia?<\/strong><br \/>\n<em>-Yo agregar\u00eda a Adri\u00e1n<\/em> (S\u00e1nchez) <em>y a Mar\u00eda Luz<\/em> (Bozzani) <em>en la ronda de nombres de candidatos a la intendencia, con <\/em><em>posibilidades de acceder al sill\u00f3n del intendente.<\/em><\/p>\n","protected":false},"excerpt":{"rendered":"<p>EL TIEMPO TRANSCURRE CON SUMA RAPIDEZ.<\/p>\n","protected":false},"author":3,"featured_media":1140,"comment_status":"open","ping_status":"open","sticky":false,"template":"","format":"standard","meta":{"footnotes":"","jetpack_publicize_message":"","jetpack_publicize_feature_enabled":true,"jetpack_social_post_already_shared":false,"jetpack_social_options":{"image_generator_settings":{"template":"highway","default_image_id":0,"font":"","enabled":false},"version":2}},"categories":[17],"tags":[129,37,43],"class_list":["post-1137","post","type-post","status-publish","format-standard","has-post-thumbnail","hentry","category-politica","tag-candidatos","tag-destacada","tag-elecciones"],"jetpack_publicize_connections":[],"jetpack_featured_media_url":"https:\/\/revistaepocadigital.com.ar\/wp-content\/uploads\/2019\/01\/nanni-b.jpg","jetpack_likes_enabled":true,"_links":{"self":[{"href":"https:\/\/revistaepocadigital.com.ar\/index.php?rest_route=\/wp\/v2\/posts\/1137","targetHints":{"allow":["GET"]}}],"collection":[{"href":"https:\/\/revistaepocadigital.com.ar\/index.php?rest_route=\/wp\/v2\/posts"}],"about":[{"href":"https:\/\/revistaepocadigital.com.ar\/index.php?rest_route=\/wp\/v2\/types\/post"}],"author":[{"embeddable":true,"href":"https:\/\/revistaepocadigital.com.ar\/index.php?rest_route=\/wp\/v2\/users\/3"}],"replies":[{"embeddable":true,"href":"https:\/\/revistaepocadigital.com.ar\/index.php?rest_route=%2Fwp%2Fv2%2Fcomments&post=1137"}],"version-history":[{"count":0,"href":"https:\/\/revistaepocadigital.com.ar\/index.php?rest_route=\/wp\/v2\/posts\/1137\/revisions"}],"wp:featuredmedia":[{"embeddable":true,"href":"https:\/\/revistaepocadigital.com.ar\/index.php?rest_route=\/wp\/v2\/media\/1140"}],"wp:attachment":[{"href":"https:\/\/revistaepocadigital.com.ar\/index.php?rest_route=%2Fwp%2Fv2%2Fmedia&parent=1137"}],"wp:term":[{"taxonomy":"category","embeddable":true,"href":"https:\/\/revistaepocadigital.com.ar\/index.php?rest_route=%2Fwp%2Fv2%2Fcategories&post=1137"},{"taxonomy":"post_tag","embeddable":true,"href":"https:\/\/revistaepocadigital.com.ar\/index.php?rest_route=%2Fwp%2Fv2%2Ftags&post=1137"}],"curies":[{"name":"wp","href":"https:\/\/api.w.org\/{rel}","templated":true}]}}