{"id":11373,"date":"2021-07-16T01:09:33","date_gmt":"2021-07-16T04:09:33","guid":{"rendered":"https:\/\/revistaepocadigital.com.ar\/?p=11373"},"modified":"2021-07-16T01:11:09","modified_gmt":"2021-07-16T04:11:09","slug":"una-noticia-de-las-que-valen-la-pena-vuelven-los-trenes-a-diego-gaynor","status":"publish","type":"post","link":"https:\/\/revistaepocadigital.com.ar\/?p=11373","title":{"rendered":"UNA NOTICIA DE LAS QUE VALEN LA PENA: VUELVEN LOS TRENES A DIEGO GAYNOR"},"content":{"rendered":"<div>\n<div id=\"jsc_c_2kq\" class=\"l9j0dhe7\"><\/div>\n<\/div>\n<div>\n<div class=\"stjgntxs ni8dbmo4 l82x9zwi uo3d90p7 h905i5nu monazrh9\" data-visualcompletion=\"ignore-dynamic\">\n<div>\n<div>\n<div>\n<div class=\"l9j0dhe7\">\n<div class=\"bp9cbjyn m9osqain j83agx80 jq4qci2q bkfpd7mw a3bd9o3v kvgmc6g5 wkznzc2l oygrvhab dhix69tm jktsbyx5 rz4wbd8a osnr6wyh a8nywdso s1tcr66n\">\n<div class=\"bp9cbjyn j83agx80 buofh1pr td-paragraph-padding-0\"><strong>SE REUNI\u00d3 CON AUTORIDADES DE TRENES ARGENTINOS<\/strong>.<\/div>\n<div class=\"bp9cbjyn j83agx80 buofh1pr\"><\/div>\n<\/div>\n<\/div>\n<\/div>\n<\/div>\n<\/div>\n<\/div>\n<\/div>\n<p><!--more--><\/p>\n<div class=\"\" dir=\"auto\">\n<div id=\"jsc_c_2l9\" class=\"ecm0bbzt hv4rvrfc ihqw7lf3 dati1w0a\" data-ad-comet-preview=\"message\" data-ad-preview=\"message\">\n<div class=\"j83agx80 cbu4d94t ew0dbk1b irj2b8pg\">\n<div class=\"qzhwtbm6 knvmm38d\">\n<div class=\"o9v6fnle cxmmr5t8 oygrvhab hcukyx3x c1et5uql ii04i59q\">\n<div dir=\"auto\">El intendente Diego Nanni mantuvo 15\/7) hoy una reuni\u00f3n con el presidente de Trenes Argentinos, Martin Marinucci. Al cabo de la misma, se confirm\u00f3 el regreso del servicio de trenes del Ferrocarril Mitre a la localidad exaltacruce\u00f1a de Diego Gaynor.<\/div>\n<div dir=\"auto\"><\/div>\n<\/div>\n<div class=\"o9v6fnle cxmmr5t8 oygrvhab hcukyx3x c1et5uql ii04i59q\">\n<div dir=\"auto\">Se trata de un anuncio hist\u00f3rico, toda vez que desde hace m\u00e1s de 20 a\u00f1os el municipio ha venido gestionando esa posibilidad, un gran anhelo de muchos vecinos, en especial los de Gaynor, sin encontrar respuesta positiva. En la reuni\u00f3n en la ADIF, Nanni logr\u00f3 avanzar\u00a0 con un tema de los m\u00e1s importantes para vecinos.<\/div>\n<div dir=\"auto\"><\/div>\n<div dir=\"auto\">&#8220;La vuelta del tren a Gaynor se traducir\u00e1 en el resurgimiento de una localidad que requiri\u00f3 de mucho apoyo oficial para no quedarse dormida en el tiempo, ya que su \u00fanico v\u00ednculo con el resto del distrito era el servicio de trenes Con la llegada de la actual gesti\u00f3n, el intendente local puso en marcha un plan de trabajo que abordara la cuesti\u00f3n del turismo, la producci\u00f3n, y el v\u00ednculo ferroviario que se hab\u00eda prometido, pero que nunca sucedi\u00f3. Casi 30 a\u00f1os despu\u00e9s, el tren regresar\u00e1 a Gaynor&#8221;, informaron desde la comuna.<\/div>\n<\/div>\n<\/div>\n<\/div>\n<\/div>\n<\/div>\n<div dir=\"auto\"><\/div>\n<div dir=\"auto\"><\/div>\n<div dir=\"auto\"><img loading=\"lazy\" decoding=\"async\" class=\"aligncenter size-large wp-image-11375\" src=\"https:\/\/revistaepocadigital.com.ar\/wp-content\/uploads\/2021\/07\/nanni-tren-1200x800.jpg\" alt=\"\" width=\"696\" height=\"464\" srcset=\"https:\/\/revistaepocadigital.com.ar\/wp-content\/uploads\/2021\/07\/nanni-tren-1200x800.jpg 1200w, https:\/\/revistaepocadigital.com.ar\/wp-content\/uploads\/2021\/07\/nanni-tren-300x200.jpg 300w, https:\/\/revistaepocadigital.com.ar\/wp-content\/uploads\/2021\/07\/nanni-tren-768x512.jpg 768w, https:\/\/revistaepocadigital.com.ar\/wp-content\/uploads\/2021\/07\/nanni-tren-1536x1024.jpg 1536w, https:\/\/revistaepocadigital.com.ar\/wp-content\/uploads\/2021\/07\/nanni-tren-696x464.jpg 696w, https:\/\/revistaepocadigital.com.ar\/wp-content\/uploads\/2021\/07\/nanni-tren-1068x712.jpg 1068w, https:\/\/revistaepocadigital.com.ar\/wp-content\/uploads\/2021\/07\/nanni-tren-630x420.jpg 630w, https:\/\/revistaepocadigital.com.ar\/wp-content\/uploads\/2021\/07\/nanni-tren-1260x840.jpg 1260w, https:\/\/revistaepocadigital.com.ar\/wp-content\/uploads\/2021\/07\/nanni-tren-1920x1280.jpg 1920w, https:\/\/revistaepocadigital.com.ar\/wp-content\/uploads\/2021\/07\/nanni-tren.jpg 2048w\" sizes=\"auto, (max-width: 696px) 100vw, 696px\" \/><\/div>\n<div class=\"\" dir=\"auto\">\n<div id=\"jsc_c_2l9\" class=\"ecm0bbzt hv4rvrfc ihqw7lf3 dati1w0a\" data-ad-comet-preview=\"message\" data-ad-preview=\"message\">\n<div class=\"j83agx80 cbu4d94t ew0dbk1b irj2b8pg\">\n<div class=\"qzhwtbm6 knvmm38d\">\n<div class=\"o9v6fnle cxmmr5t8 oygrvhab hcukyx3x c1et5uql ii04i59q\">\n<div dir=\"auto\"><\/div>\n<\/div>\n<div class=\"o9v6fnle cxmmr5t8 oygrvhab hcukyx3x c1et5uql ii04i59q\">\n<div dir=\"auto\">Seg\u00fan surgi\u00f3 de las conversaciones en la Administraci\u00f3n de Infraestructura Ferroviaria, el proceso ya est\u00e1 en marcha con la reconversi\u00f3n y puesta en servicio del sistema de se\u00f1alamiento y v\u00edas. Luego vendr\u00e1n las primeras pruebas rodantes.<\/div>\n<div dir=\"auto\"><\/div>\n<\/div>\n<div class=\"o9v6fnle cxmmr5t8 oygrvhab hcukyx3x c1et5uql ii04i59q\">\n<div dir=\"auto\">El di\u00e1logo abarc\u00f3 otras cuestiones, el intendente logr\u00f3 tambi\u00e9n el compromiso para la instalaci\u00f3n de sistema de barreras sobre los cruces a nivel de las calles Alem, y el de la salida hacia Z\u00e1rate por Ruta 193, ambos puntos en Capilla del Se\u00f1or. Como se recuerda, en esos sectores se produjeron numerosos accidentes dram\u00e1ticos, por lo que la necesidad de colocar barreras como una soluci\u00f3n, era una materia pendiente. Los elementos a instalar, forman parte de un sistema autom\u00e1tico, de alarma visual y sonora, que bloquea el paso y salva vidas.<\/div>\n<div dir=\"auto\"><\/div>\n<\/div>\n<div class=\"o9v6fnle cxmmr5t8 oygrvhab hcukyx3x c1et5uql ii04i59q\">\n<div dir=\"auto\">Finalmente, y en torno a obras locales, se confirm\u00f3 la creaci\u00f3n del Museo de Veteranos de Malvinas, dando cumplimiento a una promesa del intendente Nanni a los veteranos. El sitio se emplazar\u00e1 en un sector cercano a la estaci\u00f3n del Ferrocarril Mitre, en Capilla del Se\u00f1or.<\/div>\n<\/div>\n<div class=\"o9v6fnle cxmmr5t8 oygrvhab hcukyx3x c1et5uql ii04i59q\">\n<div dir=\"auto\">Adem\u00e1s, qued\u00f3 aprobado la creaci\u00f3n de un gran paseo p\u00fablico, con postas saludables, un skate park y propuestas para la familia, a fin de generar un nuevo espacio para el contacto social. Dicho proyecto ocupar\u00e1 un amplio sector contiguo al galp\u00f3n del ferrocarril, tambi\u00e9n en Capilla del Se\u00f1or<img loading=\"lazy\" decoding=\"async\" class=\"aligncenter size-large wp-image-11374\" src=\"https:\/\/revistaepocadigital.com.ar\/wp-content\/uploads\/2021\/07\/nanni-trenes-1200x800.jpg\" alt=\"\" width=\"696\" height=\"464\" srcset=\"https:\/\/revistaepocadigital.com.ar\/wp-content\/uploads\/2021\/07\/nanni-trenes-1200x800.jpg 1200w, https:\/\/revistaepocadigital.com.ar\/wp-content\/uploads\/2021\/07\/nanni-trenes-300x200.jpg 300w, https:\/\/revistaepocadigital.com.ar\/wp-content\/uploads\/2021\/07\/nanni-trenes-768x512.jpg 768w, https:\/\/revistaepocadigital.com.ar\/wp-content\/uploads\/2021\/07\/nanni-trenes-1536x1024.jpg 1536w, https:\/\/revistaepocadigital.com.ar\/wp-content\/uploads\/2021\/07\/nanni-trenes-696x464.jpg 696w, https:\/\/revistaepocadigital.com.ar\/wp-content\/uploads\/2021\/07\/nanni-trenes-1068x712.jpg 1068w, https:\/\/revistaepocadigital.com.ar\/wp-content\/uploads\/2021\/07\/nanni-trenes-630x420.jpg 630w, https:\/\/revistaepocadigital.com.ar\/wp-content\/uploads\/2021\/07\/nanni-trenes-1260x840.jpg 1260w, https:\/\/revistaepocadigital.com.ar\/wp-content\/uploads\/2021\/07\/nanni-trenes.jpg 1600w\" sizes=\"auto, (max-width: 696px) 100vw, 696px\" \/>.<\/div>\n<\/div>\n<\/div>\n<\/div>\n<\/div>\n<\/div>\n","protected":false},"excerpt":{"rendered":"<p>SE REUNI\u00d3 CON AUTORIDADES DE TRENES ARGENTINOS.<\/p>\n","protected":false},"author":3,"featured_media":11377,"comment_status":"open","ping_status":"open","sticky":false,"template":"","format":"standard","meta":{"footnotes":"","jetpack_publicize_message":"","jetpack_publicize_feature_enabled":true,"jetpack_social_post_already_shared":false,"jetpack_social_options":{"image_generator_settings":{"template":"highway","default_image_id":0,"font":"","enabled":false},"version":2}},"categories":[6,17],"tags":[1466,1258],"class_list":["post-11373","post","type-post","status-publish","format-standard","has-post-thumbnail","hentry","category-barrios","category-politica","tag-servicio-a-gaynor","tag-trenes"],"jetpack_publicize_connections":[],"jetpack_featured_media_url":"https:\/\/revistaepocadigital.com.ar\/wp-content\/uploads\/2021\/07\/nanni-trenes-1.jpg","jetpack_likes_enabled":true,"_links":{"self":[{"href":"https:\/\/revistaepocadigital.com.ar\/index.php?rest_route=\/wp\/v2\/posts\/11373","targetHints":{"allow":["GET"]}}],"collection":[{"href":"https:\/\/revistaepocadigital.com.ar\/index.php?rest_route=\/wp\/v2\/posts"}],"about":[{"href":"https:\/\/revistaepocadigital.com.ar\/index.php?rest_route=\/wp\/v2\/types\/post"}],"author":[{"embeddable":true,"href":"https:\/\/revistaepocadigital.com.ar\/index.php?rest_route=\/wp\/v2\/users\/3"}],"replies":[{"embeddable":true,"href":"https:\/\/revistaepocadigital.com.ar\/index.php?rest_route=%2Fwp%2Fv2%2Fcomments&post=11373"}],"version-history":[{"count":0,"href":"https:\/\/revistaepocadigital.com.ar\/index.php?rest_route=\/wp\/v2\/posts\/11373\/revisions"}],"wp:featuredmedia":[{"embeddable":true,"href":"https:\/\/revistaepocadigital.com.ar\/index.php?rest_route=\/wp\/v2\/media\/11377"}],"wp:attachment":[{"href":"https:\/\/revistaepocadigital.com.ar\/index.php?rest_route=%2Fwp%2Fv2%2Fmedia&parent=11373"}],"wp:term":[{"taxonomy":"category","embeddable":true,"href":"https:\/\/revistaepocadigital.com.ar\/index.php?rest_route=%2Fwp%2Fv2%2Fcategories&post=11373"},{"taxonomy":"post_tag","embeddable":true,"href":"https:\/\/revistaepocadigital.com.ar\/index.php?rest_route=%2Fwp%2Fv2%2Ftags&post=11373"}],"curies":[{"name":"wp","href":"https:\/\/api.w.org\/{rel}","templated":true}]}}