{"id":11393,"date":"2021-07-19T16:44:41","date_gmt":"2021-07-19T19:44:41","guid":{"rendered":"https:\/\/revistaepocadigital.com.ar\/?p=11393"},"modified":"2021-07-19T16:44:41","modified_gmt":"2021-07-19T19:44:41","slug":"pidan-perdon","status":"publish","type":"post","link":"https:\/\/revistaepocadigital.com.ar\/?p=11393","title":{"rendered":"PIDAN PERD\u00d3N"},"content":{"rendered":"<div class=\"buofh1pr\">\n<div class=\"j83agx80 cbu4d94t ew0dbk1b irj2b8pg\">\n<div class=\"qzhwtbm6 knvmm38d\"><\/div>\n<div class=\"qzhwtbm6 knvmm38d\"><strong>100.000 MUERTOS ES UNA TRAGEDIA ENORME QUE DUELE<\/strong>.<!--more--><\/div>\n<div>Una cifra que nos obliga a pensar y a recordar a todos aquellos que ya no est\u00e1n, familiares, amigos, profesionales, laburantes, todos. Son 100.000 historias, 100.000 im\u00e1genes.<\/div>\n<div><\/div>\n<\/div>\n<\/div>\n<p>Son dos estadios de Boca Juniors llenos, una cancha y media de River, dos aut\u00f3dromos de Buenos Aires repletos, 110 Luna Park, 516 Croma\u00f1on, 1162 atentados a la AMIA, 1923 tragedias de Once, 39 torres gemelas. 154 guerras de Malvinas. Asusta.<\/p>\n<div class=\"\" dir=\"auto\">\n<div id=\"jsc_c_5\" class=\"ecm0bbzt hv4rvrfc ihqw7lf3 dati1w0a\" data-ad-comet-preview=\"message\" data-ad-preview=\"message\">\n<div class=\"j83agx80 cbu4d94t ew0dbk1b irj2b8pg\">\n<div class=\"qzhwtbm6 knvmm38d\">\n<div class=\"kvgmc6g5 cxmmr5t8 oygrvhab hcukyx3x c1et5uql ii04i59q\">\n<div dir=\"auto\">Y deber\u00edan pedir perd\u00f3n:<\/div>\n<div dir=\"auto\">Por las reiteradas mentiras. Por el encierro anticipado. Por la inocencia del ex Ministro asegurando que nunca llegar\u00eda la pandemia. Por las promesas incumplidas. Por las vacunas prometidas, una y otra vez. Por los contratos ocultos. Por la p\u00e9sima gesti\u00f3n de la pandemia. Por las reiteradas mentiras. Por el uso pol\u00edtico. Por el equipo de \u201casesores\u201d e infectol\u00f3gos. Por la falta de vacunas para los chicos con capacidades diferentes. Por nuestros mayores, expuestos e indefensos durante mucho tiempo.<\/div>\n<div dir=\"auto\"><\/div>\n<div dir=\"auto\">Tambi\u00e9n, por el velorio de Maradona. Por las reiteradas mentiras. Por la vacunaci\u00f3n a los denominados \u201cestrat\u00e9gicos\u201d. Por los que se saltaron de la fila. Por la Payasa Filomena. Por la apuesta a Rusia y sus vacunas. Por los irresponsables dirigentes sociales que mandan a la calle a sus rehenes a un contagio seguro. Por la tibia e inocua oposici\u00f3n. Por las reiteradas mentiras. Por los centros pol\u00edticos de vacunaci\u00f3n. Por los varados, mientras ingresan funcionarios, amigos del poder y equipos de futbol completos. Por los que ya est\u00e1n en campa\u00f1a, (de los dos lados). Por el dudoso sistema de hisopado del aeropuerto.<\/div>\n<div dir=\"auto\"><\/div>\n<div dir=\"auto\">Por aquella frase: \u201cprefiero 10% m\u00e1s de pobres y no 100.000 muertos\u201d Por un ex Presidente sin compromiso asegurando que el Covid es una gripe fuerte. Por los que podr\u00edan haberse salvado. Por los respiradores donados por Messi. Por todos, por ellos , por nosotros, por nuestro futuro. Por las reiteradas mentiras.<\/div>\n<div dir=\"auto\"><\/div>\n<div dir=\"auto\">Se\u00f1ores pol\u00edticos\u2026Pidan perd\u00f3n. Y que Dios y la Patria se lo demanden<\/div>\n<\/div>\n<\/div>\n<\/div>\n<\/div>\n<\/div>\n<div dir=\"auto\"><\/div>\n<div dir=\"auto\"><\/div>\n<div dir=\"auto\"><strong>Por Daniel Jauregui<\/strong><\/div>\n<div dir=\"auto\"><strong>(periodista)<\/strong><\/div>\n<div id=\"jsc_c_6\" class=\"l9j0dhe7\">\n<div class=\"l9j0dhe7\">\n<div><\/div>\n<\/div>\n<\/div>\n","protected":false},"excerpt":{"rendered":"<p>100.000 MUERTOS ES UNA TRAGEDIA ENORME QUE DUELE.<\/p>\n","protected":false},"author":3,"featured_media":11394,"comment_status":"open","ping_status":"open","sticky":false,"template":"","format":"standard","meta":{"footnotes":"","jetpack_publicize_message":"","jetpack_publicize_feature_enabled":true,"jetpack_social_post_already_shared":false,"jetpack_social_options":{"image_generator_settings":{"template":"highway","default_image_id":0,"font":"","enabled":false},"version":2}},"categories":[7,17],"tags":[1468,1467,639],"class_list":["post-11393","post","type-post","status-publish","format-standard","has-post-thumbnail","hentry","category-columna-de-opinion","category-politica","tag-columna-opinion","tag-jauregui","tag-pandemia"],"jetpack_publicize_connections":[],"jetpack_featured_media_url":"https:\/\/revistaepocadigital.com.ar\/wp-content\/uploads\/2021\/07\/214612784_3888175131291243_7941499872906819650_n.jpg","jetpack_likes_enabled":true,"_links":{"self":[{"href":"https:\/\/revistaepocadigital.com.ar\/index.php?rest_route=\/wp\/v2\/posts\/11393","targetHints":{"allow":["GET"]}}],"collection":[{"href":"https:\/\/revistaepocadigital.com.ar\/index.php?rest_route=\/wp\/v2\/posts"}],"about":[{"href":"https:\/\/revistaepocadigital.com.ar\/index.php?rest_route=\/wp\/v2\/types\/post"}],"author":[{"embeddable":true,"href":"https:\/\/revistaepocadigital.com.ar\/index.php?rest_route=\/wp\/v2\/users\/3"}],"replies":[{"embeddable":true,"href":"https:\/\/revistaepocadigital.com.ar\/index.php?rest_route=%2Fwp%2Fv2%2Fcomments&post=11393"}],"version-history":[{"count":0,"href":"https:\/\/revistaepocadigital.com.ar\/index.php?rest_route=\/wp\/v2\/posts\/11393\/revisions"}],"wp:featuredmedia":[{"embeddable":true,"href":"https:\/\/revistaepocadigital.com.ar\/index.php?rest_route=\/wp\/v2\/media\/11394"}],"wp:attachment":[{"href":"https:\/\/revistaepocadigital.com.ar\/index.php?rest_route=%2Fwp%2Fv2%2Fmedia&parent=11393"}],"wp:term":[{"taxonomy":"category","embeddable":true,"href":"https:\/\/revistaepocadigital.com.ar\/index.php?rest_route=%2Fwp%2Fv2%2Fcategories&post=11393"},{"taxonomy":"post_tag","embeddable":true,"href":"https:\/\/revistaepocadigital.com.ar\/index.php?rest_route=%2Fwp%2Fv2%2Ftags&post=11393"}],"curies":[{"name":"wp","href":"https:\/\/api.w.org\/{rel}","templated":true}]}}