{"id":11407,"date":"2021-07-20T00:46:24","date_gmt":"2021-07-20T03:46:24","guid":{"rendered":"https:\/\/revistaepocadigital.com.ar\/?p=11407"},"modified":"2021-07-20T00:46:24","modified_gmt":"2021-07-20T03:46:24","slug":"convenio-firmado-por-el-programa-acompanar","status":"publish","type":"post","link":"https:\/\/revistaepocadigital.com.ar\/?p=11407","title":{"rendered":"Convenio firmado por el Programa Acompa\u00f1ar"},"content":{"rendered":"<div class=\"\" dir=\"auto\">\n<div id=\"jsc_c_ofo\" class=\"ecm0bbzt hv4rvrfc ihqw7lf3 dati1w0a\" data-ad-comet-preview=\"message\" data-ad-preview=\"message\">\n<div class=\"j83agx80 cbu4d94t ew0dbk1b irj2b8pg\">\n<div class=\"qzhwtbm6 knvmm38d\">\n<div class=\"kvgmc6g5 cxmmr5t8 oygrvhab hcukyx3x c1et5uql ii04i59q\">\n<div dir=\"auto\"><strong>LA MINISTRA DE LAS MUJERES, G\u00c9NERO Y DIVERSIDAD, ELIZABETH G\u00d3MEZ ALCORTA LO FIRM\u00d3 EN CAPILLA DEL SE\u00d1OR.<!--more--><\/strong><\/div>\n<div dir=\"auto\"><\/div>\n<div dir=\"auto\">La funcionaria nacional estuvo en Exaltaci\u00f3n de la Cruz, y en el sal\u00f3n del Concejo Deliberante, firm\u00f3 con el intendente Diego Nanni el convenio que puso en marcha el Programa Acompa\u00f1ar, dirigido a mujeres y LGBTI+ en situaci\u00f3n de violencia de g\u00e9nero.<\/div>\n<\/div>\n<div class=\"o9v6fnle cxmmr5t8 oygrvhab hcukyx3x c1et5uql ii04i59q\">\n<div dir=\"auto\"><\/div>\n<div dir=\"auto\">El objetivo del programa es fortalecer la independencia econ\u00f3mica de mujeres y LGBTI+ en situaci\u00f3n de violencia, otorgando un apoyo econ\u00f3mico equivalente a un Salario M\u00ednimo, Vital y M\u00f3vil por 6 meses. A la vez brinda acompa\u00f1amiento psicosocial, y de los dispositivos tem\u00e1ticos existentes.<\/div>\n<div dir=\"auto\"><\/div>\n<\/div>\n<div class=\"o9v6fnle cxmmr5t8 oygrvhab hcukyx3x c1et5uql ii04i59q\">\n<div dir=\"auto\">\u201cLa firma de este convenio no es solo eso, sino en esta comunidad chica, por momentos conservadora, es romper con los moldes, porque hemos elegido visibilizar las cuestiones de g\u00e9nero. Hemos ido con est\u00e1s pol\u00edticas de estado a la calle, a\u00fan cuando no fue tarea f\u00e1cil\u201d, sostuvo el intendente Nanni.<\/div>\n<\/div>\n<\/div>\n<\/div>\n<\/div>\n<\/div>\n<div dir=\"auto\"><\/div>\n<div dir=\"auto\"><img loading=\"lazy\" decoding=\"async\" class=\"aligncenter size-large wp-image-11410\" src=\"https:\/\/revistaepocadigital.com.ar\/wp-content\/uploads\/2021\/07\/212803322_4537542646298659_5074863722516086501_n-1200x675.jpg\" alt=\"\" width=\"696\" height=\"392\" srcset=\"https:\/\/revistaepocadigital.com.ar\/wp-content\/uploads\/2021\/07\/212803322_4537542646298659_5074863722516086501_n-1200x675.jpg 1200w, https:\/\/revistaepocadigital.com.ar\/wp-content\/uploads\/2021\/07\/212803322_4537542646298659_5074863722516086501_n-300x169.jpg 300w, https:\/\/revistaepocadigital.com.ar\/wp-content\/uploads\/2021\/07\/212803322_4537542646298659_5074863722516086501_n-768x432.jpg 768w, https:\/\/revistaepocadigital.com.ar\/wp-content\/uploads\/2021\/07\/212803322_4537542646298659_5074863722516086501_n-1536x864.jpg 1536w, https:\/\/revistaepocadigital.com.ar\/wp-content\/uploads\/2021\/07\/212803322_4537542646298659_5074863722516086501_n-696x392.jpg 696w, https:\/\/revistaepocadigital.com.ar\/wp-content\/uploads\/2021\/07\/212803322_4537542646298659_5074863722516086501_n-1068x601.jpg 1068w, https:\/\/revistaepocadigital.com.ar\/wp-content\/uploads\/2021\/07\/212803322_4537542646298659_5074863722516086501_n-747x420.jpg 747w, https:\/\/revistaepocadigital.com.ar\/wp-content\/uploads\/2021\/07\/212803322_4537542646298659_5074863722516086501_n-1493x840.jpg 1493w, https:\/\/revistaepocadigital.com.ar\/wp-content\/uploads\/2021\/07\/212803322_4537542646298659_5074863722516086501_n.jpg 1600w\" sizes=\"auto, (max-width: 696px) 100vw, 696px\" \/><\/div>\n<div dir=\"auto\"><\/div>\n<div dir=\"auto\"><img loading=\"lazy\" decoding=\"async\" class=\"aligncenter size-large wp-image-11411\" src=\"https:\/\/revistaepocadigital.com.ar\/wp-content\/uploads\/2021\/07\/214308568_4537542296298694_7630568056078272037_n-1200x675.jpg\" alt=\"\" width=\"696\" height=\"392\" srcset=\"https:\/\/revistaepocadigital.com.ar\/wp-content\/uploads\/2021\/07\/214308568_4537542296298694_7630568056078272037_n-1200x675.jpg 1200w, https:\/\/revistaepocadigital.com.ar\/wp-content\/uploads\/2021\/07\/214308568_4537542296298694_7630568056078272037_n-300x169.jpg 300w, https:\/\/revistaepocadigital.com.ar\/wp-content\/uploads\/2021\/07\/214308568_4537542296298694_7630568056078272037_n-768x432.jpg 768w, https:\/\/revistaepocadigital.com.ar\/wp-content\/uploads\/2021\/07\/214308568_4537542296298694_7630568056078272037_n-1536x864.jpg 1536w, https:\/\/revistaepocadigital.com.ar\/wp-content\/uploads\/2021\/07\/214308568_4537542296298694_7630568056078272037_n-696x392.jpg 696w, https:\/\/revistaepocadigital.com.ar\/wp-content\/uploads\/2021\/07\/214308568_4537542296298694_7630568056078272037_n-1068x601.jpg 1068w, https:\/\/revistaepocadigital.com.ar\/wp-content\/uploads\/2021\/07\/214308568_4537542296298694_7630568056078272037_n-747x420.jpg 747w, https:\/\/revistaepocadigital.com.ar\/wp-content\/uploads\/2021\/07\/214308568_4537542296298694_7630568056078272037_n-1493x840.jpg 1493w, https:\/\/revistaepocadigital.com.ar\/wp-content\/uploads\/2021\/07\/214308568_4537542296298694_7630568056078272037_n.jpg 1600w\" sizes=\"auto, (max-width: 696px) 100vw, 696px\" \/><\/div>\n<div class=\"\" dir=\"auto\">\n<div id=\"jsc_c_ofo\" class=\"ecm0bbzt hv4rvrfc ihqw7lf3 dati1w0a\" data-ad-comet-preview=\"message\" data-ad-preview=\"message\">\n<div class=\"j83agx80 cbu4d94t ew0dbk1b irj2b8pg\">\n<div class=\"qzhwtbm6 knvmm38d\">\n<div class=\"o9v6fnle cxmmr5t8 oygrvhab hcukyx3x c1et5uql ii04i59q\">\n<div dir=\"auto\"><em>La ministra, el intendente y funcionarios, tambi\u00e9n en Arroyo de la Cruz, se reunieron con representantes de organizaciones vecinales, y estuvieron en uno de los vacunatorios.<\/em><\/div>\n<\/div>\n<div dir=\"auto\"><\/div>\n<div class=\"o9v6fnle cxmmr5t8 oygrvhab hcukyx3x c1et5uql ii04i59q\">\n<div dir=\"auto\">\u201cEn nuestro distrito venimos aplicando recursos, como un 0800 para violencia de g\u00e9nero y estamos trabajando por un refugio por cuestiones de g\u00e9nero, que muy pronto pondremos en marcha\u201d, relat\u00f3 el jefe comunal, quien consider\u00f3 que \u201cla salud tambi\u00e9n es una cuesti\u00f3n de G\u00e9nero, y hemos creado un \u00e1rea espec\u00edfica para abordar la cuesti\u00f3n del c\u00e1ncer de mamas\u201d.<\/div>\n<\/div>\n<div class=\"o9v6fnle cxmmr5t8 oygrvhab hcukyx3x c1et5uql ii04i59q\">\n<div dir=\"auto\">Finalmente cont\u00f3 que \u201ca trav\u00e9s de un acuerdo, pudimos acceder a un mam\u00f3grafo de \u00faltima generaci\u00f3n para abordar est\u00e1 agenda\u201d. \u201cAhora, con la firma de este convenio, tenemos una br\u00fajula clara para acompa\u00f1arnos mutuamente\u201d, apunt\u00f3 Nanni.<\/div>\n<div dir=\"auto\"><\/div>\n<\/div>\n<div class=\"o9v6fnle cxmmr5t8 oygrvhab hcukyx3x c1et5uql ii04i59q\">\n<div dir=\"auto\">El convenio mencionado tambi\u00e9n abarca a otros municipios bonaerenses que deb\u00edan fimarlo tambi\u00e9n en el mismo acto, como lo hizo el jefe comunal de Salto, Guillermo D\u00b4Alessandro. Otros ausentes lo iban a firmar en sus comunas. La ministra G\u00f3mez Alcorta sostuvo que \u201chay una decisi\u00f3n pol\u00edtica de primer orden de jerarquizar la agenda de g\u00e9nero, de avanzar hacia la igualdad y de poner fin a las violencias contra las mujeres y LGBTI+. Tenemos la f\u00e9rrea convicci\u00f3n de que estos objetivos se logran con pol\u00edticas federales y de cercan\u00eda, como el programa \u2018Acompa\u00f1ar\u2019, que estamos poniendo en marcha en los municipios de Exaltaci\u00f3n de la Cruz, Salto, Baradero y Z\u00e1rate\u201d.<\/div>\n<div dir=\"auto\"><\/div>\n<\/div>\n<div class=\"o9v6fnle cxmmr5t8 oygrvhab hcukyx3x c1et5uql ii04i59q\">\n<div dir=\"auto\">Asistieron al acto, la secretaria de Coordinaci\u00f3n del municipio local, Mar\u00eda Luz Bozzani; su par de la cartera de Gobierno, Mat\u00edas Azzalini, la directora de G\u00e9nero y Diversidades, Sandra Conte, el titular del Concejo Deliberante Emmanuel Mart\u00ednez y numerosos funcionarios de los distritos vecinos, tambi\u00e9n firmantes del convenio<\/div>\n<div dir=\"auto\"><\/div>\n<div dir=\"auto\">Fotos: Prensa municipalidad.<\/div>\n<\/div>\n<\/div>\n<\/div>\n<\/div>\n<\/div>\n","protected":false},"excerpt":{"rendered":"<p>LA MINISTRA DE LAS MUJERES, G\u00c9NERO Y DIVERSIDAD, ELIZABETH G\u00d3MEZ ALCORTA LO FIRM\u00d3 EN CAPILLA DEL SE\u00d1OR.<\/p>\n","protected":false},"author":3,"featured_media":11409,"comment_status":"open","ping_status":"open","sticky":false,"template":"","format":"standard","meta":{"footnotes":"","jetpack_publicize_message":"","jetpack_publicize_feature_enabled":true,"jetpack_social_post_already_shared":false,"jetpack_social_options":{"image_generator_settings":{"template":"highway","default_image_id":0,"font":"","enabled":false},"version":2}},"categories":[17],"tags":[726,1469],"class_list":["post-11407","post","type-post","status-publish","format-standard","has-post-thumbnail","hentry","category-politica","tag-convenio","tag-ministra-de-la-mujer"],"jetpack_publicize_connections":[],"jetpack_featured_media_url":"https:\/\/revistaepocadigital.com.ar\/wp-content\/uploads\/2021\/07\/MINISTRA-D-MUJER-NANNI.jpg","jetpack_likes_enabled":true,"_links":{"self":[{"href":"https:\/\/revistaepocadigital.com.ar\/index.php?rest_route=\/wp\/v2\/posts\/11407","targetHints":{"allow":["GET"]}}],"collection":[{"href":"https:\/\/revistaepocadigital.com.ar\/index.php?rest_route=\/wp\/v2\/posts"}],"about":[{"href":"https:\/\/revistaepocadigital.com.ar\/index.php?rest_route=\/wp\/v2\/types\/post"}],"author":[{"embeddable":true,"href":"https:\/\/revistaepocadigital.com.ar\/index.php?rest_route=\/wp\/v2\/users\/3"}],"replies":[{"embeddable":true,"href":"https:\/\/revistaepocadigital.com.ar\/index.php?rest_route=%2Fwp%2Fv2%2Fcomments&post=11407"}],"version-history":[{"count":0,"href":"https:\/\/revistaepocadigital.com.ar\/index.php?rest_route=\/wp\/v2\/posts\/11407\/revisions"}],"wp:featuredmedia":[{"embeddable":true,"href":"https:\/\/revistaepocadigital.com.ar\/index.php?rest_route=\/wp\/v2\/media\/11409"}],"wp:attachment":[{"href":"https:\/\/revistaepocadigital.com.ar\/index.php?rest_route=%2Fwp%2Fv2%2Fmedia&parent=11407"}],"wp:term":[{"taxonomy":"category","embeddable":true,"href":"https:\/\/revistaepocadigital.com.ar\/index.php?rest_route=%2Fwp%2Fv2%2Fcategories&post=11407"},{"taxonomy":"post_tag","embeddable":true,"href":"https:\/\/revistaepocadigital.com.ar\/index.php?rest_route=%2Fwp%2Fv2%2Ftags&post=11407"}],"curies":[{"name":"wp","href":"https:\/\/api.w.org\/{rel}","templated":true}]}}