{"id":11423,"date":"2021-07-20T17:27:44","date_gmt":"2021-07-20T20:27:44","guid":{"rendered":"https:\/\/revistaepocadigital.com.ar\/?p=11423"},"modified":"2021-07-20T17:46:31","modified_gmt":"2021-07-20T20:46:31","slug":"un-capillense-integrante-del-grupo-halcon-herido-cuando-intentaron-asaltarlo","status":"publish","type":"post","link":"https:\/\/revistaepocadigital.com.ar\/?p=11423","title":{"rendered":"Un capillense, integrante del Grupo Halc\u00f3n, herido cuando intentaron asaltarlo"},"content":{"rendered":"<p><strong>VECINO DE CAPILLA DEL SE\u00d1OR.<\/strong><\/p>\n<p><!--more--><\/p>\n<p>Alejandro Garc\u00eda, conocido capillense, tambi\u00e9n deportista practica, compite en ciclismo desde hace a\u00f1os, sufri\u00f3 (19\/7) un grave intento de asalto. Ocurri\u00f3 en momentos en que Garc\u00eda, se trasladaba en su veh\u00edculo particular por la ruta que une Campana con Z\u00e1rate. El hombre del Grupo Halc\u00f3n debi\u00f3 ser operado como consecuencia de las heridas recibidas, encontr\u00e1ndose internado en el Hospital<img loading=\"lazy\" decoding=\"async\" class=\"aligncenter size-large wp-image-11427\" src=\"https:\/\/revistaepocadigital.com.ar\/wp-content\/uploads\/2021\/07\/ba1ed9f4-e54f-431d-9ece-87116223f3df-1-1536x863-1-1200x674.jpg\" alt=\"\" width=\"696\" height=\"391\" srcset=\"https:\/\/revistaepocadigital.com.ar\/wp-content\/uploads\/2021\/07\/ba1ed9f4-e54f-431d-9ece-87116223f3df-1-1536x863-1-1200x674.jpg 1200w, https:\/\/revistaepocadigital.com.ar\/wp-content\/uploads\/2021\/07\/ba1ed9f4-e54f-431d-9ece-87116223f3df-1-1536x863-1-300x169.jpg 300w, https:\/\/revistaepocadigital.com.ar\/wp-content\/uploads\/2021\/07\/ba1ed9f4-e54f-431d-9ece-87116223f3df-1-1536x863-1-768x432.jpg 768w, https:\/\/revistaepocadigital.com.ar\/wp-content\/uploads\/2021\/07\/ba1ed9f4-e54f-431d-9ece-87116223f3df-1-1536x863-1-696x391.jpg 696w, https:\/\/revistaepocadigital.com.ar\/wp-content\/uploads\/2021\/07\/ba1ed9f4-e54f-431d-9ece-87116223f3df-1-1536x863-1-1068x600.jpg 1068w, https:\/\/revistaepocadigital.com.ar\/wp-content\/uploads\/2021\/07\/ba1ed9f4-e54f-431d-9ece-87116223f3df-1-1536x863-1-748x420.jpg 748w, https:\/\/revistaepocadigital.com.ar\/wp-content\/uploads\/2021\/07\/ba1ed9f4-e54f-431d-9ece-87116223f3df-1-1536x863-1-1495x840.jpg 1495w, https:\/\/revistaepocadigital.com.ar\/wp-content\/uploads\/2021\/07\/ba1ed9f4-e54f-431d-9ece-87116223f3df-1-1536x863-1.jpg 1536w\" sizes=\"auto, (max-width: 696px) 100vw, 696px\" \/>.<\/p>\n<p>&nbsp;<\/p>\n<p><img loading=\"lazy\" decoding=\"async\" class=\"aligncenter size-large wp-image-11424\" src=\"https:\/\/revistaepocadigital.com.ar\/wp-content\/uploads\/2021\/07\/200519464_4495258750505576_6476200606256424429_n-704x1200.jpg\" alt=\"\" width=\"696\" height=\"1186\" srcset=\"https:\/\/revistaepocadigital.com.ar\/wp-content\/uploads\/2021\/07\/200519464_4495258750505576_6476200606256424429_n-704x1200.jpg 704w, https:\/\/revistaepocadigital.com.ar\/wp-content\/uploads\/2021\/07\/200519464_4495258750505576_6476200606256424429_n-176x300.jpg 176w, https:\/\/revistaepocadigital.com.ar\/wp-content\/uploads\/2021\/07\/200519464_4495258750505576_6476200606256424429_n-696x1186.jpg 696w, https:\/\/revistaepocadigital.com.ar\/wp-content\/uploads\/2021\/07\/200519464_4495258750505576_6476200606256424429_n-246x420.jpg 246w, https:\/\/revistaepocadigital.com.ar\/wp-content\/uploads\/2021\/07\/200519464_4495258750505576_6476200606256424429_n-493x840.jpg 493w, https:\/\/revistaepocadigital.com.ar\/wp-content\/uploads\/2021\/07\/200519464_4495258750505576_6476200606256424429_n.jpg 720w\" sizes=\"auto, (max-width: 696px) 100vw, 696px\" \/><\/p>\n<p>El aliento para la pronta recuperaci\u00f3n del vecino, se vio en redes sociales. En este caso el mensaje en Facebook de Daniel Rouggier con una foto:<\/p>\n<p>&nbsp;<\/p>\n<figure id=\"attachment_11430\" aria-describedby=\"caption-attachment-11430\" style=\"width: 300px\" class=\"wp-caption aligncenter\"><img loading=\"lazy\" decoding=\"async\" class=\"size-medium wp-image-11430\" src=\"https:\/\/revistaepocadigital.com.ar\/wp-content\/uploads\/2021\/07\/gfar-300x300.jpg\" alt=\"\" width=\"300\" height=\"300\" srcset=\"https:\/\/revistaepocadigital.com.ar\/wp-content\/uploads\/2021\/07\/gfar-300x300.jpg 300w, https:\/\/revistaepocadigital.com.ar\/wp-content\/uploads\/2021\/07\/gfar-150x150.jpg 150w, https:\/\/revistaepocadigital.com.ar\/wp-content\/uploads\/2021\/07\/gfar-696x696.jpg 696w, https:\/\/revistaepocadigital.com.ar\/wp-content\/uploads\/2021\/07\/gfar-420x420.jpg 420w, https:\/\/revistaepocadigital.com.ar\/wp-content\/uploads\/2021\/07\/gfar.jpg 720w\" sizes=\"auto, (max-width: 300px) 100vw, 300px\" \/><figcaption id=\"caption-attachment-11430\" class=\"wp-caption-text\">Garc\u00eda junto a su esposa (Foto Archivo).<\/figcaption><\/figure>\n<div class=\"nqmvxvec j83agx80 jnigpg78 cxgpxx05 dflh9lhu sj5x9vvc scb9dxdr odw8uiq3\"><\/div>\n<div class=\"\" dir=\"auto\">\n<div id=\"jsc_c_kz\" class=\"ecm0bbzt hv4rvrfc ihqw7lf3 dati1w0a\" data-ad-comet-preview=\"message\" data-ad-preview=\"message\">\n<div class=\"j83agx80 cbu4d94t ew0dbk1b irj2b8pg\">\n<div class=\"qzhwtbm6 knvmm38d\">\n<div class=\"kvgmc6g5 cxmmr5t8 oygrvhab hcukyx3x c1et5uql ii04i59q\">\n<div dir=\"auto\"><strong><em>Alejandro Querido !! Todo estar\u00e1 bien , cuidaste de tu hijo como un Halcon .. Pronto te estar\u00e9 abrazando !! Orgulloso de vos<\/em><\/strong><\/div>\n<\/div>\n<\/div>\n<\/div>\n<\/div>\n<\/div>\n<p>&nbsp;<\/p>\n<p>&nbsp;<\/p>\n<p>Foto portada: Gentileza infozc.com<\/p>\n","protected":false},"excerpt":{"rendered":"<p>VECINO DE CAPILLA DEL SE\u00d1OR.<\/p>\n","protected":false},"author":3,"featured_media":11428,"comment_status":"open","ping_status":"open","sticky":false,"template":"","format":"standard","meta":{"footnotes":"","jetpack_publicize_message":"","jetpack_publicize_feature_enabled":true,"jetpack_social_post_already_shared":false,"jetpack_social_options":{"image_generator_settings":{"template":"highway","default_image_id":0,"font":"","enabled":false},"version":2}},"categories":[13],"tags":[1473,1474,1472],"class_list":["post-11423","post","type-post","status-publish","format-standard","has-post-thumbnail","hentry","category-interes-general","tag-asalto","tag-garcia","tag-vecino"],"jetpack_publicize_connections":[],"jetpack_featured_media_url":"https:\/\/revistaepocadigital.com.ar\/wp-content\/uploads\/2021\/07\/ba1ed9f4-e54f-431d-9ece-87116223f3df-1-1536x863-2.jpg","jetpack_likes_enabled":true,"_links":{"self":[{"href":"https:\/\/revistaepocadigital.com.ar\/index.php?rest_route=\/wp\/v2\/posts\/11423","targetHints":{"allow":["GET"]}}],"collection":[{"href":"https:\/\/revistaepocadigital.com.ar\/index.php?rest_route=\/wp\/v2\/posts"}],"about":[{"href":"https:\/\/revistaepocadigital.com.ar\/index.php?rest_route=\/wp\/v2\/types\/post"}],"author":[{"embeddable":true,"href":"https:\/\/revistaepocadigital.com.ar\/index.php?rest_route=\/wp\/v2\/users\/3"}],"replies":[{"embeddable":true,"href":"https:\/\/revistaepocadigital.com.ar\/index.php?rest_route=%2Fwp%2Fv2%2Fcomments&post=11423"}],"version-history":[{"count":0,"href":"https:\/\/revistaepocadigital.com.ar\/index.php?rest_route=\/wp\/v2\/posts\/11423\/revisions"}],"wp:featuredmedia":[{"embeddable":true,"href":"https:\/\/revistaepocadigital.com.ar\/index.php?rest_route=\/wp\/v2\/media\/11428"}],"wp:attachment":[{"href":"https:\/\/revistaepocadigital.com.ar\/index.php?rest_route=%2Fwp%2Fv2%2Fmedia&parent=11423"}],"wp:term":[{"taxonomy":"category","embeddable":true,"href":"https:\/\/revistaepocadigital.com.ar\/index.php?rest_route=%2Fwp%2Fv2%2Fcategories&post=11423"},{"taxonomy":"post_tag","embeddable":true,"href":"https:\/\/revistaepocadigital.com.ar\/index.php?rest_route=%2Fwp%2Fv2%2Ftags&post=11423"}],"curies":[{"name":"wp","href":"https:\/\/api.w.org\/{rel}","templated":true}]}}