{"id":11432,"date":"2021-07-20T18:42:40","date_gmt":"2021-07-20T21:42:40","guid":{"rendered":"https:\/\/revistaepocadigital.com.ar\/?p=11432"},"modified":"2021-07-20T18:42:40","modified_gmt":"2021-07-20T21:42:40","slug":"dia-del-amigo-y-vos-tipo-pensas","status":"publish","type":"post","link":"https:\/\/revistaepocadigital.com.ar\/?p=11432","title":{"rendered":"D\u00eda del amigo, y vos tipo\u2026 pens\u00e1s.."},"content":{"rendered":"<div>\n<div id=\"jsc_c_wl\" class=\"l9j0dhe7\">\n<div class=\"l9j0dhe7\">\n<div class=\"rq0escxv a8c37x1j rz4wbd8a a8nywdso\">\n<div class=\"gzo72d92 bzfalb6c stjgntxs ni8dbmo4 l82x9zwi uo3d90p7 pw54ja7n ue3kfks5 aypy0576 s1tcr66n maa8sdkg l6v480f0\">\n<div class=\"\">\n<div class=\"f10w8fjw\" dir=\"auto\">\n<div class=\"\" dir=\"auto\">\n<div class=\"ecm0bbzt hv4rvrfc e5nlhep0 dati1w0a\" data-ad-comet-preview=\"message\" data-ad-preview=\"message\">\n<div class=\"j83agx80 cbu4d94t ew0dbk1b irj2b8pg\">\n<div class=\"qzhwtbm6 knvmm38d\">\n<div class=\"kvgmc6g5 cxmmr5t8 oygrvhab hcukyx3x c1et5uql ii04i59q\">\n<div dir=\"auto\">\n<p><strong><strong>HACE UNOS CUANTOS A\u00d1OS&#8230;<\/strong><\/strong><!--more--><\/p>\n<\/div>\n<div dir=\"auto\">Hace unos cuanto<em>s a\u00f1os que cada d\u00eda del amigo comparto un texto maravilloso de Oscar Wilde, en el que proclama TENGO AMIGOS PARA SABER QUIEN SOY..<\/em><\/div>\n<div dir=\"auto\"><em>Nunca, c\u00f3mo este a\u00f1o, esa frase tuvo tanto sentido.<\/em><\/div>\n<div dir=\"auto\"><em>Porque no siempre soy quien soy, porque a veces ni s\u00e9 qui\u00e9n soy, porque a veces soy m\u00e1s de lo que soy, y porque a veces no soy.<\/em><\/div>\n<div dir=\"auto\"><em>He tenido amigos que han pasado r\u00e1pidamente por mi vida, y que sin embargo recuerdo con una sonrisa..<\/em><\/div>\n<div dir=\"auto\"><em>Hay otros con quienes hemos recorrido a\u00f1os y que dejaron un sabor amargo en mi mirada..<\/em><\/div>\n<div dir=\"auto\"><em>Hay amigos con los cuales no necesito estar siempre, porque la confianza no se rompe nunca. Y siempre es, como si hubi\u00e9semos hablado ayer.<\/em><\/div>\n<div dir=\"auto\"><em>Tengo amigos con quienes nos decimos te quiero de vez en cuando, aun sabiendo que no tenemos tiempo para m\u00e1s..<\/em><\/div>\n<div dir=\"auto\"><em>Y tambi\u00e9n hay amigos con los cuales comparto buenos momentos y otros con quienes s\u00f3lo nos escuchamos llorar en el tel\u00e9fono.<\/em><\/div>\n<div dir=\"auto\"><em>Por supuesto, amigos que me dan consejos que saben que no voy a seguir, y otros que escuchan mis consejos, aunque sabemos que nunca los van a seguir.<\/em><\/div>\n<div dir=\"auto\"><em>Amigos que me aguantan endemoniada, porque saben que debajo del demonio, sigo estando yo.<\/em><\/div>\n<div dir=\"auto\"><em>Y cuando dej\u00e9 a un lado un mont\u00f3n de preconceptos, descubr\u00ed Amigos, que eran casi los \u00fanicos que se hab\u00edan quedado, cuando m\u00e1s lo necesitaba.<\/em><\/div>\n<div dir=\"auto\"><em>Algunos que saben c\u00f3mo soy, y que aun as\u00ed me eligen como amiga..<\/em><\/div>\n<div dir=\"auto\"><em>Tengo amigos con los cuales comparto rarezas, y gustos y placeres\u2026 Y que nos re\u00edmos de tonter\u00edas y compartimos seriedades..<\/em><\/div>\n<div dir=\"auto\"><em>Amigos que me invitan a crecer, y que se meten conmigo en el fango de la melancol\u00eda, para salir juntos y fortalecidos.<\/em><\/div>\n<div dir=\"auto\"><em>Amigos de risas, amigos de una copa de vino compartida, amigos de una confesi\u00f3n de madrugada o de una lagrima entre tostadas.<\/em><\/div>\n<div dir=\"auto\"><\/div>\n<div dir=\"auto\"><em>Tengo amigos para saber quien soy dijo Wilde, y yo pienso hoy, en este d\u00eda del amigo de 2018, a mis 40 y \u201ccasi\u201d 10, que SOY PARA TENER AMIGOS QUE ME ACOMPA\u00d1AN A SER YO.<\/em><\/div>\n<\/div>\n<\/div>\n<\/div>\n<\/div>\n<\/div>\n<\/div>\n<\/div>\n<\/div>\n<\/div>\n<\/div>\n<div class=\"stjgntxs ni8dbmo4\"><\/div>\n<\/div>\n<\/div>\n<p>Por Mar\u00eda Andrea Nu\u00f1ez.<\/p>\n<div>\n<div class=\"stjgntxs ni8dbmo4 l82x9zwi uo3d90p7 h905i5nu monazrh9\" data-visualcompletion=\"ignore-dynamic\">\n<div>\n<div>\n<div>\n<div class=\"l9j0dhe7\">\n<div class=\"bp9cbjyn m9osqain j83agx80 jq4qci2q bkfpd7mw a3bd9o3v kvgmc6g5 wkznzc2l oygrvhab dhix69tm jktsbyx5 rz4wbd8a osnr6wyh a8nywdso s1tcr66n\">\n<div class=\"bp9cbjyn j83agx80 buofh1pr ni8dbmo4 stjgntxs\"><\/div>\n<\/div>\n<\/div>\n<\/div>\n<\/div>\n<\/div>\n<\/div>\n<\/div>\n<div class=\"\"><\/div>\n<div class=\"bp9cbjyn j83agx80 pfnyh3mw p1ueia1e\">\n<div class=\"gtad4xkn\"><\/div>\n<\/div>\n<div class=\"rq0escxv l9j0dhe7 du4w35lb j83agx80 pfnyh3mw i1fnvgqd gs1a9yip owycx6da btwxx1t3 ph5uu5jm b3onmgus e5nlhep0 ecm0bbzt nkwizq5d roh60bw9 mysgfdmx hddg9phg\">\n<div class=\"rq0escxv l9j0dhe7 du4w35lb j83agx80 cbu4d94t g5gj957u d2edcug0 hpfvmrgz rj1gh0hx buofh1pr n8tt0mok hyh9befq iuny7tx3 ipjc6fyt\"><\/div>\n<\/div>\n<div class=\"rq0escxv l9j0dhe7 du4w35lb j83agx80 cbu4d94t g5gj957u d2edcug0 hpfvmrgz rj1gh0hx buofh1pr n8tt0mok hyh9befq iuny7tx3 ipjc6fyt\"><\/div>\n<div>\n<div class=\"q9uorilb bvz0fpym c1et5uql sf5mxxl7\">\n<div class=\"_680y\">\n<div class=\"_6cuy\">\n<div class=\"b3i9ofy5 e72ty7fz qlfml3jp inkptoze qmr60zad rq0escxv oo9gr5id q9uorilb kvgmc6g5 cxmmr5t8 oygrvhab hcukyx3x d2edcug0 jm1wdb64 l9j0dhe7 l3itjdph qv66sw1b\">\n<div class=\"tw6a2znq sj5x9vvc d1544ag0 cxgpxx05\">\n<div class=\"ecm0bbzt e5nlhep0 a8c37x1j\">\n<div class=\"kvgmc6g5 cxmmr5t8 oygrvhab hcukyx3x c1et5uql\">\n<div dir=\"auto\"><\/div>\n<\/div>\n<\/div>\n<\/div>\n<\/div>\n<\/div>\n<\/div>\n<\/div>\n<\/div>\n","protected":false},"excerpt":{"rendered":"<p>HACE UNOS CUANTOS A\u00d1OS&#8230;<\/p>\n","protected":false},"author":3,"featured_media":11434,"comment_status":"open","ping_status":"open","sticky":false,"template":"","format":"standard","meta":{"footnotes":"","jetpack_publicize_message":"","jetpack_publicize_feature_enabled":true,"jetpack_social_post_already_shared":false,"jetpack_social_options":{"image_generator_settings":{"template":"highway","default_image_id":0,"font":"","enabled":false},"version":2}},"categories":[7,12],"tags":[1393,1475],"class_list":["post-11432","post","type-post","status-publish","format-standard","has-post-thumbnail","hentry","category-columna-de-opinion","category-espectaculos","tag-columna","tag-dia-del-amigo"],"jetpack_publicize_connections":[],"jetpack_featured_media_url":"https:\/\/revistaepocadigital.com.ar\/wp-content\/uploads\/2021\/07\/565656-01-f5ebaa34f7be6523ed4cbb4475c24034.jpg","jetpack_likes_enabled":true,"_links":{"self":[{"href":"https:\/\/revistaepocadigital.com.ar\/index.php?rest_route=\/wp\/v2\/posts\/11432","targetHints":{"allow":["GET"]}}],"collection":[{"href":"https:\/\/revistaepocadigital.com.ar\/index.php?rest_route=\/wp\/v2\/posts"}],"about":[{"href":"https:\/\/revistaepocadigital.com.ar\/index.php?rest_route=\/wp\/v2\/types\/post"}],"author":[{"embeddable":true,"href":"https:\/\/revistaepocadigital.com.ar\/index.php?rest_route=\/wp\/v2\/users\/3"}],"replies":[{"embeddable":true,"href":"https:\/\/revistaepocadigital.com.ar\/index.php?rest_route=%2Fwp%2Fv2%2Fcomments&post=11432"}],"version-history":[{"count":0,"href":"https:\/\/revistaepocadigital.com.ar\/index.php?rest_route=\/wp\/v2\/posts\/11432\/revisions"}],"wp:featuredmedia":[{"embeddable":true,"href":"https:\/\/revistaepocadigital.com.ar\/index.php?rest_route=\/wp\/v2\/media\/11434"}],"wp:attachment":[{"href":"https:\/\/revistaepocadigital.com.ar\/index.php?rest_route=%2Fwp%2Fv2%2Fmedia&parent=11432"}],"wp:term":[{"taxonomy":"category","embeddable":true,"href":"https:\/\/revistaepocadigital.com.ar\/index.php?rest_route=%2Fwp%2Fv2%2Fcategories&post=11432"},{"taxonomy":"post_tag","embeddable":true,"href":"https:\/\/revistaepocadigital.com.ar\/index.php?rest_route=%2Fwp%2Fv2%2Ftags&post=11432"}],"curies":[{"name":"wp","href":"https:\/\/api.w.org\/{rel}","templated":true}]}}