{"id":11436,"date":"2021-07-20T19:35:57","date_gmt":"2021-07-20T22:35:57","guid":{"rendered":"https:\/\/revistaepocadigital.com.ar\/?p=11436"},"modified":"2021-07-23T01:25:59","modified_gmt":"2021-07-23T04:25:59","slug":"diamante-no-deja-de-brillar","status":"publish","type":"post","link":"https:\/\/revistaepocadigital.com.ar\/?p=11436","title":{"rendered":"Diamante no deja de brillar"},"content":{"rendered":"<div>\n<div class=\"du4w35lb k4urcfbm l9j0dhe7 sjgh65i0\">\n<div class=\"du4w35lb l9j0dhe7\">\n<div class=\"\">\n<div class=\"\">\n<div class=\"lzcic4wl\" role=\"article\" aria-posinset=\"8\" aria-describedby=\"jsc_c_2aw jsc_c_2ax jsc_c_2ay jsc_c_2b0 jsc_c_2az\" aria-labelledby=\"jsc_c_2av\">\n<div class=\"j83agx80 cbu4d94t\">\n<div class=\"rq0escxv l9j0dhe7 du4w35lb\">\n<div class=\"j83agx80 l9j0dhe7 k4urcfbm\">\n<div class=\"rq0escxv l9j0dhe7 du4w35lb hybvsw6c io0zqebd m5lcvass fbipl8qg nwvqtn77 k4urcfbm ni8dbmo4 stjgntxs sbcfpzgs\">\n<div>\n<div>\n<div>\n<div>\n<div class=\"cwj9ozl2 qbxu24ho bxzzcbxg lxuwth05 h2mp5456 ue3kfks5 pw54ja7n uo3d90p7 l82x9zwi goun2846 ccm00jje s44p3ltw mk2mc5f4 frvqaej8 ed0hlay0 afxsp9o4 jcgfde61 tvfksri0 ozuftl9m\">\n<div class=\"\">\n<div class=\"hqeojc4l\">\n<div class=\"\" dir=\"auto\">\n<div class=\"\" dir=\"auto\">\n<div class=\"ecm0bbzt hv4rvrfc ihqw7lf3 dati1w0a\" data-ad-comet-preview=\"message\" data-ad-preview=\"message\">\n<div class=\"j83agx80 cbu4d94t ew0dbk1b irj2b8pg\">\n<div class=\"qzhwtbm6 knvmm38d\">\n<div class=\"kvgmc6g5 cxmmr5t8 oygrvhab hcukyx3x c1et5uql ii04i59q\">\n<div dir=\"auto\"><strong>EL PILOTO CAPILLENSE.<!--more--><\/strong><\/div>\n<div dir=\"auto\"><\/div>\n<div dir=\"auto\"><strong>Valerio Diamante<\/strong> por partida doble se llev\u00f3 la octava fecha de TC Regional, el Gran Premio Red Oroza Multimarcas On Off Pilotos, que tuvo lugar en el Aut\u00f3dromo Oscar y Juan G\u00e1lvez de Buenos Aires. Juany Pierce y Rodrigo Escudero completaron el podio de la Clase A. El de Capilla complet\u00f3 un fin de semana redondo, al imponerse en las dos finales disputadas en el aut\u00f3dromo porte\u00f1o en plena etapa de los playoff del TC Regional. El sue\u00f1o de alcanzar el campeonato se agrand\u00f3 para Diamante, luego de haberse sumado al calendario reci\u00e9n en la tercera fecha.<\/div>\n<div dir=\"auto\"><\/div>\n<div dir=\"auto\">En la Copa Senior, la victoria fue para Claudio Caro, y lo siguieron Daniel Mazzitelli y Miguel Velazco. La clase de los denominados &#8220;chasis&#8221; brindaron un carrer\u00f3n en el Coliseo porte\u00f1o.<\/div>\n<\/div>\n<\/div>\n<div dir=\"auto\"><\/div>\n<div class=\"qzhwtbm6 knvmm38d\">\n<div class=\"kvgmc6g5 cxmmr5t8 oygrvhab hcukyx3x c1et5uql ii04i59q\">\n<div dir=\"auto\">\n<figure id=\"attachment_11440\" aria-describedby=\"caption-attachment-11440\" style=\"width: 1064px\" class=\"wp-caption aligncenter\"><img loading=\"lazy\" decoding=\"async\" class=\"size-full wp-image-11440\" src=\"https:\/\/revistaepocadigital.com.ar\/wp-content\/uploads\/2021\/07\/d.jpg\" alt=\"\" width=\"1064\" height=\"720\" srcset=\"https:\/\/revistaepocadigital.com.ar\/wp-content\/uploads\/2021\/07\/d.jpg 1064w, https:\/\/revistaepocadigital.com.ar\/wp-content\/uploads\/2021\/07\/d-300x203.jpg 300w, https:\/\/revistaepocadigital.com.ar\/wp-content\/uploads\/2021\/07\/d-768x520.jpg 768w, https:\/\/revistaepocadigital.com.ar\/wp-content\/uploads\/2021\/07\/d-696x471.jpg 696w, https:\/\/revistaepocadigital.com.ar\/wp-content\/uploads\/2021\/07\/d-621x420.jpg 621w\" sizes=\"auto, (max-width: 1064px) 100vw, 1064px\" \/><figcaption id=\"caption-attachment-11440\" class=\"wp-caption-text\">En el podio, detr\u00e1s del barbijo, celebra Diamanate.(gentileza Nelson foto)<\/figcaption><\/figure>\n<\/div>\n<div dir=\"auto\">Desde que se encendi\u00f3 el sem\u00e1foro verde, Pierce tom\u00f3 la delantera ante el asedio del de Capilla del Se\u00f1or, Diamante, en todos los frenajes del trazado.\u00a0La lucha se hizo rueda a rueda, hasta el momento que Valerio logr\u00f3 doblegar la marcha del Chevrolet n\u00ba2 con una ajustada maniobra, producto de la gran pelea.<\/div>\n<div dir=\"auto\"><\/div>\n<div dir=\"auto\">Diamante y Pierce\u00a0viajaron <em>soldados<\/em> hasta que a dos vueltas del final, el trompo de Alberto Somoza decret\u00f3 el ingreso del auto de seguridad. Atr\u00e1s de los que fueron a todo o nada por la victoria en un gran espect\u00e1culo, se escalonaron Escudero, Miranda, Delorenzo. Ale Pereyra, Seba Gugliermo, Della Mora, Fern\u00e1ndez y Pablo Pereyra que cerraron los diez primeros.<\/div>\n<\/div>\n<\/div>\n<\/div>\n<div dir=\"auto\"><\/div>\n<\/div>\n<\/div>\n<\/div>\n<\/div>\n<\/div>\n<\/div>\n<\/div>\n<\/div>\n<\/div>\n<\/div>\n<\/div>\n<\/div>\n<\/div>\n<\/div>\n<\/div>\n<\/div>\n<\/div>\n<\/div>\n<\/div>\n<\/div>\n<p>&nbsp;<\/p>\n","protected":false},"excerpt":{"rendered":"<p>EL PILOTO CAPILLENSE.<\/p>\n","protected":false},"author":4,"featured_media":11439,"comment_status":"open","ping_status":"open","sticky":false,"template":"","format":"standard","meta":{"footnotes":"","jetpack_publicize_message":"","jetpack_publicize_feature_enabled":true,"jetpack_social_post_already_shared":false,"jetpack_social_options":{"image_generator_settings":{"template":"highway","default_image_id":0,"font":"","enabled":false},"version":2}},"categories":[9],"tags":[1476,333,334],"class_list":["post-11436","post","type-post","status-publish","format-standard","has-post-thumbnail","hentry","category-deportes","tag-buenos-aires-2021","tag-diamante","tag-tc-regional"],"jetpack_publicize_connections":[],"jetpack_featured_media_url":"https:\/\/revistaepocadigital.com.ar\/wp-content\/uploads\/2021\/07\/216868044_2946449465611851_7213895392096970556_n.jpg","jetpack_likes_enabled":true,"_links":{"self":[{"href":"https:\/\/revistaepocadigital.com.ar\/index.php?rest_route=\/wp\/v2\/posts\/11436","targetHints":{"allow":["GET"]}}],"collection":[{"href":"https:\/\/revistaepocadigital.com.ar\/index.php?rest_route=\/wp\/v2\/posts"}],"about":[{"href":"https:\/\/revistaepocadigital.com.ar\/index.php?rest_route=\/wp\/v2\/types\/post"}],"author":[{"embeddable":true,"href":"https:\/\/revistaepocadigital.com.ar\/index.php?rest_route=\/wp\/v2\/users\/4"}],"replies":[{"embeddable":true,"href":"https:\/\/revistaepocadigital.com.ar\/index.php?rest_route=%2Fwp%2Fv2%2Fcomments&post=11436"}],"version-history":[{"count":0,"href":"https:\/\/revistaepocadigital.com.ar\/index.php?rest_route=\/wp\/v2\/posts\/11436\/revisions"}],"wp:featuredmedia":[{"embeddable":true,"href":"https:\/\/revistaepocadigital.com.ar\/index.php?rest_route=\/wp\/v2\/media\/11439"}],"wp:attachment":[{"href":"https:\/\/revistaepocadigital.com.ar\/index.php?rest_route=%2Fwp%2Fv2%2Fmedia&parent=11436"}],"wp:term":[{"taxonomy":"category","embeddable":true,"href":"https:\/\/revistaepocadigital.com.ar\/index.php?rest_route=%2Fwp%2Fv2%2Fcategories&post=11436"},{"taxonomy":"post_tag","embeddable":true,"href":"https:\/\/revistaepocadigital.com.ar\/index.php?rest_route=%2Fwp%2Fv2%2Ftags&post=11436"}],"curies":[{"name":"wp","href":"https:\/\/api.w.org\/{rel}","templated":true}]}}