{"id":11445,"date":"2021-07-20T20:10:08","date_gmt":"2021-07-20T23:10:08","guid":{"rendered":"https:\/\/revistaepocadigital.com.ar\/?p=11445"},"modified":"2021-07-20T20:11:59","modified_gmt":"2021-07-20T23:11:59","slug":"paso-facundo-manes-y-emilio-monzo-un-solo-corazon","status":"publish","type":"post","link":"https:\/\/revistaepocadigital.com.ar\/?p=11445","title":{"rendered":"PASO. FACUNDO MANES Y EMILIO MONZ\u00d3 UN SOLO CORAZ\u00d3N"},"content":{"rendered":"<p><strong>SE TERMINARON RUMORES Y ESPECULACIONES.<\/strong><!--more--><\/p>\n<p>El<span style=\"color: #000000;\"><a style=\"color: #000000;\" href=\"https:\/\/www.perfil.com\/noticias\/politica\/beatriz-sarlo-critico-la-inexperiencia-de-facundo-manes-la-politica-se-aprende.phtml\" target=\"_blank\" rel=\"noopener\"> candidato que encabezar\u00e1 la lista de la Uni\u00f3n C\u00edvica Radical (UCR),<\/a><strong><a style=\"color: #000000;\" href=\"https:\/\/www.perfil.com\/noticias\/politica\/beatriz-sarlo-critico-la-inexperiencia-de-facundo-manes-la-politica-se-aprende.phtml\" target=\"_blank\" rel=\"noopener\">\u00a0Facundo Manes<\/a>, sum\u00f3 a Emilio Monz\u00f3 <\/strong>(ex titular de la C\u00e1mara de Diputados durante el gobierno d<\/span>e Mauricio Macri, con quien mantuvo agudas diferencias) y<strong> Joaqu\u00edn de la Torre<\/strong> posaron para la foto presentaci\u00f3n (20\/7) en San Miguel.<\/p>\n<p>Fue la primera vez que se mostraron en publico, como fruto del nuevo acuerdo entre el peronismo no kirchnerista de Buenos Aires y el partido centenario, la UCR.<\/p>\n<p>Este sector buscar\u00e1 darle la disputa en la elecci\u00f3n primaria al PRO. Mientras el espacio de<strong>\u00a0Diego Santilli\u00a0<\/strong>termina de definir las posiciones en las lista que llevar\u00e1 a la boleta, el radicalismo aprovecha la \u00faltima semana antes del cierre de listas para<strong>\u00a0mostrar su candidatos y lucir su nuevo acuerdo pol\u00edtico.<\/strong><\/p>\n<p>Fuente y foto: Gentileza Diario Perfil.<\/p>\n","protected":false},"excerpt":{"rendered":"<p>SE TERMINARON RUMORES Y ESPECULACIONES.<\/p>\n","protected":false},"author":4,"featured_media":11446,"comment_status":"open","ping_status":"open","sticky":false,"template":"","format":"standard","meta":{"footnotes":"","jetpack_publicize_message":"","jetpack_publicize_feature_enabled":true,"jetpack_social_post_already_shared":false,"jetpack_social_options":{"image_generator_settings":{"template":"highway","default_image_id":0,"font":"","enabled":false},"version":2}},"categories":[17],"tags":[817,1477,1478,1479,363],"class_list":["post-11445","post","type-post","status-publish","format-standard","has-post-thumbnail","hentry","category-politica","tag-internas","tag-manes","tag-monzo","tag-pro","tag-ucr"],"jetpack_publicize_connections":[],"jetpack_featured_media_url":"https:\/\/revistaepocadigital.com.ar\/wp-content\/uploads\/2021\/07\/manes-monzo.jpg","jetpack_likes_enabled":true,"_links":{"self":[{"href":"https:\/\/revistaepocadigital.com.ar\/index.php?rest_route=\/wp\/v2\/posts\/11445","targetHints":{"allow":["GET"]}}],"collection":[{"href":"https:\/\/revistaepocadigital.com.ar\/index.php?rest_route=\/wp\/v2\/posts"}],"about":[{"href":"https:\/\/revistaepocadigital.com.ar\/index.php?rest_route=\/wp\/v2\/types\/post"}],"author":[{"embeddable":true,"href":"https:\/\/revistaepocadigital.com.ar\/index.php?rest_route=\/wp\/v2\/users\/4"}],"replies":[{"embeddable":true,"href":"https:\/\/revistaepocadigital.com.ar\/index.php?rest_route=%2Fwp%2Fv2%2Fcomments&post=11445"}],"version-history":[{"count":0,"href":"https:\/\/revistaepocadigital.com.ar\/index.php?rest_route=\/wp\/v2\/posts\/11445\/revisions"}],"wp:featuredmedia":[{"embeddable":true,"href":"https:\/\/revistaepocadigital.com.ar\/index.php?rest_route=\/wp\/v2\/media\/11446"}],"wp:attachment":[{"href":"https:\/\/revistaepocadigital.com.ar\/index.php?rest_route=%2Fwp%2Fv2%2Fmedia&parent=11445"}],"wp:term":[{"taxonomy":"category","embeddable":true,"href":"https:\/\/revistaepocadigital.com.ar\/index.php?rest_route=%2Fwp%2Fv2%2Fcategories&post=11445"},{"taxonomy":"post_tag","embeddable":true,"href":"https:\/\/revistaepocadigital.com.ar\/index.php?rest_route=%2Fwp%2Fv2%2Ftags&post=11445"}],"curies":[{"name":"wp","href":"https:\/\/api.w.org\/{rel}","templated":true}]}}