{"id":11466,"date":"2021-07-22T11:18:24","date_gmt":"2021-07-22T14:18:24","guid":{"rendered":"https:\/\/revistaepocadigital.com.ar\/?p=11466"},"modified":"2021-07-24T22:29:12","modified_gmt":"2021-07-25T01:29:12","slug":"vacunatorio-movil-este-sabado-en-arroyo-de-la-cruz","status":"publish","type":"post","link":"https:\/\/revistaepocadigital.com.ar\/?p=11466","title":{"rendered":"VACUNATORIO MOVIL, ESTE S\u00c1BADO EN ARROYO DE LA CRUZ"},"content":{"rendered":"<div class=\"buofh1pr\">\n<div class=\"j83agx80 cbu4d94t ew0dbk1b irj2b8pg\">\n<div class=\"qzhwtbm6 knvmm38d\">\n<h2 id=\"jsc_c_3s\" class=\"gmql0nx0 l94mrbxd p1ri9a11 lzcic4wl aahdfvyu hzawbc8m\" dir=\"auto\"><strong><span style=\"color: #222222; font-family: Verdana, Geneva, sans-serif; font-size: 15px;\">POSTA ITINERANTE.<!--more--><\/span><\/strong><\/h2>\n<p>Mientras continuaba la actividad constante en los vacunatorios que funcionan en Capilla del Se\u00f1or, en el Hospital y el Complejo Andr\u00e9s Salgado, las autoridades sanitarias bonaerenses habilitaron la llegada de la primera \u201cposta itinerante\u201d del distrito. Y ha de ubicarse este s\u00e1bado de 10 a 14, en la plaza \u201cLos Amigos\u201d, ubicada en La Urraca, entre El Venteveo y El Zorzal, en Arroyo de la Cruz.<\/p>\n<\/div>\n<\/div>\n<\/div>\n<div class=\"\" dir=\"auto\">\n<div id=\"jsc_c_3u\" class=\"ecm0bbzt hv4rvrfc ihqw7lf3 dati1w0a\" data-ad-comet-preview=\"message\" data-ad-preview=\"message\">\n<div class=\"j83agx80 cbu4d94t ew0dbk1b irj2b8pg\">\n<div class=\"qzhwtbm6 knvmm38d\">\n<div class=\"o9v6fnle cxmmr5t8 oygrvhab hcukyx3x c1et5uql ii04i59q\">\n<div dir=\"auto\">All\u00ed se podr\u00e1 acceder al sistema de vacunaci\u00f3n libre para mayores de 18 a\u00f1os en PRIMERA DOSIS, s\u00f3lo presentando el DNI que acredite domicilio en nuestro distrito. La atenci\u00f3n ser\u00e1 por orden de llegada, y el objetivo de las postas itinerantes es alcanzar un sector de la poblaci\u00f3n que a\u00fan no recibi\u00f3 su dosis, ni se inscribi\u00f3 en el sistema.<\/div>\n<div dir=\"auto\"><\/div>\n<\/div>\n<div class=\"o9v6fnle cxmmr5t8 oygrvhab hcukyx3x c1et5uql ii04i59q\">\n<div dir=\"auto\">Cabe recordar que Exaltaci\u00f3n de la Cruz fue incluido la semana pasada dentro de un listado del \u201cCiudades Protegidas\u201d. Se trata de aquellos distritos que ya completaron el listado de inscriptos para PRIMERA DOSIS, y que hacen foco ahora en la vacunaci\u00f3n libre<\/div>\n<\/div>\n<\/div>\n<\/div>\n<\/div>\n<\/div>\n","protected":false},"excerpt":{"rendered":"<p>POSTA ITINERANTE.<\/p>\n","protected":false},"author":3,"featured_media":11469,"comment_status":"open","ping_status":"open","sticky":false,"template":"","format":"standard","meta":{"footnotes":"","jetpack_publicize_message":"","jetpack_publicize_feature_enabled":true,"jetpack_social_post_already_shared":false,"jetpack_social_options":{"image_generator_settings":{"template":"highway","default_image_id":0,"font":"","enabled":false},"version":2}},"categories":[6],"tags":[174,37,894],"class_list":["post-11466","post","type-post","status-publish","format-standard","has-post-thumbnail","hentry","category-barrios","tag-arroyo-de-la-cruz","tag-destacada","tag-vacunacion"],"jetpack_publicize_connections":[],"jetpack_featured_media_url":"https:\/\/revistaepocadigital.com.ar\/wp-content\/uploads\/2021\/07\/221654334_4554890991230491_65092810198298560_n-1.jpg","jetpack_likes_enabled":true,"_links":{"self":[{"href":"https:\/\/revistaepocadigital.com.ar\/index.php?rest_route=\/wp\/v2\/posts\/11466","targetHints":{"allow":["GET"]}}],"collection":[{"href":"https:\/\/revistaepocadigital.com.ar\/index.php?rest_route=\/wp\/v2\/posts"}],"about":[{"href":"https:\/\/revistaepocadigital.com.ar\/index.php?rest_route=\/wp\/v2\/types\/post"}],"author":[{"embeddable":true,"href":"https:\/\/revistaepocadigital.com.ar\/index.php?rest_route=\/wp\/v2\/users\/3"}],"replies":[{"embeddable":true,"href":"https:\/\/revistaepocadigital.com.ar\/index.php?rest_route=%2Fwp%2Fv2%2Fcomments&post=11466"}],"version-history":[{"count":0,"href":"https:\/\/revistaepocadigital.com.ar\/index.php?rest_route=\/wp\/v2\/posts\/11466\/revisions"}],"wp:featuredmedia":[{"embeddable":true,"href":"https:\/\/revistaepocadigital.com.ar\/index.php?rest_route=\/wp\/v2\/media\/11469"}],"wp:attachment":[{"href":"https:\/\/revistaepocadigital.com.ar\/index.php?rest_route=%2Fwp%2Fv2%2Fmedia&parent=11466"}],"wp:term":[{"taxonomy":"category","embeddable":true,"href":"https:\/\/revistaepocadigital.com.ar\/index.php?rest_route=%2Fwp%2Fv2%2Fcategories&post=11466"},{"taxonomy":"post_tag","embeddable":true,"href":"https:\/\/revistaepocadigital.com.ar\/index.php?rest_route=%2Fwp%2Fv2%2Ftags&post=11466"}],"curies":[{"name":"wp","href":"https:\/\/api.w.org\/{rel}","templated":true}]}}