{"id":11493,"date":"2021-07-24T17:51:52","date_gmt":"2021-07-24T20:51:52","guid":{"rendered":"https:\/\/revistaepocadigital.com.ar\/?p=11493"},"modified":"2021-07-25T22:38:36","modified_gmt":"2021-07-26T01:38:36","slug":"monotributo-2021-como-y-cuando-habra-que-recategorizarse","status":"publish","type":"post","link":"https:\/\/revistaepocadigital.com.ar\/?p=11493","title":{"rendered":"MONOTRIBUTO 2021: C\u00d3MO Y CU\u00c1NDO HABR\u00c1 QUE RECATEGORIZARSE"},"content":{"rendered":"<div class=\"\" dir=\"auto\">\n<div id=\"jsc_c_176\" class=\"ecm0bbzt hv4rvrfc ihqw7lf3 dati1w0a\" data-ad-comet-preview=\"message\" data-ad-preview=\"message\">\n<div class=\"j83agx80 cbu4d94t ew0dbk1b irj2b8pg\">\n<div class=\"qzhwtbm6 knvmm38d\">\n<div class=\"kvgmc6g5 cxmmr5t8 oygrvhab hcukyx3x c1et5uql ii04i59q\">\n<div dir=\"auto\"><strong>\u00a0LOS CAMBIOS AL R\u00c9GIMEN SIMPLIFICADO.<\/strong><\/div>\n<\/div>\n<div dir=\"auto\"><\/div>\n<div class=\"o9v6fnle cxmmr5t8 oygrvhab hcukyx3x c1et5uql ii04i59q\">\n<div dir=\"auto\">Publicada la Resoluci\u00f3n General 5028\/2021 de la AFIP, quedaron oficializadas en el Bolet\u00edn Oficial, las nuevas escalas para que los monotributistas puedan realizar la recategorizaci\u00f3n semestral, y el pago mensual correspondiente a agosto.<\/div>\n<\/div>\n<div class=\"o9v6fnle cxmmr5t8 oygrvhab hcukyx3x c1et5uql ii04i59q\">\n<div dir=\"auto\"><\/div>\n<div dir=\"auto\">La medida del organismo garantiza que los peque\u00f1os contribuyentes, puedan realizar la recategorizaci\u00f3n con los valores de las escalas estipuladas en la nueva ley de alivio fiscal para monotributistas.<\/div>\n<div dir=\"auto\"><\/div>\n<\/div>\n<div class=\"o9v6fnle cxmmr5t8 oygrvhab hcukyx3x c1et5uql ii04i59q\">\n<div dir=\"auto\">La normativa dispuso que la recategorizaci\u00f3n para los monotributistas, estar\u00e1 habilitada del 28 de julio al 18 de agosto. Las nuevas categor\u00edas ser\u00e1n las que est\u00e9n vigentes entre el 1 de agosto de 2021 y el 31 de enero de 2022.<\/div>\n<div dir=\"auto\"><\/div>\n<\/div>\n<div class=\"o9v6fnle cxmmr5t8 oygrvhab hcukyx3x c1et5uql ii04i59q\">\n<div dir=\"auto\">Adem\u00e1s, la AFIP estableci\u00f3 que hasta el 27 de agosto podr\u00e1 realizarse el pago de la obligaci\u00f3n mensual correspondiente a ese mes. En el caso de los peque\u00f1os contribuyentes que abonen sus obligaciones a trav\u00e9s del d\u00e9bito directo en cuenta bancaria o d\u00e9bito autom\u00e1tico, la operaci\u00f3n tambi\u00e9n se efectuar\u00e1 el d\u00eda 27 de agosto<\/div>\n<\/div>\n<\/div>\n<\/div>\n<\/div>\n<\/div>\n<p><!--more--><\/p>\n<div class=\"rq0escxv l9j0dhe7 du4w35lb j83agx80 cbu4d94t g5gj957u d2edcug0 hpfvmrgz rj1gh0hx buofh1pr n8tt0mok hyh9befq iuny7tx3 ipjc6fyt\"><\/div>\n","protected":false},"excerpt":{"rendered":"<p>\u00a0LOS CAMBIOS AL R\u00c9GIMEN SIMPLIFICADO. Publicada la Resoluci\u00f3n General 5028\/2021 de la AFIP, quedaron oficializadas en el Bolet\u00edn Oficial, las nuevas escalas para que los monotributistas puedan realizar la recategorizaci\u00f3n semestral, y el pago mensual correspondiente a agosto. La medida del organismo garantiza que los peque\u00f1os contribuyentes, puedan realizar la recategorizaci\u00f3n con los valores de [&hellip;]<\/p>\n","protected":false},"author":3,"featured_media":11494,"comment_status":"open","ping_status":"open","sticky":false,"template":"","format":"standard","meta":{"footnotes":"","jetpack_publicize_message":"","jetpack_publicize_feature_enabled":true,"jetpack_social_post_already_shared":false,"jetpack_social_options":{"image_generator_settings":{"template":"highway","default_image_id":0,"font":"","enabled":false},"version":2}},"categories":[14],"tags":[1484,37,1485],"class_list":["post-11493","post","type-post","status-publish","format-standard","has-post-thumbnail","hentry","category-la-gente","tag-afip","tag-destacada","tag-monotributo"],"jetpack_publicize_connections":[],"jetpack_featured_media_url":"https:\/\/revistaepocadigital.com.ar\/wp-content\/uploads\/2021\/07\/recategorizacionmonotributo.jpg","jetpack_likes_enabled":true,"_links":{"self":[{"href":"https:\/\/revistaepocadigital.com.ar\/index.php?rest_route=\/wp\/v2\/posts\/11493","targetHints":{"allow":["GET"]}}],"collection":[{"href":"https:\/\/revistaepocadigital.com.ar\/index.php?rest_route=\/wp\/v2\/posts"}],"about":[{"href":"https:\/\/revistaepocadigital.com.ar\/index.php?rest_route=\/wp\/v2\/types\/post"}],"author":[{"embeddable":true,"href":"https:\/\/revistaepocadigital.com.ar\/index.php?rest_route=\/wp\/v2\/users\/3"}],"replies":[{"embeddable":true,"href":"https:\/\/revistaepocadigital.com.ar\/index.php?rest_route=%2Fwp%2Fv2%2Fcomments&post=11493"}],"version-history":[{"count":0,"href":"https:\/\/revistaepocadigital.com.ar\/index.php?rest_route=\/wp\/v2\/posts\/11493\/revisions"}],"wp:featuredmedia":[{"embeddable":true,"href":"https:\/\/revistaepocadigital.com.ar\/index.php?rest_route=\/wp\/v2\/media\/11494"}],"wp:attachment":[{"href":"https:\/\/revistaepocadigital.com.ar\/index.php?rest_route=%2Fwp%2Fv2%2Fmedia&parent=11493"}],"wp:term":[{"taxonomy":"category","embeddable":true,"href":"https:\/\/revistaepocadigital.com.ar\/index.php?rest_route=%2Fwp%2Fv2%2Fcategories&post=11493"},{"taxonomy":"post_tag","embeddable":true,"href":"https:\/\/revistaepocadigital.com.ar\/index.php?rest_route=%2Fwp%2Fv2%2Ftags&post=11493"}],"curies":[{"name":"wp","href":"https:\/\/api.w.org\/{rel}","templated":true}]}}