{"id":11496,"date":"2021-07-23T19:15:48","date_gmt":"2021-07-23T22:15:48","guid":{"rendered":"https:\/\/revistaepocadigital.com.ar\/?p=11496"},"modified":"2021-07-23T19:20:04","modified_gmt":"2021-07-23T22:20:04","slug":"un-regreso-largamente-esperado-el-tren-a-diego-gaynor","status":"publish","type":"post","link":"https:\/\/revistaepocadigital.com.ar\/?p=11496","title":{"rendered":"Un regreso largamente esperado, el tren a Diego Gaynor"},"content":{"rendered":"<div class=\"\" dir=\"auto\">\n<div id=\"jsc_c_1io\" class=\"ecm0bbzt hv4rvrfc ihqw7lf3 dati1w0a\" data-ad-comet-preview=\"message\" data-ad-preview=\"message\">\n<div class=\"j83agx80 cbu4d94t ew0dbk1b irj2b8pg\">\n<div class=\"qzhwtbm6 knvmm38d\">\n<div class=\"kvgmc6g5 cxmmr5t8 oygrvhab hcukyx3x c1et5uql ii04i59q\">\n<div dir=\"auto\"><strong>EN EPOCA.<!--more--><\/strong><\/div>\n<div dir=\"auto\"><\/div>\n<div dir=\"auto\">Te hemos venido contando, sobre el reinicio del servicio de trenes del Ferrocarril Mitre a Diego Gaynor. Un servicio que incomprensiblemente, los vecinos de Exaltaci\u00f3n de la Cruz y viajeros, dejaron de poder utilizar hace m\u00e1s de veinte a\u00f1os<\/div>\n<div dir=\"auto\"><\/div>\n<div dir=\"auto\">El reinicio de los trenes a Gaynor se acerca, y la expectativa y ansiedad crecen. Los trabajos para viabilizar el paso de las formaciones avanza, as\u00ed como tambi\u00e9n en la zona de Cardales.<\/div>\n<\/div>\n<div dir=\"auto\">\n<figure id=\"attachment_11499\" aria-describedby=\"caption-attachment-11499\" style=\"width: 561px\" class=\"wp-caption aligncenter\"><img loading=\"lazy\" decoding=\"async\" class=\"size-full wp-image-11499\" src=\"https:\/\/revistaepocadigital.com.ar\/wp-content\/uploads\/2021\/07\/diego-gaynor-ffcc.jpg\" alt=\"\" width=\"561\" height=\"249\" srcset=\"https:\/\/revistaepocadigital.com.ar\/wp-content\/uploads\/2021\/07\/diego-gaynor-ffcc.jpg 561w, https:\/\/revistaepocadigital.com.ar\/wp-content\/uploads\/2021\/07\/diego-gaynor-ffcc-300x133.jpg 300w\" sizes=\"auto, (max-width: 561px) 100vw, 561px\" \/><figcaption id=\"caption-attachment-11499\" class=\"wp-caption-text\">La estaci\u00f3n vista desde el aire.<\/figcaption><\/figure>\n<\/div>\n<div class=\"kvgmc6g5 cxmmr5t8 oygrvhab hcukyx3x c1et5uql ii04i59q\">\n<div dir=\"auto\"><\/div>\n<div dir=\"auto\">Sin duda, el tren podr\u00e1 el disparador para que Diego Gaynor y la zona, concreten un gran paso adelante. Los vecinos aguardan, despu\u00e9s de un silencio de muchos a\u00f1os y de recuerdos, que la realidad vuelva a mostrar a los trenes transitando por las vias.<\/div>\n<div dir=\"auto\"><\/div>\n<div dir=\"auto\">Vecinos de Gaynor como Bety, Marcos y Ana Mar\u00eda (foto portada), han contado con emoci\u00f3n, el significado del regreso del tren para sus vidas y para el pueblo. Un sue\u00f1o cercano a concretarse.<\/div>\n<\/div>\n<div dir=\"auto\"><\/div>\n<\/div>\n<\/div>\n<\/div>\n<\/div>\n","protected":false},"excerpt":{"rendered":"<p>EN EPOCA.<\/p>\n","protected":false},"author":4,"featured_media":11498,"comment_status":"open","ping_status":"open","sticky":false,"template":"","format":"standard","meta":{"footnotes":"","jetpack_publicize_message":"","jetpack_publicize_feature_enabled":true,"jetpack_social_post_already_shared":false,"jetpack_social_options":{"image_generator_settings":{"template":"highway","default_image_id":0,"font":"","enabled":false},"version":2}},"categories":[6],"tags":[952,1258],"class_list":["post-11496","post","type-post","status-publish","format-standard","has-post-thumbnail","hentry","category-barrios","tag-diego-gaynor","tag-trenes"],"jetpack_publicize_connections":[],"jetpack_featured_media_url":"https:\/\/revistaepocadigital.com.ar\/wp-content\/uploads\/2021\/07\/die-gayno.jpg","jetpack_likes_enabled":true,"_links":{"self":[{"href":"https:\/\/revistaepocadigital.com.ar\/index.php?rest_route=\/wp\/v2\/posts\/11496","targetHints":{"allow":["GET"]}}],"collection":[{"href":"https:\/\/revistaepocadigital.com.ar\/index.php?rest_route=\/wp\/v2\/posts"}],"about":[{"href":"https:\/\/revistaepocadigital.com.ar\/index.php?rest_route=\/wp\/v2\/types\/post"}],"author":[{"embeddable":true,"href":"https:\/\/revistaepocadigital.com.ar\/index.php?rest_route=\/wp\/v2\/users\/4"}],"replies":[{"embeddable":true,"href":"https:\/\/revistaepocadigital.com.ar\/index.php?rest_route=%2Fwp%2Fv2%2Fcomments&post=11496"}],"version-history":[{"count":0,"href":"https:\/\/revistaepocadigital.com.ar\/index.php?rest_route=\/wp\/v2\/posts\/11496\/revisions"}],"wp:featuredmedia":[{"embeddable":true,"href":"https:\/\/revistaepocadigital.com.ar\/index.php?rest_route=\/wp\/v2\/media\/11498"}],"wp:attachment":[{"href":"https:\/\/revistaepocadigital.com.ar\/index.php?rest_route=%2Fwp%2Fv2%2Fmedia&parent=11496"}],"wp:term":[{"taxonomy":"category","embeddable":true,"href":"https:\/\/revistaepocadigital.com.ar\/index.php?rest_route=%2Fwp%2Fv2%2Fcategories&post=11496"},{"taxonomy":"post_tag","embeddable":true,"href":"https:\/\/revistaepocadigital.com.ar\/index.php?rest_route=%2Fwp%2Fv2%2Ftags&post=11496"}],"curies":[{"name":"wp","href":"https:\/\/api.w.org\/{rel}","templated":true}]}}