{"id":11515,"date":"2021-07-25T20:04:27","date_gmt":"2021-07-25T23:04:27","guid":{"rendered":"https:\/\/revistaepocadigital.com.ar\/?p=11515"},"modified":"2021-07-26T20:11:46","modified_gmt":"2021-07-26T23:11:46","slug":"paso-2021-juntos-en-exaltacion-de-la-cruz-con-raul-sancho-al-frente","status":"publish","type":"post","link":"https:\/\/revistaepocadigital.com.ar\/?p=11515","title":{"rendered":"PASO 2021. Juntos en Exaltaci\u00f3n de la Cruz con Ra\u00fal Sancho al frente"},"content":{"rendered":"<p><strong>LA OPOSICI\u00d3N.<\/strong><!--more--><\/p>\n<p>Enfrenta en las urnas en las PASO, a la lista del radicalimo. Tambi\u00e9n compite otra lista por Juntos que una vez oficializada la van a dar a conocer.<\/p>\n<p>Ra\u00fal Sancho, ex presidente del Concejo Deliberante y actual concejal, se postula nuevamente. Ester Juncos en segundo lugar y Patricio Diez, presidente del Consejo Escolar quien cumple su mandato este a\u00f1o, son quienes encabezan la lista. A nivel provincial, respaldan la postulaci\u00f3n de Diego Santilli (foto portada) como candidato a diputado.<\/p>\n<p><img loading=\"lazy\" decoding=\"async\" class=\"aligncenter size-full wp-image-11516\" src=\"https:\/\/revistaepocadigital.com.ar\/wp-content\/uploads\/2021\/07\/sanch-lis.jpg\" alt=\"\" width=\"1125\" height=\"1803\" srcset=\"https:\/\/revistaepocadigital.com.ar\/wp-content\/uploads\/2021\/07\/sanch-lis.jpg 1125w, https:\/\/revistaepocadigital.com.ar\/wp-content\/uploads\/2021\/07\/sanch-lis-187x300.jpg 187w, https:\/\/revistaepocadigital.com.ar\/wp-content\/uploads\/2021\/07\/sanch-lis-749x1200.jpg 749w, https:\/\/revistaepocadigital.com.ar\/wp-content\/uploads\/2021\/07\/sanch-lis-768x1231.jpg 768w, https:\/\/revistaepocadigital.com.ar\/wp-content\/uploads\/2021\/07\/sanch-lis-958x1536.jpg 958w, https:\/\/revistaepocadigital.com.ar\/wp-content\/uploads\/2021\/07\/sanch-lis-696x1115.jpg 696w, https:\/\/revistaepocadigital.com.ar\/wp-content\/uploads\/2021\/07\/sanch-lis-1068x1712.jpg 1068w, https:\/\/revistaepocadigital.com.ar\/wp-content\/uploads\/2021\/07\/sanch-lis-262x420.jpg 262w, https:\/\/revistaepocadigital.com.ar\/wp-content\/uploads\/2021\/07\/sanch-lis-524x840.jpg 524w\" sizes=\"auto, (max-width: 1125px) 100vw, 1125px\" \/><\/p>\n<p>&nbsp;<\/p>\n<p><em>&#8220;La lista oficial est\u00e1 integrada por vecinos que quieren un cambio en Exaltaci\u00f3n, que quieren un concejo deliberante donde se discuten propuestas y ROMPER LAS MAYOR\u00cdAS AUTOM\u00c1TICAS, que nos han llevado a que en 2 a\u00f1os aumenten 100% las tasas, en plena pandemia<\/em>&#8220;, sostuvo Sancho en una red social.<\/p>\n<div class=\"o9v6fnle cxmmr5t8 oygrvhab hcukyx3x c1et5uql ii04i59q\">\n<div dir=\"auto\">Y luego acus\u00f3 acerca del <em>&#8220;surgimiento de listas dentro de JUNTOS impulsadas por el propio municipio, no es m\u00e1s que un s\u00edntoma de desesperaci\u00f3n. Ac\u00e1 es donde hay que dar la pelea, y tener un concejo donde lo principal sean los intereses de los vecinos y no una Escriban\u00eda municipal&#8221;.<\/em><\/div>\n<div dir=\"auto\"><\/div>\n<\/div>\n","protected":false},"excerpt":{"rendered":"<p>LA OPOSICI\u00d3N.<\/p>\n","protected":false},"author":3,"featured_media":11520,"comment_status":"open","ping_status":"open","sticky":false,"template":"","format":"standard","meta":{"footnotes":"","jetpack_publicize_message":"","jetpack_publicize_feature_enabled":true,"jetpack_social_post_already_shared":false,"jetpack_social_options":{"image_generator_settings":{"template":"highway","default_image_id":0,"font":"","enabled":false},"version":2}},"categories":[17],"tags":[1489,385,1486],"class_list":["post-11515","post","type-post","status-publish","format-standard","has-post-thumbnail","hentry","category-politica","tag-juntos","tag-lista","tag-paso-2021"],"jetpack_publicize_connections":[],"jetpack_featured_media_url":"https:\/\/revistaepocadigital.com.ar\/wp-content\/uploads\/2021\/07\/sanch-santilli.jpg","jetpack_likes_enabled":true,"_links":{"self":[{"href":"https:\/\/revistaepocadigital.com.ar\/index.php?rest_route=\/wp\/v2\/posts\/11515","targetHints":{"allow":["GET"]}}],"collection":[{"href":"https:\/\/revistaepocadigital.com.ar\/index.php?rest_route=\/wp\/v2\/posts"}],"about":[{"href":"https:\/\/revistaepocadigital.com.ar\/index.php?rest_route=\/wp\/v2\/types\/post"}],"author":[{"embeddable":true,"href":"https:\/\/revistaepocadigital.com.ar\/index.php?rest_route=\/wp\/v2\/users\/3"}],"replies":[{"embeddable":true,"href":"https:\/\/revistaepocadigital.com.ar\/index.php?rest_route=%2Fwp%2Fv2%2Fcomments&post=11515"}],"version-history":[{"count":0,"href":"https:\/\/revistaepocadigital.com.ar\/index.php?rest_route=\/wp\/v2\/posts\/11515\/revisions"}],"wp:featuredmedia":[{"embeddable":true,"href":"https:\/\/revistaepocadigital.com.ar\/index.php?rest_route=\/wp\/v2\/media\/11520"}],"wp:attachment":[{"href":"https:\/\/revistaepocadigital.com.ar\/index.php?rest_route=%2Fwp%2Fv2%2Fmedia&parent=11515"}],"wp:term":[{"taxonomy":"category","embeddable":true,"href":"https:\/\/revistaepocadigital.com.ar\/index.php?rest_route=%2Fwp%2Fv2%2Fcategories&post=11515"},{"taxonomy":"post_tag","embeddable":true,"href":"https:\/\/revistaepocadigital.com.ar\/index.php?rest_route=%2Fwp%2Fv2%2Ftags&post=11515"}],"curies":[{"name":"wp","href":"https:\/\/api.w.org\/{rel}","templated":true}]}}