{"id":11543,"date":"2021-07-27T14:59:11","date_gmt":"2021-07-27T17:59:11","guid":{"rendered":"https:\/\/revistaepocadigital.com.ar\/?p=11543"},"modified":"2021-07-28T23:37:26","modified_gmt":"2021-07-29T02:37:26","slug":"chano-una-vida-al-borde-del-precipicio","status":"publish","type":"post","link":"https:\/\/revistaepocadigital.com.ar\/?p=11543","title":{"rendered":"Chano, una vida al borde del precipicio"},"content":{"rendered":"<header class=\"articulo-header\">\n<h6><strong>EL EPISODIO QUE CAUS\u00d3 CONMOCI\u00d3N CON EPICENTRO EN EL BARRIO LA VERDAD, CERCANO A PAV\u00d3N.<\/strong><\/h6>\n<h6 class=\"headline\">. La nota de <a class=\"nombreautor\" href=\"https:\/\/www.perfil.com\/autores\/pablomelicchio\">Pablo Melicchio en Perfil.com<\/a><\/h6>\n<\/header>\n<p><!--more--><\/p>\n<div id=\"noticia\" class=\"container\">\n<article class=\"main-article\">\n<figure class=\"btn-open-gallery\"><picture class=\"cls-optimized\"><source srcset=\"https:\/\/fotos.perfil.com\/2021\/07\/26\/trim\/320\/180\/chano-moreno-charpentier-1209363.jpg?webp\" type=\"image\/webp\" media=\"(max-width: 320px)\" \/><source srcset=\"https:\/\/fotos.perfil.com\/2021\/07\/26\/trim\/360\/202\/chano-moreno-charpentier-1209363.jpg?webp\" type=\"image\/webp\" media=\"(max-width: 360px)\" \/><source srcset=\"https:\/\/fotos.perfil.com\/2021\/07\/26\/trim\/375\/211\/chano-moreno-charpentier-1209363.jpg?webp\" type=\"image\/webp\" media=\"(max-width: 375px)\" \/><source srcset=\"https:\/\/fotos.perfil.com\/2021\/07\/26\/trim\/414\/233\/chano-moreno-charpentier-1209363.jpg?webp\" type=\"image\/webp\" media=\"(max-width: 414px)\" \/><source srcset=\"https:\/\/fotos.perfil.com\/2021\/07\/26\/trim\/720\/405\/chano-moreno-charpentier-1209363.jpg?webp\" type=\"image\/webp\" media=\"(max-width: 768px)\" \/><source srcset=\"https:\/\/fotos.perfil.com\/2021\/07\/26\/trim\/635\/357\/chano-moreno-charpentier-1209363.jpg?webp\" type=\"image\/webp\" media=\"(max-width: 1024px)\" \/><source srcset=\"https:\/\/fotos.perfil.com\/2021\/07\/26\/trim\/950\/534\/chano-moreno-charpentier-1209363.jpg?webp\" type=\"image\/webp\" \/><source srcset=\"https:\/\/fotos.perfil.com\/2021\/07\/26\/trim\/320\/180\/chano-moreno-charpentier-1209363.jpg\" media=\"(max-width: 320px)\" \/><source srcset=\"https:\/\/fotos.perfil.com\/2021\/07\/26\/trim\/360\/202\/chano-moreno-charpentier-1209363.jpg\" media=\"(max-width: 360px)\" \/><source srcset=\"https:\/\/fotos.perfil.com\/2021\/07\/26\/trim\/375\/211\/chano-moreno-charpentier-1209363.jpg\" media=\"(max-width: 375px)\" \/><source srcset=\"https:\/\/fotos.perfil.com\/2021\/07\/26\/trim\/414\/233\/chano-moreno-charpentier-1209363.jpg\" media=\"(max-width: 414px)\" \/><source srcset=\"https:\/\/fotos.perfil.com\/2021\/07\/26\/trim\/720\/405\/chano-moreno-charpentier-1209363.jpg\" media=\"(max-width: 768px)\" \/><source srcset=\"https:\/\/fotos.perfil.com\/2021\/07\/26\/trim\/635\/357\/chano-moreno-charpentier-1209363.jpg\" media=\"(max-width: 1024px)\" \/><img decoding=\"async\" class=\"img-fluid\" src=\"https:\/\/fotos.perfil.com\/2021\/07\/26\/trim\/950\/534\/chano-moreno-charpentier-1209363.jpg\" alt=\"Chano Moreno Charpentier\" \/><\/picture><figcaption class=\"figure-caption\">Chano Moreno Charpentier<span class=\"credito-foto\">\u00a0 (Foto redes sociales)<\/span><\/figcaption><\/figure>\n<div class=\"news-body\">\n<div class=\"fecha-autor\">\n<div class=\"autor\"><\/div>\n<\/div>\n<div class=\"social-topsharing\">\n<p>Sea <a href=\"https:\/\/caras.perfil.com\/noticias\/espectaculos\/detuvieron-a-chano-sufrio-un-brote-psicotico-quiso-apunalar-a-un-policia-y-recibio-un-balazo.phtml?_ga=2.86203032.1653321228.1627307337-5799321.1599160446\" target=\"_blank\" rel=\"noopener\">un brote por efecto de una estructura de personalidad psic\u00f3tica<\/a>\u00a0o como consecuencia del exceso del consumo de sustancias t\u00f3xicas, estamos ante un hombre que de cualquier modo necesitaba ayuda, que est\u00e1 enfermo, y que un disparo no es el remedio ni la soluci\u00f3n, todo lo contrario.<\/p>\n<\/div>\n<div class=\"news-content\">\n<p>Es, una vez m\u00e1s, la imposibilidad de llegar a tiempo para asistir al ser que\u00a0<strong>padece una enfermedad<\/strong>. Y el criterio de internaci\u00f3n es claro, tiene que efectivizarse cuando hay riesgos para s\u00ed mismo o para terceros.<\/p>\n<p>Hay internaciones\u00a0<em>voluntarias<\/em>, cuando el ser sufriente quiere recuperase y tiene voluntad y criterio de realidad para tomar esa decisi\u00f3n; e\u00a0<em>involuntarias<\/em>, la que debe realizarse cuando existe riesgo cierto e inminente y la persona no puede decidir por s\u00ed misma dada la p\u00e9rdida de criterios de realidad o por el cuadro de excitaci\u00f3n psicof\u00edsica concomitante. Las internaciones\u00a0<em>involuntarias<\/em>\u00a0<a href=\"https:\/\/www.perfil.com\/noticias\/policia\/procesaron-homicidio-culposo-psiquiatra-rodrigo-roza-mato-policia-juan-roldan-malba.phtml\" target=\"_blank\" rel=\"noopener\">la deben determinar profesionales de la salud mental<\/a>, un equipo psicol\u00f3gico y psiqui\u00e1trico, notificando al juzgado de turno.<\/p>\n<\/div>\n<\/div>\n<\/article>\n<p>El polic\u00eda dispar\u00f3, <a href=\"https:\/\/www.perfil.com\/noticias\/actualidad\/berni-sobre-el-brote-psicotico-de-chano-la-unica-manera-de-detenerlo-fue-con-un-disparo.phtml\" target=\"_blank\" rel=\"noopener\">supongamos por ahora hasta que la justicia investigue la causa, en leg\u00edtima defensa, o por lo que sea que sinti\u00f3 y entonces decidi\u00f3 disparar<\/a>. \u00bfPero en qu\u00e9 sistema vivimos que llega primero la polic\u00eda y sus armas antes que los profesionales de la salud mental? Chano ya hab\u00eda hablado de su uso problem\u00e1tico de drogas. Ya hab\u00eda ca\u00eddo y \u201cchocado\u201d y fue \u201cmemes\u201d y noticias en m\u00e1s de una ocasi\u00f3n.<\/p>\n<\/div>\n<p><img loading=\"lazy\" decoding=\"async\" class=\"aligncenter size-full wp-image-11556\" src=\"https:\/\/revistaepocadigital.com.ar\/wp-content\/uploads\/2021\/07\/CHANO7-3-rotated.jpg\" alt=\"\" width=\"419\" height=\"407\" srcset=\"https:\/\/revistaepocadigital.com.ar\/wp-content\/uploads\/2021\/07\/CHANO7-3-rotated.jpg 419w, https:\/\/revistaepocadigital.com.ar\/wp-content\/uploads\/2021\/07\/CHANO7-3-300x291.jpg 300w\" sizes=\"auto, (max-width: 419px) 100vw, 419px\" \/><em>M\u00f3viles televisivos frente a la entrada a La Verdad<\/em>.<\/p>\n<div id=\"noticia\" class=\"container\">\n<article class=\"main-article\">\n<div class=\"news-body\">\n<div class=\"news-content\">\n<p>Pero no es gracioso, nada de lo que le sucede. \u00c9l es la cara visible de un sistema que sigue fallando y que las enfermedades mentales y las problem\u00e1ticas adictivas terminan siendo noticia cuando los medios masivos de comunicaci\u00f3n visibilizan el asunto o el ruido es tan grande que se termina hablando de Chano, de Mat\u00edas Al\u00e9, de Pity \u00c1lvarez, de\u00a0<a href=\"https:\/\/exitoina.perfil.com\/noticias\/destacada\/tamara-pettinato-hablo-sobre-el-brote-psiquiatrico-de-su-hermano.phtml\" target=\"_blank\" rel=\"noopener\">Felipe Pettinato<\/a>\u00a0o de Diego Maradona, por poner ejemplos medi\u00e1ticos, cuando el tema no son ellos sino lo que en ellos se manifiesta, se hace visible. La salud mental merece un mejor tratamiento que las balas y las rejas.<\/p>\n<p><a href=\"https:\/\/www.perfil.com\/noticias\/reperfilar\/en-la-pandemia-empeoro-la-salud-mental-de-las-personas-con-patologias-cronicas.phtml\" target=\"_blank\" rel=\"noopener\">Durante la pandemia la salud mental de la poblaci\u00f3n result\u00f3 herida<\/a>. La conmoci\u00f3n ha sido tan grande que la gente est\u00e1 sufriendo, lejos del equilibrio psicof\u00edsico, espiritual y social necesarios para bienestar y\u00a0<em>bien ser<\/em>. Nadie saldr\u00e1 ileso del acecho de la enfermedad y de la muerte como tem\u00e1ticas centrales. Pero mucho m\u00e1s complejo resultar\u00e1 para quienes ya ven\u00edan fr\u00e1giles antes de la pandemia.<\/p>\n<p>La sensaci\u00f3n de derrumbe de un mundo que conoc\u00edamos desencaden\u00f3 brotes psic\u00f3ticos.\u00a0<a href=\"https:\/\/noticias.perfil.com\/noticias\/opinion\/vacunas-entre-las-dudas-razonables-y-el-delirio.phtml\" target=\"_blank\" rel=\"noopener\">Las teor\u00edas conspirativas del \u201cvirus\u201d creado en un laboratorio y la \u201cvacuna\u201d como un \u201cchip\u201d, potenci\u00f3 vivencias paranoides<\/a>. Durante la distancia social y el confinamiento se incrementaron patolog\u00edas f\u00f3bicas, obsesivas, violencias, en especial la de g\u00e9nero,\u00a0<strong>problem\u00e1ticas emocionales<\/strong>\u00a0y adictivas.<\/p>\n<\/div>\n<p><img loading=\"lazy\" decoding=\"async\" class=\"aligncenter size-full wp-image-11557\" src=\"https:\/\/revistaepocadigital.com.ar\/wp-content\/uploads\/2021\/07\/chano1.jpg\" alt=\"\" width=\"580\" height=\"327\" srcset=\"https:\/\/revistaepocadigital.com.ar\/wp-content\/uploads\/2021\/07\/chano1.jpg 580w, https:\/\/revistaepocadigital.com.ar\/wp-content\/uploads\/2021\/07\/chano1-300x169.jpg 300w\" sizes=\"auto, (max-width: 580px) 100vw, 580px\" \/><\/p>\n<div class=\"news-content\">\n<p><em>Medios locales consultados por canales de TV.<\/em><\/p>\n<p>&nbsp;<\/p>\n<p>Sin lugar a dudas, por las urgencias del Covid-19, muchos tratamientos fueron suspendidos y los que ten\u00edan que iniciarse se postergaron. Y eso caus\u00f3 deterioros en la<strong>\u00a0salud psicoemocional<\/strong>\u00a0que ya son m\u00e1s que evidentes.<\/p>\n<p>Ojal\u00e1 Chano se recupere, que su problem\u00e1tica no sea solo morbo medi\u00e1tico y que nos ense\u00f1e a ver las fisuras del sistema, las grietas, las contradicciones que aparecen\u00a0cuando se tiene que trabajar de manera asociada para ayudar a una persona que sufre, que la est\u00e1 pasando mal. Que de una vez por todas\u00a0<strong>las enfermedades mentales<\/strong>\u00a0no sean noticias policiales y la salud mental sea tratada con m\u00e1s recursos, con m\u00e1s seriedad, con otras herramientas, y por sobre todo, con otras armas.<\/p>\n<\/div>\n<\/div>\n<\/article>\n<\/div>\n<header class=\"article-header-wrapper\">\n<div class=\"article-header\">\n<h2 class=\"article-subheadline\">Como ocurri\u00f3<\/h2>\n<h2 class=\"article-subheadline\"><b style=\"font-family: Verdana, Geneva, sans-serif; font-size: 15px; color: #222222;\">Santiago \u201cChano\u201d Moreno Charpentier<\/b><span style=\"font-family: Verdana, Geneva, sans-serif; font-size: 15px; color: #222222;\">, ex l\u00edder de Tan Bi\u00f3nica y en la actualidad cantante solista,<\/span><b style=\"font-family: Verdana, Geneva, sans-serif; font-size: 15px; color: #222222;\"> protagoniz\u00f3 el violento episodio en el Barrio Parque La Verdad de Exaltaci\u00f3n de la Cruz<\/b><span style=\"font-family: Verdana, Geneva, sans-serif; font-size: 15px; color: #222222;\">, sobre la Ruta 39 en las inmediaciones de la localidad de Pav\u00f3n, donde suele residir. A Chano se lo suele ver en Capilla del Se\u00f1or, el s\u00e1bado (24\/7) por la noche hab\u00eda estado en el Bar-Confiter\u00eda La Fusta.<\/span><\/h2>\n<\/div>\n<p>Seg\u00fan el reporte elevado a la Justicia, en medio de un presunto episodio de salud mental, el m\u00fasico <mark class=\"hl_yellow\">agredi\u00f3 a su madre e intent\u00f3 atacar con un cuchillo a un efectivo de la Polic\u00eda Bonaerense<\/mark>\u00a0que hab\u00eda sido enviado al lugar, que\u00a0<mark class=\"hl_yellow\">le dispar\u00f3 y lo hiri\u00f3 en el abdomen<\/mark>,\u00a0seg\u00fan informaci\u00f3n policial a la que accedi\u00f3\u00a0<b>Infobae<\/b>.<\/p>\n<\/header>\n<article class=\"article\">\n<div class=\"nd-body-article\">\n<div class=\"teads-adCall\"><\/div>\n<div class=\"visual__image \"><img loading=\"lazy\" decoding=\"async\" src=\"https:\/\/www.infobae.com\/new-resizer\/TQfkdaUAX-RTQt2N4kppnJ5gZXU=\/420x236\/filters:format(jpg):quality(85)\/cloudfront-us-east-1.images.arcpublishing.com\/infobae\/265VXBQGIVDVXPO6JE5J5OEXOU.JPG%20420w\" sizes=\"auto, (min-width: 800px) 50vw, 90vw\" srcset=\"https:\/\/www.infobae.com\/new-resizer\/TQfkdaUAX-RTQt2N4kppnJ5gZXU=\/420x236\/filters:format(jpg):quality(85)\/cloudfront-us-east-1.images.arcpublishing.com\/infobae\/265VXBQGIVDVXPO6JE5J5OEXOU.JPG 420w,https:\/\/www.infobae.com\/new-resizer\/6YDeUUCYAJbt8qN8aFdiIf83l7M=\/768x432\/filters:format(jpg):quality(85)\/cloudfront-us-east-1.images.arcpublishing.com\/infobae\/265VXBQGIVDVXPO6JE5J5OEXOU.JPG 768w,https:\/\/www.infobae.com\/new-resizer\/AZ5AtAEn0T8SXnlGz0dsetOx3N8=\/992x558\/filters:format(jpg):quality(85)\/cloudfront-us-east-1.images.arcpublishing.com\/infobae\/265VXBQGIVDVXPO6JE5J5OEXOU.JPG 992w,https:\/\/www.infobae.com\/new-resizer\/2K2YhNIWAU9KeNUqeIdVurEHrL8=\/1200x675\/filters:format(jpg):quality(85)\/cloudfront-us-east-1.images.arcpublishing.com\/infobae\/265VXBQGIVDVXPO6JE5J5OEXOU.JPG 1200w\" alt=\"El cuchillo empleado en la agresi\u00f3n por Chano.\" width=\"1349\" height=\"823\" \/>El cuchillo empleado en la agresi\u00f3n por Chano.<\/div>\n<div class=\"inline ad-wrapper\">\n<div class=\"dfpAd display_inline_block ad_margin_wrapper\">\n<div id=\"infobae\/sociedad\/policiales\/nota\/inline\" class=\"infobae\/sociedad\/policiales\/nota\/inline arcad\" data-google-query-id=\"CMWqweKfgvICFQEtuQYdo7QAKg\">\n<div id=\"google_ads_iframe_\/1058609\/infobae\/sociedad\/policiales\/nota\/inline_0__container__\"><iframe id=\"google_ads_iframe_\/1058609\/infobae\/sociedad\/policiales\/nota\/inline_0\" title=\"3rd party ad content\" name=\"google_ads_iframe_\/1058609\/infobae\/sociedad\/policiales\/nota\/inline_0\" width=\"1\" height=\"1\" frameborder=\"0\" marginwidth=\"0\" marginheight=\"0\" scrolling=\"no\" data-google-container-id=\"4\" data-load-complete=\"true\" data-mce-fragment=\"1\"><\/iframe><\/div>\n<\/div>\n<\/div>\n<\/div>\n<p class=\"paragraph\">\u201cChano\u201d luego de recibir r\u00e1pida atenci\u00f3n por el servicio de salud del distrito, <b>fue trasladado a la Cl\u00ednica Otamendi de Buenos Aires, donde debi\u00f3 ser operado de urgencia<\/b>. Seg\u00fan informaron sus familiares\u00a0<a href=\"https:\/\/www.infobae.com\/sociedad\/policiales\/2021\/07\/26\/comunicado-oficial-de-la-familia-de-chano-tiene-afectados-los-rinones-el-pancreas-y-el-bazo\/\" target=\"_blank\" rel=\"noopener\">en un comunicado difundido a la prensa<\/a>\u00a0por su m\u00e1nager,\u00a0<mark class=\"hl_yellow\">el m\u00fasico contin\u00faa internado en terapia intensiva con uno de sus ri\u00f1ones, el p\u00e1ncreas y el bazo afectados por el disparo<\/mark><b>.<\/b>\u00a0Al mediod\u00eda, los m\u00e9dicos del sanatorio privado brindar\u00e1n un nuevo parte m\u00e9dico sobre su estado de salud.<\/p>\n<p class=\"paragraph\">De acuerdo al comunicado de la familia del cantante, el incidente ocurri\u00f3 temprano este lunes,\u00a0<b>cuando sus allegados y un grupo de m\u00e9dicos de su obra social intentaban trasladarlo a un centro m\u00e9dico<\/b>, en medio de lo que habr\u00eda sido un presunto episodio de salud mental.<\/p>\n<p class=\"paragraph\">Un m\u00f3vil de la Seccional 2\u00b0 de Parada Robles fue despachado hacia la vivienda donde el m\u00fasico se aloja hace varias semanas ante una llamada de la guardia del barrio privado\u00a0<b>que aseguraba que el cantante se encontraba en un estado agresivo<\/b>. En la casa que ocupaba el m\u00fasico estaba su madre con una ambulancia, cuyos m\u00e9dicos habr\u00edan dispuesto su internaci\u00f3n.<\/p>\n<div class=\"visual__image \"><img loading=\"lazy\" decoding=\"async\" src=\"https:\/\/www.infobae.com\/new-resizer\/CsN0IBsVoYYtKYpwBQq71-OgMQA=\/420x315\/filters:format(jpg):quality(85)\/cloudfront-us-east-1.images.arcpublishing.com\/infobae\/MKAW6K66DBHCFGELZ3GRSDDBYU.jpeg%20420w\" sizes=\"auto, (min-width: 800px) 50vw, 90vw\" srcset=\"https:\/\/www.infobae.com\/new-resizer\/CsN0IBsVoYYtKYpwBQq71-OgMQA=\/420x315\/filters:format(jpg):quality(85)\/cloudfront-us-east-1.images.arcpublishing.com\/infobae\/MKAW6K66DBHCFGELZ3GRSDDBYU.jpeg 420w,https:\/\/www.infobae.com\/new-resizer\/ocmzuPkUk_0nz3LelI19TqS603Y=\/768x576\/filters:format(jpg):quality(85)\/cloudfront-us-east-1.images.arcpublishing.com\/infobae\/MKAW6K66DBHCFGELZ3GRSDDBYU.jpeg 768w,https:\/\/www.infobae.com\/new-resizer\/r0wogOBEL0uNtzLZd1fm5SlNUKo=\/992x744\/filters:format(jpg):quality(85)\/cloudfront-us-east-1.images.arcpublishing.com\/infobae\/MKAW6K66DBHCFGELZ3GRSDDBYU.jpeg 992w,https:\/\/www.infobae.com\/new-resizer\/VSssau481HlPjYgRt40u8z3pdos=\/1200x900\/filters:format(jpg):quality(85)\/cloudfront-us-east-1.images.arcpublishing.com\/infobae\/MKAW6K66DBHCFGELZ3GRSDDBYU.jpeg 1200w\" alt=\"La casa del barrio La Verdad donde se alojaba el m\u00fasico.\" width=\"1600\" height=\"1200\" \/>La casa del barrio La Verdad donde se alojaba el m\u00fasico.<\/div>\n<div><\/div>\n<p class=\"paragraph\">En medio de la resistencia del m\u00fasico, seg\u00fan informaron los investigadores, la mujer fue agredida por su hijo. Ella fue quien permiti\u00f3 que la Bonaerense entrara a la casa por el patio delantero. Moreno Charpentier se abalanz\u00f3 sobre uno de los efectivos con una cuchilla serrada en su mano. En ese momento,\u00a0<b>el agente respondi\u00f3 a la agresi\u00f3n con un disparo en el abdomen.<\/b><\/p>\n<p class=\"paragraph\">El<b>\u00a0fiscal Juan Manuel Esperante<\/b>, titular de la UFI descentralizada de Exaltaci\u00f3n de la Cruz, inici\u00f3 una causa y convoc\u00f3 a la Polic\u00eda Federal para investigar el hecho, y no hab\u00eda en principio adoptado decisiones respecto al polic\u00eda que le dispar\u00f3 a Chano, y tampoco fue detenido.<\/p>\n<p class=\"paragraph\">Seg\u00fan pudo constatar el fiscal Esperante, hubo un suceso similar en el barrio La Verdad,\u00a0<b>donde el m\u00fasico tuvo otro episodio vinculado a su salud mental y tuvieron que ser despachadas ambulancias y Polic\u00eda Bonaerense<\/b>, aunque sin incidentes. Hasta ahora, m\u00e9dicos y polic\u00edas coinciden en la versi\u00f3n del ataque de la cuchilla y el fiscal esperaba hablar con la madre de Chano, seg\u00fan confirmaron fuentes del expediente a <b>Infobae. S<\/b>e decidi\u00f3 que intervenga la PFA, que despach\u00f3 un gabinete criminol\u00f3gico al lugar.\u00a0<b>El fiscal decidir\u00e1 con los primeros resultados si imputaba al m\u00fasico<\/b>.<b><\/b><\/p>\n<p class=\"paragraph\">Cerca de las 6 de la ma\u00f1ana (26\/7), sin embargo,<a href=\"https:\/\/www.infobae.com\/sociedad\/policiales\/2021\/07\/26\/choque-y-vuelco-en-parque-patricios-entre-un-auto-y-una-camioneta-de-la-policia-federal-8-heridos\/\" target=\"_blank\" rel=\"noopener\">\u00a0<\/a>la camioneta Mercedes Benz Sprinter de la PFA que se dirig\u00eda hacia el Barrio Parque La Verdad\u00a0<a href=\"https:\/\/www.infobae.com\/sociedad\/policiales\/2021\/07\/26\/choque-y-vuelco-en-parque-patricios-entre-un-auto-y-una-camioneta-de-la-policia-federal-8-heridos\/\" target=\"_blank\" rel=\"noopener\"><mark class=\"hl_yellow\">fue impactada de atr\u00e1s por un Renault Clio blanco<\/mark><\/a><mark class=\"hl_yellow\"> que cruz\u00f3 con el sem\u00e1foro en rojo y qued\u00f3 volcada sobre la avenida Colonia en Parque Patricios<\/mark>.\u00a0En total,\u00a0<b>seis efectivos que viajaban en el m\u00f3vil policial fueron trasladadas a los hospitales Churruca y Argerich, as\u00ed como tambi\u00e9n el conductor del auto,\u00a0<\/b>que debi\u00f3 ser trasladado al Hospital Penna tras manifestar dolores en el cuello.<\/p>\n<p class=\"paragraph\">A fines de mayo, el cantante\u00a0<b>hab\u00eda lanzado la canci\u00f3n \u201cMecha\u201d,<\/b>\u00a0su vuelta a la m\u00fasica y un adelanto de lo que ser\u00eda su pr\u00f3ximo disco. \u201cMe siento feliz y agradecido por este lanzamiento y\u00a0<b>realmente tomo contacto con eso porque hace mucho que no sacaba m\u00fasica.<\/b>\u00a0Poder hacer m\u00fasica en este contexto que est\u00e1 todo tan raro est\u00e1 buen\u00edsimo\u201d, expres\u00f3 Charpentier en su momento a trav\u00e9s de un comunicado.<\/p>\n<\/div>\n<\/article>\n<p>&nbsp;<\/p>\n<p>Fuente: notas en Perfil.com e Infobae.<\/p>\n<div id=\"noticia\" class=\"container\">\n<article class=\"main-article\">\n<div class=\"news-body\">\n<div class=\"news-content\">\n<div class=\"noticias-relacionadas\">\n<div class=\"relacionadas-titulo\">Fotos: Gentileza Perfil, Infobae, EPOCA<\/div>\n<\/div>\n<\/div>\n<\/div>\n<\/article>\n<\/div>\n","protected":false},"excerpt":{"rendered":"<p>EL EPISODIO QUE CAUS\u00d3 CONMOCI\u00d3N CON EPICENTRO EN EL BARRIO LA VERDAD, CERCANO A PAV\u00d3N. . La nota de Pablo Melicchio en Perfil.com<\/p>\n","protected":false},"author":3,"featured_media":11559,"comment_status":"open","ping_status":"open","sticky":false,"template":"","format":"standard","meta":{"footnotes":"","jetpack_publicize_message":"","jetpack_publicize_feature_enabled":true,"jetpack_social_post_already_shared":false,"jetpack_social_options":{"image_generator_settings":{"template":"highway","default_image_id":0,"font":"","enabled":false},"version":2}},"categories":[13],"tags":[1491,1492],"class_list":["post-11543","post","type-post","status-publish","format-standard","has-post-thumbnail","hentry","category-interes-general","tag-chano","tag-la-verdad"],"jetpack_publicize_connections":[],"jetpack_featured_media_url":"https:\/\/revistaepocadigital.com.ar\/wp-content\/uploads\/2021\/07\/CHano-5-2.jpg","jetpack_likes_enabled":true,"_links":{"self":[{"href":"https:\/\/revistaepocadigital.com.ar\/index.php?rest_route=\/wp\/v2\/posts\/11543","targetHints":{"allow":["GET"]}}],"collection":[{"href":"https:\/\/revistaepocadigital.com.ar\/index.php?rest_route=\/wp\/v2\/posts"}],"about":[{"href":"https:\/\/revistaepocadigital.com.ar\/index.php?rest_route=\/wp\/v2\/types\/post"}],"author":[{"embeddable":true,"href":"https:\/\/revistaepocadigital.com.ar\/index.php?rest_route=\/wp\/v2\/users\/3"}],"replies":[{"embeddable":true,"href":"https:\/\/revistaepocadigital.com.ar\/index.php?rest_route=%2Fwp%2Fv2%2Fcomments&post=11543"}],"version-history":[{"count":0,"href":"https:\/\/revistaepocadigital.com.ar\/index.php?rest_route=\/wp\/v2\/posts\/11543\/revisions"}],"wp:featuredmedia":[{"embeddable":true,"href":"https:\/\/revistaepocadigital.com.ar\/index.php?rest_route=\/wp\/v2\/media\/11559"}],"wp:attachment":[{"href":"https:\/\/revistaepocadigital.com.ar\/index.php?rest_route=%2Fwp%2Fv2%2Fmedia&parent=11543"}],"wp:term":[{"taxonomy":"category","embeddable":true,"href":"https:\/\/revistaepocadigital.com.ar\/index.php?rest_route=%2Fwp%2Fv2%2Fcategories&post=11543"},{"taxonomy":"post_tag","embeddable":true,"href":"https:\/\/revistaepocadigital.com.ar\/index.php?rest_route=%2Fwp%2Fv2%2Ftags&post=11543"}],"curies":[{"name":"wp","href":"https:\/\/api.w.org\/{rel}","templated":true}]}}