{"id":11572,"date":"2021-07-27T16:49:59","date_gmt":"2021-07-27T19:49:59","guid":{"rendered":"https:\/\/revistaepocadigital.com.ar\/?p=11572"},"modified":"2021-07-27T17:09:17","modified_gmt":"2021-07-27T20:09:17","slug":"paso-2021-andrea-melo-se-paso-al-peronismo-doctrinario-junto-a-moreno","status":"publish","type":"post","link":"https:\/\/revistaepocadigital.com.ar\/?p=11572","title":{"rendered":"PASO 2021. Andrea Melo, se pas\u00f3 al peronismo doctrinario junto a Moreno"},"content":{"rendered":"<div class=\"\" dir=\"auto\">\n<div id=\"jsc_c_pd\" class=\"ecm0bbzt hv4rvrfc ihqw7lf3 dati1w0a\" data-ad-comet-preview=\"message\" data-ad-preview=\"message\">\n<div class=\"j83agx80 cbu4d94t ew0dbk1b irj2b8pg\">\n<div class=\"qzhwtbm6 knvmm38d\">\n<div class=\"kvgmc6g5 cxmmr5t8 oygrvhab hcukyx3x c1et5uql ii04i59q\">\n<div dir=\"auto\"><strong>EXPUSO SU POSTURA RESPECTO A LAS PASO EN REDES SOCIALES. PRECANDIDATA A DIPUTADA PROVINCIAL.<!--more--><\/strong><\/div>\n<\/div>\n<\/div>\n<\/div>\n<\/div>\n<\/div>\n<div dir=\"auto\"><\/div>\n<div dir=\"auto\">La concejal Andrea Melo (Unidad Ciudadana), manifest\u00f3 su decisi\u00f3n. Integra la lista de candidatos a diputados provinciales en segundo lugar por el partido Republicano Federal, orientado por el ex secretario de comercio, Guillermo Moreno. En Exaltaci\u00f3n, el partido tambi\u00e9n present\u00f3 lista de precandidatos a concejales y consejeros escolares.<\/div>\n<div dir=\"auto\"><\/div>\n<div dir=\"auto\"><\/div>\n<div class=\"\" dir=\"auto\">\n<div id=\"jsc_c_pd\" class=\"ecm0bbzt hv4rvrfc ihqw7lf3 dati1w0a\" data-ad-comet-preview=\"message\" data-ad-preview=\"message\">\n<div class=\"j83agx80 cbu4d94t ew0dbk1b irj2b8pg\">\n<div class=\"qzhwtbm6 knvmm38d\">\n<div class=\"kvgmc6g5 cxmmr5t8 oygrvhab hcukyx3x c1et5uql ii04i59q\">\n<div dir=\"auto\"><em>&#8220;Ac\u00e1 est\u00e1 tu opci\u00f3n peronista doctrinaria para las pr\u00f3ximas elecciones.<\/em><\/div>\n<div dir=\"auto\"><em>Estoy muy feliz de ser consecuente con lo que me trajo a la pol\u00edtica: trabajar por la felicidad del pueblo y la grandeza de la Naci\u00f3n.\u00a0Hoy m\u00ed cuerpo, mente y alma coinciden en el camino tomado pues no tengo dudas de que de la mano del patriota Moreno construiremos una Patria mejor&#8221;.<\/em><\/div>\n<div dir=\"auto\"><\/div>\n<div dir=\"auto\">Sostuvo que<em> &#8220;Es una gran alegr\u00eda acompa\u00f1ar a Guillermo Moreno, un amigo que me dio la vida. Un compa\u00f1ero de ley y una gran cuadro pol\u00edtico y t\u00e9cnico. Sobre todo en tiempos en que es dif\u00edcil confiar en la dirigencia y hacer pol\u00edtica, pues, todos conspiran para que la buena gente no llegue&#8221;.<\/em><\/div>\n<div dir=\"auto\"><\/div>\n<div dir=\"auto\"><em>&#8220;Sin embargo, gracias a todos los compa\u00f1eros que militan con el coraz\u00f3n, de cara al sol y construyendo con amor se logr\u00f3 construir esta gran lista de gente de bien&#8230;de vecinos y vecinas comprometidos con una sociedad mejor, como Vanesa La Negra Vane Almeira y Mart\u00edn Martin Visuara un peronista hist\u00f3rico que nos forma hace a\u00f1os en nuestro Centro Cultural Evita&#8221;<\/em>.<\/div>\n<div dir=\"auto\"><\/div>\n<div dir=\"auto\">Agreg\u00f3 despu\u00e9s: <em>&#8220;Porque creemos que LAS PELEAS EST\u00c1N PARA DARLAS, y que el pueblo necesita una alternativa que lo represente, ac\u00e1 estamos&#8230;poniendo una vez m\u00e1s el cuerpo, la cara, el alma y la vida. Gracias a todos y cada uno de los que forman la lista local y seccional. Es un gran honor.\u00a0Esperamos tener un gran apoyo, pues, vamos a dejar en mano de Dios y del Pueblo la posibilidad de seguir en este camino, construyendo a una realidad m\u00e1s justa, libre y soberana.<\/em><\/div>\n<div dir=\"auto\"><\/div>\n<div dir=\"auto\">Y cerr\u00f3 con criticas como era esperable a Cambiemos y, tambi\u00e9n censur\u00f3 al presidente Alberto Fern\u00e1ndez: <em>&#8220;NI GORILAS de Cambiemos. NI PROGRESISTAS de Alberto.\u00a0Vota Peronismo para que vuelvan los d\u00edas m\u00e1s felices.\u00a0Vota MORENO-MELO-ALMEIRA en Exaltacion&#8221;<\/em>.<\/div>\n<\/div>\n<\/div>\n<\/div>\n<\/div>\n<\/div>\n<div dir=\"auto\"><\/div>\n<div dir=\"auto\"><\/div>\n<div dir=\"auto\"><\/div>\n<div dir=\"auto\"><strong>La lista.<\/strong><\/div>\n<div class=\"\" dir=\"auto\">\n<div id=\"jsc_c_pd\" class=\"ecm0bbzt hv4rvrfc ihqw7lf3 dati1w0a\" data-ad-comet-preview=\"message\" data-ad-preview=\"message\">\n<div class=\"j83agx80 cbu4d94t ew0dbk1b irj2b8pg\">\n<div class=\"qzhwtbm6 knvmm38d\">\n<div dir=\"auto\"><\/div>\n<\/div>\n<\/div>\n<\/div>\n<\/div>\n<p><strong><img loading=\"lazy\" decoding=\"async\" class=\"aligncenter size-full wp-image-11573\" src=\"https:\/\/revistaepocadigital.com.ar\/wp-content\/uploads\/2021\/07\/227349767_2662922234000411_8119615735910486308_n.jpg\" alt=\"\" width=\"960\" height=\"947\" srcset=\"https:\/\/revistaepocadigital.com.ar\/wp-content\/uploads\/2021\/07\/227349767_2662922234000411_8119615735910486308_n.jpg 960w, https:\/\/revistaepocadigital.com.ar\/wp-content\/uploads\/2021\/07\/227349767_2662922234000411_8119615735910486308_n-300x296.jpg 300w, https:\/\/revistaepocadigital.com.ar\/wp-content\/uploads\/2021\/07\/227349767_2662922234000411_8119615735910486308_n-768x758.jpg 768w, https:\/\/revistaepocadigital.com.ar\/wp-content\/uploads\/2021\/07\/227349767_2662922234000411_8119615735910486308_n-696x687.jpg 696w, https:\/\/revistaepocadigital.com.ar\/wp-content\/uploads\/2021\/07\/227349767_2662922234000411_8119615735910486308_n-426x420.jpg 426w, https:\/\/revistaepocadigital.com.ar\/wp-content\/uploads\/2021\/07\/227349767_2662922234000411_8119615735910486308_n-852x840.jpg 852w\" sizes=\"auto, (max-width: 960px) 100vw, 960px\" \/><\/strong><\/p>\n<div id=\"jsc_c_pe\" class=\"l9j0dhe7\">\n<div class=\"l9j0dhe7\">\n<div>\n<div>\n<div class=\"l9j0dhe7\">\n<div class=\"l9j0dhe7\">\n<div class=\"ni8dbmo4 stjgntxs pmk7jnqg\"><\/div>\n<\/div>\n<\/div>\n<\/div>\n<\/div>\n<\/div>\n<\/div>\n<div class=\"ni8dbmo4 stjgntxs pmk7jnqg\"><\/div>\n<div>\n<div id=\"jsc_c_pe\" class=\"l9j0dhe7\"><\/div>\n<\/div>\n<div class=\"j83agx80 bkfpd7mw jb3vyjys hv4rvrfc qt6c0cv9 dati1w0a l9j0dhe7\">\n<div class=\"bp9cbjyn j83agx80 kvgmc6g5 cxmmr5t8 oygrvhab hcukyx3x h3fqq6jp\"><\/div>\n<\/div>\n","protected":false},"excerpt":{"rendered":"<p>EXPUSO SU POSTURA RESPECTO A LAS PASO EN REDES SOCIALES. PRECANDIDATA A DIPUTADA PROVINCIAL.<\/p>\n","protected":false},"author":3,"featured_media":11581,"comment_status":"open","ping_status":"open","sticky":false,"template":"","format":"standard","meta":{"footnotes":"","jetpack_publicize_message":"","jetpack_publicize_feature_enabled":true,"jetpack_social_post_already_shared":false,"jetpack_social_options":{"image_generator_settings":{"template":"highway","default_image_id":0,"font":"","enabled":false},"version":2}},"categories":[17],"tags":[1493,1486],"class_list":["post-11572","post","type-post","status-publish","format-standard","has-post-thumbnail","hentry","category-politica","tag-andrea-melo","tag-paso-2021"],"jetpack_publicize_connections":[],"jetpack_featured_media_url":"https:\/\/revistaepocadigital.com.ar\/wp-content\/uploads\/2021\/07\/me227349767_2662922234000411_8119615735910486308_n.jpg","jetpack_likes_enabled":true,"_links":{"self":[{"href":"https:\/\/revistaepocadigital.com.ar\/index.php?rest_route=\/wp\/v2\/posts\/11572","targetHints":{"allow":["GET"]}}],"collection":[{"href":"https:\/\/revistaepocadigital.com.ar\/index.php?rest_route=\/wp\/v2\/posts"}],"about":[{"href":"https:\/\/revistaepocadigital.com.ar\/index.php?rest_route=\/wp\/v2\/types\/post"}],"author":[{"embeddable":true,"href":"https:\/\/revistaepocadigital.com.ar\/index.php?rest_route=\/wp\/v2\/users\/3"}],"replies":[{"embeddable":true,"href":"https:\/\/revistaepocadigital.com.ar\/index.php?rest_route=%2Fwp%2Fv2%2Fcomments&post=11572"}],"version-history":[{"count":0,"href":"https:\/\/revistaepocadigital.com.ar\/index.php?rest_route=\/wp\/v2\/posts\/11572\/revisions"}],"wp:featuredmedia":[{"embeddable":true,"href":"https:\/\/revistaepocadigital.com.ar\/index.php?rest_route=\/wp\/v2\/media\/11581"}],"wp:attachment":[{"href":"https:\/\/revistaepocadigital.com.ar\/index.php?rest_route=%2Fwp%2Fv2%2Fmedia&parent=11572"}],"wp:term":[{"taxonomy":"category","embeddable":true,"href":"https:\/\/revistaepocadigital.com.ar\/index.php?rest_route=%2Fwp%2Fv2%2Fcategories&post=11572"},{"taxonomy":"post_tag","embeddable":true,"href":"https:\/\/revistaepocadigital.com.ar\/index.php?rest_route=%2Fwp%2Fv2%2Ftags&post=11572"}],"curies":[{"name":"wp","href":"https:\/\/api.w.org\/{rel}","templated":true}]}}