{"id":11599,"date":"2021-07-28T20:07:51","date_gmt":"2021-07-28T23:07:51","guid":{"rendered":"https:\/\/revistaepocadigital.com.ar\/?p=11599"},"modified":"2021-07-28T20:17:22","modified_gmt":"2021-07-28T23:17:22","slug":"por-respeto-a-los-que-ya-no-estan","status":"publish","type":"post","link":"https:\/\/revistaepocadigital.com.ar\/?p=11599","title":{"rendered":"POR RESPETO A LOS QUE YA NO EST\u00c1N"},"content":{"rendered":"<p><strong>EL CEMENTERIO DE CAPILLA DEL SE\u00d1OR. LUGAR HIST\u00d3RICO.<\/strong><!--more--><\/p>\n<p>Su estado de mantenimiento, su cuidado, en forma invariable desde siempre, ha sido motivo de atenci\u00f3n por parte de los vecinos exaltacruce\u00f1os. El predio con gran arraigo hist\u00f3rico, ha atravesado distintos momentos.<\/p>\n<p>En m\u00e1s de una ocasi\u00f3n, el funcionamiento y cuidado de las instalaciones, dieron lugar a cr\u00edticas y cuestionamientos. Es que, es el lugar donde descansan tantos seres queridos, amistades, de habitantes del distrito. Y merecen respeto siempre.<\/p>\n<p>&nbsp;<\/p>\n<p><img loading=\"lazy\" decoding=\"async\" class=\"aligncenter size-full wp-image-11602\" src=\"https:\/\/revistaepocadigital.com.ar\/wp-content\/uploads\/2021\/07\/225431035_4231549120253967_4989748828546559275_n.jpg\" alt=\"\" width=\"880\" height=\"417\" srcset=\"https:\/\/revistaepocadigital.com.ar\/wp-content\/uploads\/2021\/07\/225431035_4231549120253967_4989748828546559275_n.jpg 880w, https:\/\/revistaepocadigital.com.ar\/wp-content\/uploads\/2021\/07\/225431035_4231549120253967_4989748828546559275_n-300x142.jpg 300w, https:\/\/revistaepocadigital.com.ar\/wp-content\/uploads\/2021\/07\/225431035_4231549120253967_4989748828546559275_n-768x364.jpg 768w, https:\/\/revistaepocadigital.com.ar\/wp-content\/uploads\/2021\/07\/225431035_4231549120253967_4989748828546559275_n-696x330.jpg 696w\" sizes=\"auto, (max-width: 880px) 100vw, 880px\" \/><\/p>\n<p>&nbsp;<\/p>\n<p><img loading=\"lazy\" decoding=\"async\" class=\"aligncenter size-full wp-image-11604\" src=\"https:\/\/revistaepocadigital.com.ar\/wp-content\/uploads\/2021\/07\/225903542_4231548956920650_7638767772827581063_n.jpg\" alt=\"\" width=\"880\" height=\"417\" srcset=\"https:\/\/revistaepocadigital.com.ar\/wp-content\/uploads\/2021\/07\/225903542_4231548956920650_7638767772827581063_n.jpg 880w, https:\/\/revistaepocadigital.com.ar\/wp-content\/uploads\/2021\/07\/225903542_4231548956920650_7638767772827581063_n-300x142.jpg 300w, https:\/\/revistaepocadigital.com.ar\/wp-content\/uploads\/2021\/07\/225903542_4231548956920650_7638767772827581063_n-768x364.jpg 768w, https:\/\/revistaepocadigital.com.ar\/wp-content\/uploads\/2021\/07\/225903542_4231548956920650_7638767772827581063_n-696x330.jpg 696w\" sizes=\"auto, (max-width: 880px) 100vw, 880px\" \/><\/p>\n<p>Ese respeto tambi\u00e9n se manifiesta en el cuidado del lugar, no siempre considerado. Por eso, resulta positivo el cambio que se viene dando al notarse un ordenamiento general, mayor cuidado, adecuamiento de sepulcros y con obras de amplaci\u00f3n al construirse m\u00e1s cantidad de nichos. Ante EPOCA, el nuevo encargado Ra\u00fal Trejo ha rese\u00f1ado los trabajos realizados, en curso y proyectados. Trejo integra el grupo de trabajo junto a Angel Passafaro, Marcelo Bahut, Uriel Russo, Eduardo Maglier, Alexis Roch\u00f3n, Enzo Moreira, Paola Galeano y Caro Puglia.<\/p>\n","protected":false},"excerpt":{"rendered":"<p>EL CEMENTERIO DE CAPILLA DEL SE\u00d1OR. LUGAR HIST\u00d3RICO.<\/p>\n","protected":false},"author":4,"featured_media":11606,"comment_status":"open","ping_status":"open","sticky":false,"template":"","format":"standard","meta":{"footnotes":"","jetpack_publicize_message":"","jetpack_publicize_feature_enabled":true,"jetpack_social_post_already_shared":false,"jetpack_social_options":{"image_generator_settings":{"template":"highway","default_image_id":0,"font":"","enabled":false},"version":2}},"categories":[14],"tags":[440,37,600],"class_list":["post-11599","post","type-post","status-publish","format-standard","has-post-thumbnail","hentry","category-la-gente","tag-cementerio","tag-destacada","tag-trabajos"],"jetpack_publicize_connections":[],"jetpack_featured_media_url":"https:\/\/revistaepocadigital.com.ar\/wp-content\/uploads\/2021\/07\/CEMENTE-21.jpg","jetpack_likes_enabled":true,"_links":{"self":[{"href":"https:\/\/revistaepocadigital.com.ar\/index.php?rest_route=\/wp\/v2\/posts\/11599","targetHints":{"allow":["GET"]}}],"collection":[{"href":"https:\/\/revistaepocadigital.com.ar\/index.php?rest_route=\/wp\/v2\/posts"}],"about":[{"href":"https:\/\/revistaepocadigital.com.ar\/index.php?rest_route=\/wp\/v2\/types\/post"}],"author":[{"embeddable":true,"href":"https:\/\/revistaepocadigital.com.ar\/index.php?rest_route=\/wp\/v2\/users\/4"}],"replies":[{"embeddable":true,"href":"https:\/\/revistaepocadigital.com.ar\/index.php?rest_route=%2Fwp%2Fv2%2Fcomments&post=11599"}],"version-history":[{"count":0,"href":"https:\/\/revistaepocadigital.com.ar\/index.php?rest_route=\/wp\/v2\/posts\/11599\/revisions"}],"wp:featuredmedia":[{"embeddable":true,"href":"https:\/\/revistaepocadigital.com.ar\/index.php?rest_route=\/wp\/v2\/media\/11606"}],"wp:attachment":[{"href":"https:\/\/revistaepocadigital.com.ar\/index.php?rest_route=%2Fwp%2Fv2%2Fmedia&parent=11599"}],"wp:term":[{"taxonomy":"category","embeddable":true,"href":"https:\/\/revistaepocadigital.com.ar\/index.php?rest_route=%2Fwp%2Fv2%2Fcategories&post=11599"},{"taxonomy":"post_tag","embeddable":true,"href":"https:\/\/revistaepocadigital.com.ar\/index.php?rest_route=%2Fwp%2Fv2%2Ftags&post=11599"}],"curies":[{"name":"wp","href":"https:\/\/api.w.org\/{rel}","templated":true}]}}