{"id":11607,"date":"2021-07-28T20:48:38","date_gmt":"2021-07-28T23:48:38","guid":{"rendered":"https:\/\/revistaepocadigital.com.ar\/?p=11607"},"modified":"2021-07-28T20:48:38","modified_gmt":"2021-07-28T23:48:38","slug":"hay-un-empecinamiento-de-los-argentinos-por-la-decadencia-y-la-autodestruccion","status":"publish","type":"post","link":"https:\/\/revistaepocadigital.com.ar\/?p=11607","title":{"rendered":"\u201cHay un empecinamiento de los argentinos por la decadencia y la autodestrucci\u00f3n\u201d"},"content":{"rendered":"<div class=\"article-header\">\n<p><strong>EUGENIO CUTTICA<\/strong>.<\/p>\n<\/div>\n<p><!--more--><\/p>\n<p><strong>Para leer, reflexionar e incluso, debatir.<\/strong><\/p>\n<div class=\"article-header\">\n<h6 class=\"article-subheadline\">El artista pl\u00e1stico se radic\u00f3 en Estados Unidos en 1996. Dice que no entiende por qu\u00e9 se niega la realidad en Argentina y c\u00f3mo es posible que se naturalicen el aumento de la pobreza y \u201cun 75 por ciento de indigencia\u201d. Tambi\u00e9n critica que \u201cen el pa\u00eds de los alimentos haya hambre\u201d<\/h6>\n<div class=\"byline\">\n<div class=\"author-image\"><\/div>\n<\/div>\n<\/div>\n<article class=\"article\">\n<div class=\"nd-body-article\">\n<div class=\"visual__image \"><img loading=\"lazy\" decoding=\"async\" src=\"https:\/\/www.infobae.com\/new-resizer\/BZQbUa267zl6KBZCnlL2hl6MM3E=\/420x236\/filters:format(jpg):quality(85)\/cloudfront-us-east-1.images.arcpublishing.com\/infobae\/XQKOPVN6FRHRTM7MKZ4XNDRJPA.jpg%20420w\" sizes=\"auto, (min-width: 800px) 50vw, 90vw\" srcset=\"https:\/\/www.infobae.com\/new-resizer\/BZQbUa267zl6KBZCnlL2hl6MM3E=\/420x236\/filters:format(jpg):quality(85)\/cloudfront-us-east-1.images.arcpublishing.com\/infobae\/XQKOPVN6FRHRTM7MKZ4XNDRJPA.jpg 420w,https:\/\/www.infobae.com\/new-resizer\/fq7pJhlKZmXYzByA_mD46us2CTo=\/768x432\/filters:format(jpg):quality(85)\/cloudfront-us-east-1.images.arcpublishing.com\/infobae\/XQKOPVN6FRHRTM7MKZ4XNDRJPA.jpg 768w,https:\/\/www.infobae.com\/new-resizer\/YmdJjZ3O4m3oj5x1JOk5N1XL86A=\/992x558\/filters:format(jpg):quality(85)\/cloudfront-us-east-1.images.arcpublishing.com\/infobae\/XQKOPVN6FRHRTM7MKZ4XNDRJPA.jpg 992w,https:\/\/www.infobae.com\/new-resizer\/0m4086sTaBCwoIiYefuma_aIqso=\/1200x675\/filters:format(jpg):quality(85)\/cloudfront-us-east-1.images.arcpublishing.com\/infobae\/XQKOPVN6FRHRTM7MKZ4XNDRJPA.jpg 1200w\" alt=\"(Ministerio de Cultura de La Naci\u00f3n)\" width=\"1920\" height=\"1080\" \/>(Ministerio de Cultura de La Naci\u00f3n)<\/div>\n<div><\/div>\n<p class=\"paragraph\"><mark class=\"hl_yellow\">Eugenio Cuttica es uno de los artistas pl\u00e1sticos argentinos m\u00e1s reconocidos en el mundo.<\/mark>\u00a0Hace 35 a\u00f1os que decidi\u00f3 instalarse en Estados Unidos. Actualmente vive a 70 millas (110 kil\u00f3metros) de Nueva York, en una propiedad de 16 hect\u00e1reas en Southampton, que cuenta con tres lagos y una amplia superficie en la que piensa construir un museo al aire libre con al apoyo de autoridades estadounidenses. M\u00e1s all\u00e1 de sus actividades art\u00edsticas, el \u00faltimo domingo sorprendi\u00f3 con fuertes publicaciones en sus redes sociales donde criticaba fuertemente la situaci\u00f3n pol\u00edtica de Argentina, relataba la situaci\u00f3n de los argentinos que no pod\u00edan volver al pa\u00eds y c\u00f3mo hab\u00eda utilizado su casa como refugio para muchos compatriotas que necesitaban ayuda.\u00a0<b>Infobae\u00a0<\/b>habl\u00f3 con Cuttica telef\u00f3nicamente.<\/p>\n<p class=\"paragraph\"><b>Usted se fue del pa\u00eds en 1996, en pleno gobierno de Carlos Menem. \u00bfPor qu\u00e9?<\/b><\/p>\n<p class=\"paragraph\">Aunque en ese momento a m\u00ed me iba muy bien, yo empec\u00e9 a ver esta insistencia en el fracaso. Vendimos todo y despu\u00e9s el tiempo me dio la raz\u00f3n. La pobreza en la Argentina en ese momento era del 6% y ahora est\u00e1 en el 60%. Me preocupa que en el argentino haya una obstinaci\u00f3n por negar la realidad. Todos act\u00faan como si no pasara nada.\u00a0<mark class=\"hl_yellow\">Es un pa\u00eds inmerso en la locura y que cree en los mitos. Esa negaci\u00f3n de la realidad me afecta en cada segundo de mi vida.<\/mark>\u00a0Ahora vivo en un pa\u00eds donde se sostienen los valores. Cuando era ni\u00f1o ten\u00edamos un pa\u00eds ligado a la virtud y hoy la Argentina no existe en ese sentido. Cada vez que voy a la Argentina me siento un extranjero. Me cri\u00e9 en una Argentina producto del pensamiento de Alberdi, de Pellegrini, de Sarmiento, que se fue perdiendo.<\/p>\n<p class=\"paragraph\"><b>\u00bfC\u00f3mo explica esa degradaci\u00f3n que observa en la Argentina?<\/b><\/p>\n<p class=\"paragraph\">La degradaci\u00f3n abarca lo f\u00edsico, lo mental y hasta el poder cognitivo de los argentinos. No se puede tolerar que haya un 75 por ciento de indigencia en nuestro pa\u00eds.<\/p>\n<p class=\"paragraph\"><b>\u00bfLe sacaron las ganas de volver, aunque sea de visita?<\/b><\/p>\n<p class=\"paragraph\">Por lo de la pandemia ahora hace casi dos a\u00f1os que no voy. Pero en 2001 viendo lo que pasaba, me encerr\u00e9 en un hotel y me qued\u00e9 dos d\u00edas llorando. Porque no pod\u00eda creer, no pod\u00eda soportar lo que hab\u00eda ocurrido con la Avenida Corrientes. Esas tertulias en los bares, pasear por las librer\u00edas, la cultura, estaba todo destruido. Ahora me hablan mis amigos desde all\u00e1 de algo parecido. De ese\u00a0<mark class=\"hl_yellow\">empecinamiento argentino por la decadencia y la autodestrucci\u00f3n.<\/mark>\u00a0Algunos lo ven como algo gracioso. Realmente no se entiende.<\/p>\n<div class=\"rawHTML\">\n<div id=\"fb-root\" class=\" fb_reset\">\n<div>\n<div><\/div>\n<\/div>\n<\/div>\n<\/div>\n<p class=\"paragraph\"><b>En sus posteos es muy cr\u00edtico del peronismo&#8230;<\/b><\/p>\n<p class=\"paragraph\">Cuando me fue mejor estaba Cristina Kirchner en el gobierno. Llegu\u00e9 a Argentina y me preguntaron qu\u00e9 quer\u00eda. Siempre me trataron de \u201cmaestro\u201d. Yo les aclar\u00e9 que no adhiero a su doctrina y que no pensaba cambiar mi pensamiento por m\u00e1s que me ofrecieran \u00bfY sab\u00e9s que me respondieron?\u00a0<i>Nosotros odiamos a los que nos chupan las medias, con usted podemos hacer muchas cosas<\/i>. Siempre me trataron de primera.\u00a0<b>Tengo mi posici\u00f3n pol\u00edtica pero el arte es algo sublime que pasa por encima de las ambiciones pol\u00edticas<\/b>. Eso en los niveles altos, lo saben y lo respetan. Pasa por encima de la grieta. Tengo mi pensamiento y los macristas me acusan de peronista y los peronistas, de macrista. Cuando estudiaba Arquitectura siendo muy joven milit\u00e9 en Franja Morada, me gustaba Alfons\u00edn.<\/p>\n<p class=\"paragraph\"><b>Cristina Kirchner compr\u00f3 algunos de sus cuadros. \u00bfTuvo oportunidad de hablar con ella?<\/b><\/p>\n<p class=\"paragraph\">Habl\u00e9 en varias ocasiones. Cuando hablamos demostr\u00f3 que sab\u00eda todo sobre m\u00ed. Ama la pintura y el arte. Me sigui\u00f3 en varias muestras y pidi\u00f3: \u201cAyuden a este pintor\u201d. Voy a sintetizarlo en una frase: \u201c<mark class=\"hl_yellow\">La mayor\u00eda de la gente se siente orgullosa por el respeto de sus amigos, yo me siento orgulloso por el respeto de todo<\/mark>s\u201d.<\/p>\n<p class=\"paragraph\"><b>\u00bfC\u00f3mo se lleva con las autoridades del gobierno argentino ahora? \u00bfLes coment\u00f3 lo que piensa sobre el pa\u00eds?<\/b><\/p>\n<p class=\"paragraph\">Muchos coleccionistas de arte argentinos son peronistas y tienen bastante dinero. En sus casas lucen mis cuadros. Lo importante es que respetan mi forma de pensar.\u00a0<mark class=\"hl_yellow\">Yo digo lo que pienso sin miedo<\/mark>. No soy parte de aquellos que por no \u201cser parte del palo\u201d se callan. No me obligan a ser amigote de ellos. Son Mecenas de las artes, con ellos nos comunicamos a trav\u00e9s de lo art\u00edstico.<\/p>\n<\/div>\n<p><img loading=\"lazy\" decoding=\"async\" class=\"aligncenter size-full wp-image-11609\" src=\"https:\/\/revistaepocadigital.com.ar\/wp-content\/uploads\/2021\/07\/219347028_367350314797474_4880128092988138949_n.jpg\" alt=\"\" width=\"526\" height=\"526\" srcset=\"https:\/\/revistaepocadigital.com.ar\/wp-content\/uploads\/2021\/07\/219347028_367350314797474_4880128092988138949_n.jpg 526w, https:\/\/revistaepocadigital.com.ar\/wp-content\/uploads\/2021\/07\/219347028_367350314797474_4880128092988138949_n-300x300.jpg 300w, https:\/\/revistaepocadigital.com.ar\/wp-content\/uploads\/2021\/07\/219347028_367350314797474_4880128092988138949_n-150x150.jpg 150w, https:\/\/revistaepocadigital.com.ar\/wp-content\/uploads\/2021\/07\/219347028_367350314797474_4880128092988138949_n-420x420.jpg 420w\" sizes=\"auto, (max-width: 526px) 100vw, 526px\" \/><\/p>\n<div class=\"nd-body-article\">\n<div class=\"rawHTML\">\n<div id=\"fb-root\" style=\"text-align: center;\"><em>Una de las obras del pintor argentino.<\/em><\/div>\n<div><\/div>\n<\/div>\n<p class=\"paragraph\"><b>Pero sobre lo que usted considera un fracaso pol\u00edtico \u00bfqu\u00e9 le dicen?<\/b><\/p>\n<p class=\"paragraph\">Mientras no se sigan los preceptos al m\u00e9rito, de la justicia, la seguridad se permanecer\u00e1 en la decadencia. La crisis no es s\u00f3lo econ\u00f3mica. El problema econ\u00f3mico parte de lo cultural, de la miseria espiritual.\u00a0<mark class=\"hl_yellow\">A nadie le importa el hambre. Yo no puedo tolerar que en el pa\u00eds de los alimentos, exista el hambre. Hemos tocado fondo<\/mark>.<\/p>\n<p class=\"paragraph\"><b>Recientemente hizo publicaciones muy crudas en las redes sociales sobre las situaciones extremas que vivieron muchos argentinos que tuvieron problemas para volver de Nueva York a la Argentina \u00bfQu\u00e9 experiencias puede contar?<\/b><\/p>\n<p class=\"paragraph\">Tuve muchos llamados de gente que me pidi\u00f3 asesoramiento, ayuda y contenci\u00f3n. M<b>ucha clase media a la que vi atemorizada, golpeada, deprimida<\/b>. Situaciones muy dram\u00e1ticas. Gente que estuvo un mes ac\u00e1. Y a la que tuvimos que asesorar, que contener. Llevo tres d\u00e9cadas y media afuera y s\u00e9 muy bien lo que significa la emigraci\u00f3n.\u00a0<mark class=\"hl_yellow\">Yo sigo teniendo mi corazoncito en la Argentina.<\/mark><\/p>\n<p class=\"paragraph\"><b>Cont\u00f3 tambi\u00e9n casos de personas que rogaban por subir a aviones para regresar a la Argentina.<\/b><\/p>\n<p class=\"paragraph\">Un gran artista amigo m\u00edo, del que no puedo revelar el nombre, me cont\u00f3 que debi\u00f3 arrodillarse en la sala de embarque para que lo dejaran subir a un avi\u00f3n que todav\u00eda ten\u00eda lugares disponibles. Se tuvo que poner de rodillas porque tres veces le hab\u00edan cancelado el pasaje y estuvo un d\u00eda y medio en el aeropuerto John Fitzgerald Kennedy para poder volver.\u00a0<mark class=\"hl_yellow\">Llor\u00f3 ante el personal de la aerol\u00ednea y finalmente lo dejaron subir. Hab\u00eda lugar. Eso est\u00e1 muy mal<\/mark>.<\/p>\n<p class=\"paragraph\"><b>Usted tambi\u00e9n habla de Cuba como \u201ccentro neur\u00e1lgico del mal\u201d<\/b><\/p>\n<p class=\"paragraph\">Cuando fui a Cuba se me cayeron las vendas de los ojos. Cuando doy conferencias en la Argentina frente a 1.000 personas les pregunto qui\u00e9nes son pintores. El 90 por ciento levanta la mano. Cuando les pregunto si tienen ideas socializantes, el 90 por ciento tambi\u00e9n levanta la mano.\u00a0<mark class=\"hl_yellow\">Les pregunto si fueron a Cuba, y levanta la mano el 10 por ciento y el otro 90 me dice que alguna vez fue a Miami.\u00a0<\/mark>\u00bfC\u00f3mo puede ser? \u00bfDe Argentina nadie sac\u00f3 un pasaje en Aerocubana para ir a La Habana y ver c\u00f3mo se vive, ni siquiera teniendo ideas de izquierda? Yo me hago estas preguntas como artista, quiero hablar de estas cosas. Son incongruencias muy grandes. No pueden hablar del modelo cubano porque no lo conocen.<\/p>\n<p class=\"paragraph\"><b>\u00bfQu\u00e9 encontr\u00f3 en sus viajes a Cuba?<\/b><\/p>\n<p class=\"paragraph\">Camin\u00e9 La Habana y otras ciudades fuera de los lugares tur\u00edsticos tradicionales. V\u00ed la Cuba verdadera. Fue tan terrible lo que vimos que hay gente que no me cree cuando se lo cuento. Muchos conocidos que tengo con pensamientos de izquierda, los perdieron cuando vieron tantas atrocidades. Una de las que puedo contar, es cuando vimos a varios hombres vestidos con harapos negros juntando papeles en una playa. Yo me hab\u00eda hecho amigo del guardavidas de esa playa. Cerca hab\u00eda un barril con unos 200 litros de agua.\u00a0<b>Eran presos pol\u00edticos, narcotizados, a los que les hac\u00edan limpiar los papeles que los turistas tiraban en la playa<\/b>.<\/p>\n<p class=\"paragraph\">Cuttica, que tiene ahora 64 a\u00f1os y dos hijos que tambi\u00e9n se dedican al arte, asegura que tiene proyectos en la Argentina para realizar pr\u00f3ximamente pero que prefiere no adelantarlos \u201cporque existe una m\u00e1quina de impedir&#8221;. Y afirma que tiene tres premisas: \u201cNo adelantar proyectos, no decir que d\u00eda voy a llegar y tampoco qu\u00e9 d\u00eda me voy a ir de mi pa\u00eds\u201d.<\/p>\n<\/div>\n<\/article>\n<p>Nota publicada de <span style=\"color: #000000;\"><a class=\"author\" style=\"color: #000000;\" href=\"https:\/\/www.infobae.com\/autor\/eduardo-menegazzi\">Eduardo Menegazzi<\/a><\/span> publicada en Infobae.com<\/p>\n","protected":false},"excerpt":{"rendered":"<p>EUGENIO CUTTICA.<\/p>\n","protected":false},"author":4,"featured_media":11608,"comment_status":"open","ping_status":"open","sticky":false,"template":"","format":"standard","meta":{"footnotes":"","jetpack_publicize_message":"","jetpack_publicize_feature_enabled":true,"jetpack_social_post_already_shared":false,"jetpack_social_options":{"image_generator_settings":{"template":"highway","default_image_id":0,"font":"","enabled":false},"version":2}},"categories":[17],"tags":[1494],"class_list":["post-11607","post","type-post","status-publish","format-standard","has-post-thumbnail","hentry","category-politica","tag-eugenio-cutica"],"jetpack_publicize_connections":[],"jetpack_featured_media_url":"https:\/\/revistaepocadigital.com.ar\/wp-content\/uploads\/2021\/07\/XQKOPVN6FRHRTM7MKZ4XNDRJPA.jpg","jetpack_likes_enabled":true,"_links":{"self":[{"href":"https:\/\/revistaepocadigital.com.ar\/index.php?rest_route=\/wp\/v2\/posts\/11607","targetHints":{"allow":["GET"]}}],"collection":[{"href":"https:\/\/revistaepocadigital.com.ar\/index.php?rest_route=\/wp\/v2\/posts"}],"about":[{"href":"https:\/\/revistaepocadigital.com.ar\/index.php?rest_route=\/wp\/v2\/types\/post"}],"author":[{"embeddable":true,"href":"https:\/\/revistaepocadigital.com.ar\/index.php?rest_route=\/wp\/v2\/users\/4"}],"replies":[{"embeddable":true,"href":"https:\/\/revistaepocadigital.com.ar\/index.php?rest_route=%2Fwp%2Fv2%2Fcomments&post=11607"}],"version-history":[{"count":0,"href":"https:\/\/revistaepocadigital.com.ar\/index.php?rest_route=\/wp\/v2\/posts\/11607\/revisions"}],"wp:featuredmedia":[{"embeddable":true,"href":"https:\/\/revistaepocadigital.com.ar\/index.php?rest_route=\/wp\/v2\/media\/11608"}],"wp:attachment":[{"href":"https:\/\/revistaepocadigital.com.ar\/index.php?rest_route=%2Fwp%2Fv2%2Fmedia&parent=11607"}],"wp:term":[{"taxonomy":"category","embeddable":true,"href":"https:\/\/revistaepocadigital.com.ar\/index.php?rest_route=%2Fwp%2Fv2%2Fcategories&post=11607"},{"taxonomy":"post_tag","embeddable":true,"href":"https:\/\/revistaepocadigital.com.ar\/index.php?rest_route=%2Fwp%2Fv2%2Ftags&post=11607"}],"curies":[{"name":"wp","href":"https:\/\/api.w.org\/{rel}","templated":true}]}}