{"id":11611,"date":"2021-07-28T23:14:42","date_gmt":"2021-07-29T02:14:42","guid":{"rendered":"https:\/\/revistaepocadigital.com.ar\/?p=11611"},"modified":"2021-07-28T23:14:42","modified_gmt":"2021-07-29T02:14:42","slug":"se-trabaja-en-el-nuevo-boulevard-de-entrada","status":"publish","type":"post","link":"https:\/\/revistaepocadigital.com.ar\/?p=11611","title":{"rendered":"Se trabaja en el nuevo boulevard de entrada"},"content":{"rendered":"<div class=\"o9v6fnle cxmmr5t8 oygrvhab hcukyx3x c1et5uql ii04i59q\">\n<div dir=\"auto\"><strong>LA ENTRADA.<!--more--><\/strong><\/div>\n<div dir=\"auto\"><\/div>\n<div dir=\"auto\">Contin\u00faa trabaj\u00e1ndose en la obra del mejoramiento y ampliaci\u00f3n a Parada Robles, han afirmado desde la comuna que forma parte del plan integral de desarrollo para la comunidad de la localidad.<\/div>\n<div dir=\"auto\"><\/div>\n<div dir=\"auto\">Comprende el nuevo boulevard y refugios para usuarios de transporte. A su vez, se construye un nuevo anfiteatro a cielo abierto, para potenciar las actividades culturales. Adem\u00e1s, fue limpiada nuevamente la calle colectora de la autov\u00eda 8. A todo este desde la municipalidad, remarcan la necesidad del cuidado de los sectores p\u00fablicos.<\/div>\n<\/div>\n","protected":false},"excerpt":{"rendered":"<p>LA ENTRADA.<\/p>\n","protected":false},"author":4,"featured_media":11620,"comment_status":"open","ping_status":"open","sticky":false,"template":"","format":"standard","meta":{"footnotes":"","jetpack_publicize_message":"","jetpack_publicize_feature_enabled":true,"jetpack_social_post_already_shared":false,"jetpack_social_options":{"image_generator_settings":{"template":"highway","default_image_id":0,"font":"","enabled":false},"version":2}},"categories":[5],"tags":[],"class_list":["post-11611","post","type-post","status-publish","format-standard","has-post-thumbnail","hentry","category-aqui-parada-robles"],"jetpack_publicize_connections":[],"jetpack_featured_media_url":"https:\/\/revistaepocadigital.com.ar\/wp-content\/uploads\/2021\/07\/219422311_4545414972178093_3310859835864196508_n.jpg","jetpack_likes_enabled":true,"_links":{"self":[{"href":"https:\/\/revistaepocadigital.com.ar\/index.php?rest_route=\/wp\/v2\/posts\/11611","targetHints":{"allow":["GET"]}}],"collection":[{"href":"https:\/\/revistaepocadigital.com.ar\/index.php?rest_route=\/wp\/v2\/posts"}],"about":[{"href":"https:\/\/revistaepocadigital.com.ar\/index.php?rest_route=\/wp\/v2\/types\/post"}],"author":[{"embeddable":true,"href":"https:\/\/revistaepocadigital.com.ar\/index.php?rest_route=\/wp\/v2\/users\/4"}],"replies":[{"embeddable":true,"href":"https:\/\/revistaepocadigital.com.ar\/index.php?rest_route=%2Fwp%2Fv2%2Fcomments&post=11611"}],"version-history":[{"count":0,"href":"https:\/\/revistaepocadigital.com.ar\/index.php?rest_route=\/wp\/v2\/posts\/11611\/revisions"}],"wp:featuredmedia":[{"embeddable":true,"href":"https:\/\/revistaepocadigital.com.ar\/index.php?rest_route=\/wp\/v2\/media\/11620"}],"wp:attachment":[{"href":"https:\/\/revistaepocadigital.com.ar\/index.php?rest_route=%2Fwp%2Fv2%2Fmedia&parent=11611"}],"wp:term":[{"taxonomy":"category","embeddable":true,"href":"https:\/\/revistaepocadigital.com.ar\/index.php?rest_route=%2Fwp%2Fv2%2Fcategories&post=11611"},{"taxonomy":"post_tag","embeddable":true,"href":"https:\/\/revistaepocadigital.com.ar\/index.php?rest_route=%2Fwp%2Fv2%2Ftags&post=11611"}],"curies":[{"name":"wp","href":"https:\/\/api.w.org\/{rel}","templated":true}]}}