{"id":11625,"date":"2021-07-28T23:32:56","date_gmt":"2021-07-29T02:32:56","guid":{"rendered":"https:\/\/revistaepocadigital.com.ar\/?p=11625"},"modified":"2021-07-28T23:32:56","modified_gmt":"2021-07-29T02:32:56","slug":"los-bomberos-de-cardales-sumaron-otro-importante-autobomba","status":"publish","type":"post","link":"https:\/\/revistaepocadigital.com.ar\/?p=11625","title":{"rendered":"Los Bomberos de Cardales sumaron otro importante autobomba"},"content":{"rendered":"<div class=\"\" dir=\"auto\">\n<div class=\"\" dir=\"auto\">\n<div class=\"ecm0bbzt hv4rvrfc ihqw7lf3 dati1w0a\" data-ad-comet-preview=\"message\" data-ad-preview=\"message\">\n<div class=\"j83agx80 cbu4d94t ew0dbk1b irj2b8pg\">\n<div class=\"qzhwtbm6 knvmm38d\">\n<div class=\"kvgmc6g5 cxmmr5t8 oygrvhab hcukyx3x c1et5uql ii04i59q\">\n<div dir=\"auto\"><strong>NUEVO MOVIL<\/strong><\/div>\n<\/div>\n<\/div>\n<\/div>\n<\/div>\n<\/div>\n<\/div>\n<p><!--more--><\/p>\n<div dir=\"auto\">\n<div class=\"kvgmc6g5 cxmmr5t8 oygrvhab hcukyx3x c1et5uql ii04i59q\">\n<div dir=\"auto\"><\/div>\n<\/div>\n<div class=\"o9v6fnle cxmmr5t8 oygrvhab hcukyx3x c1et5uql ii04i59q\">\n<div dir=\"auto\">Desde la instituci\u00f3n, cuyo cuerpo activo comanda Marcelo Ahuad, a prop\u00f3sito de la incorporaci\u00f3n de una nueva unidad, hicieron saber, &#8220;queremos compartir con toda la comunidad la nueva unidad, que va a formar parte de nuestra instituci\u00f3n, se trata de un cisterna marca E-ONE&#8221;.<\/div>\n<div dir=\"auto\"><\/div>\n<\/div>\n<\/div>\n<div dir=\"auto\"><img loading=\"lazy\" decoding=\"async\" class=\"aligncenter size-full wp-image-11627\" src=\"https:\/\/revistaepocadigital.com.ar\/wp-content\/uploads\/2021\/07\/bom-car1.jpg\" alt=\"\" width=\"1400\" height=\"1050\" srcset=\"https:\/\/revistaepocadigital.com.ar\/wp-content\/uploads\/2021\/07\/bom-car1.jpg 1400w, https:\/\/revistaepocadigital.com.ar\/wp-content\/uploads\/2021\/07\/bom-car1-300x225.jpg 300w, https:\/\/revistaepocadigital.com.ar\/wp-content\/uploads\/2021\/07\/bom-car1-1200x900.jpg 1200w, https:\/\/revistaepocadigital.com.ar\/wp-content\/uploads\/2021\/07\/bom-car1-768x576.jpg 768w, https:\/\/revistaepocadigital.com.ar\/wp-content\/uploads\/2021\/07\/bom-car1-80x60.jpg 80w, https:\/\/revistaepocadigital.com.ar\/wp-content\/uploads\/2021\/07\/bom-car1-160x120.jpg 160w, https:\/\/revistaepocadigital.com.ar\/wp-content\/uploads\/2021\/07\/bom-car1-265x198.jpg 265w, https:\/\/revistaepocadigital.com.ar\/wp-content\/uploads\/2021\/07\/bom-car1-696x522.jpg 696w, https:\/\/revistaepocadigital.com.ar\/wp-content\/uploads\/2021\/07\/bom-car1-1068x801.jpg 1068w, https:\/\/revistaepocadigital.com.ar\/wp-content\/uploads\/2021\/07\/bom-car1-560x420.jpg 560w, https:\/\/revistaepocadigital.com.ar\/wp-content\/uploads\/2021\/07\/bom-car1-1120x840.jpg 1120w\" sizes=\"auto, (max-width: 1400px) 100vw, 1400px\" \/><\/div>\n<div dir=\"auto\"><\/div>\n<div class=\"\" dir=\"auto\">\n<div class=\"\" dir=\"auto\">\n<div class=\"ecm0bbzt hv4rvrfc ihqw7lf3 dati1w0a\" data-ad-comet-preview=\"message\" data-ad-preview=\"message\">\n<div class=\"j83agx80 cbu4d94t ew0dbk1b irj2b8pg\">\n<div class=\"qzhwtbm6 knvmm38d\">\n<div class=\"o9v6fnle cxmmr5t8 oygrvhab hcukyx3x c1et5uql ii04i59q\">\n<div dir=\"auto\">Luego, representantes de la instuci\u00f3n citaron: &#8220;Damos las gracias a la FUNDACI\u00d3N 911 y la gesti\u00f3n de Bomberos Voluntarios de Gar\u00edn, quienes son los representantes en nuestro pa\u00eds de la Fundaci\u00f3n. Del mismo modo, un enorme agradecimiento al Jefe de Cuerpo Comandante General Adri\u00e1n Peralta, nuestro Jefe de Cuerpo Comandante Mayor Auhad Marcelo y 2do Jefe de Cuerpo Comandante General Pared Ram\u00f3n&#8221;. Tambi\u00e9n agradecieron a la &#8220;Municipalidad de Exaltaci\u00f3n de la Cruz, Protecci\u00f3n Civil de Naci\u00f3n, Ministerio de Seguridad y Polic\u00eda Federal, quienes nos ayudaron enormemente en toda la log\u00edstica para retirar el m\u00f3vil de la aduana y trasladarlo a nuestra localidad. Y por supuesto, gracias a toda la comunidad por el apoyo, su comprensi\u00f3n en el festejo de la llegada de nuestra nueva unidad y pedimos disculpas las molestias ocasionadas&#8221;.<\/div>\n<\/div>\n<\/div>\n<\/div>\n<\/div>\n<\/div>\n<\/div>\n","protected":false},"excerpt":{"rendered":"<p>NUEVO MOVIL<\/p>\n","protected":false},"author":3,"featured_media":11626,"comment_status":"open","ping_status":"open","sticky":false,"template":"","format":"standard","meta":{"footnotes":"","jetpack_publicize_message":"","jetpack_publicize_feature_enabled":true,"jetpack_social_post_already_shared":false,"jetpack_social_options":{"image_generator_settings":{"template":"highway","default_image_id":0,"font":"","enabled":false},"version":2}},"categories":[4],"tags":[365,1495],"class_list":["post-11625","post","type-post","status-publish","format-standard","has-post-thumbnail","hentry","category-aqui-los-cardales","tag-bomberos","tag-nuevo-autobomba"],"jetpack_publicize_connections":[],"jetpack_featured_media_url":"https:\/\/revistaepocadigital.com.ar\/wp-content\/uploads\/2021\/07\/bom-car2.jpg","jetpack_likes_enabled":true,"_links":{"self":[{"href":"https:\/\/revistaepocadigital.com.ar\/index.php?rest_route=\/wp\/v2\/posts\/11625","targetHints":{"allow":["GET"]}}],"collection":[{"href":"https:\/\/revistaepocadigital.com.ar\/index.php?rest_route=\/wp\/v2\/posts"}],"about":[{"href":"https:\/\/revistaepocadigital.com.ar\/index.php?rest_route=\/wp\/v2\/types\/post"}],"author":[{"embeddable":true,"href":"https:\/\/revistaepocadigital.com.ar\/index.php?rest_route=\/wp\/v2\/users\/3"}],"replies":[{"embeddable":true,"href":"https:\/\/revistaepocadigital.com.ar\/index.php?rest_route=%2Fwp%2Fv2%2Fcomments&post=11625"}],"version-history":[{"count":0,"href":"https:\/\/revistaepocadigital.com.ar\/index.php?rest_route=\/wp\/v2\/posts\/11625\/revisions"}],"wp:featuredmedia":[{"embeddable":true,"href":"https:\/\/revistaepocadigital.com.ar\/index.php?rest_route=\/wp\/v2\/media\/11626"}],"wp:attachment":[{"href":"https:\/\/revistaepocadigital.com.ar\/index.php?rest_route=%2Fwp%2Fv2%2Fmedia&parent=11625"}],"wp:term":[{"taxonomy":"category","embeddable":true,"href":"https:\/\/revistaepocadigital.com.ar\/index.php?rest_route=%2Fwp%2Fv2%2Fcategories&post=11625"},{"taxonomy":"post_tag","embeddable":true,"href":"https:\/\/revistaepocadigital.com.ar\/index.php?rest_route=%2Fwp%2Fv2%2Ftags&post=11625"}],"curies":[{"name":"wp","href":"https:\/\/api.w.org\/{rel}","templated":true}]}}