{"id":11634,"date":"2021-07-27T22:37:25","date_gmt":"2021-07-28T01:37:25","guid":{"rendered":"https:\/\/revistaepocadigital.com.ar\/?p=11634"},"modified":"2021-07-29T22:38:30","modified_gmt":"2021-07-30T01:38:30","slug":"obra-en-calles-capillenses-la-pregunta-del-millon","status":"publish","type":"post","link":"https:\/\/revistaepocadigital.com.ar\/?p=11634","title":{"rendered":"Obra en calles capillenses. La pregunta del mill\u00f3n"},"content":{"rendered":"<p><strong><span class=\"d2edcug0 hpfvmrgz qv66sw1b c1et5uql lr9zc1uh a8c37x1j keod5gw0 nxhoafnm aigsh9s9 d3f4x2em fe6kdd0r mau55g9w c8b282yb iv3no6db jq4qci2q a3bd9o3v knj5qynh oo9gr5id hzawbc8m\" dir=\"auto\">EL POSTEO DE UNA VECINA.<\/span><\/strong><!--more--><\/p>\n<p>En la red social Facebook, concide con inquietudes e interrogantes de otros vecinos en torno a los reductores (tres al momento), constru\u00eddos en intersecciones de calles c\u00e9ntricas de Capilla del Se\u00f1or.<\/p>\n<p><em>&#8220;Nos dijeron que son para permitir que personas con alguna dificultad (f\u00edsica) puedan cruzar las calles a trav\u00e9s de esos pasos levantados sobre las calles, la verdad no entiendo. Si lo hac\u00edan de vereda a vereda no pod\u00eda pasar el agua, as\u00ed que tuvieron que romperlos dos o tres veces&#8221;<\/em>, coment\u00f3 a EPOCA un vecino consultado quien prefiri\u00f3 permanecer en el anonimato.<\/p>\n<p>En Facebook la vecina Fer L\u00f3pez tambi\u00e9n se expres\u00f3 en torno al tema y escribi\u00f3:<\/p>\n<p><em>&#8220;Para los ciudadanos de Capilla del Se\u00f1or quiero contarles algunas cosas que por ah\u00ed no todos ven: me encantar\u00eda saber para que sirven estas cosas??? Entiendo que estamos en un a\u00f1o electoral y quieran &#8220;embellecer&#8221; el pueblo &#8230; que anuncien asfalto para los caminos a Gaynor y Los Cardales (nunca los voy a ver terminados), como la extensi\u00f3n de la red cloacal en el barrio La Loma (que hace 1 mes se par\u00f3 la obra), se ve que tienen que guardar plata para la campa\u00f1a!!!! En otras publicaciones van a ver fotos del d\u00eda 15\/07\/21\/&#8230;&#8221;.<\/em><\/p>\n<p><img loading=\"lazy\" decoding=\"async\" class=\"aligncenter size-full wp-image-11646\" src=\"https:\/\/revistaepocadigital.com.ar\/wp-content\/uploads\/2021\/07\/calle2.jpg\" alt=\"\" width=\"720\" height=\"960\" srcset=\"https:\/\/revistaepocadigital.com.ar\/wp-content\/uploads\/2021\/07\/calle2.jpg 720w, https:\/\/revistaepocadigital.com.ar\/wp-content\/uploads\/2021\/07\/calle2-225x300.jpg 225w, https:\/\/revistaepocadigital.com.ar\/wp-content\/uploads\/2021\/07\/calle2-696x928.jpg 696w, https:\/\/revistaepocadigital.com.ar\/wp-content\/uploads\/2021\/07\/calle2-315x420.jpg 315w, https:\/\/revistaepocadigital.com.ar\/wp-content\/uploads\/2021\/07\/calle2-630x840.jpg 630w\" sizes=\"auto, (max-width: 720px) 100vw, 720px\" \/><\/p>\n<p>&nbsp;<\/p>\n","protected":false},"excerpt":{"rendered":"<p>EL POSTEO DE UNA VECINA.<\/p>\n","protected":false},"author":3,"featured_media":11645,"comment_status":"open","ping_status":"open","sticky":false,"template":"","format":"standard","meta":{"footnotes":"","jetpack_publicize_message":"","jetpack_publicize_feature_enabled":true,"jetpack_social_post_already_shared":false,"jetpack_social_options":{"image_generator_settings":{"template":"highway","default_image_id":0,"font":"","enabled":false},"version":2}},"categories":[13],"tags":[1372,344,589],"class_list":["post-11634","post","type-post","status-publish","format-standard","has-post-thumbnail","hentry","category-interes-general","tag-calles","tag-obras","tag-vecinos"],"jetpack_publicize_connections":[],"jetpack_featured_media_url":"https:\/\/revistaepocadigital.com.ar\/wp-content\/uploads\/2021\/07\/calle.jpg","jetpack_likes_enabled":true,"_links":{"self":[{"href":"https:\/\/revistaepocadigital.com.ar\/index.php?rest_route=\/wp\/v2\/posts\/11634","targetHints":{"allow":["GET"]}}],"collection":[{"href":"https:\/\/revistaepocadigital.com.ar\/index.php?rest_route=\/wp\/v2\/posts"}],"about":[{"href":"https:\/\/revistaepocadigital.com.ar\/index.php?rest_route=\/wp\/v2\/types\/post"}],"author":[{"embeddable":true,"href":"https:\/\/revistaepocadigital.com.ar\/index.php?rest_route=\/wp\/v2\/users\/3"}],"replies":[{"embeddable":true,"href":"https:\/\/revistaepocadigital.com.ar\/index.php?rest_route=%2Fwp%2Fv2%2Fcomments&post=11634"}],"version-history":[{"count":0,"href":"https:\/\/revistaepocadigital.com.ar\/index.php?rest_route=\/wp\/v2\/posts\/11634\/revisions"}],"wp:featuredmedia":[{"embeddable":true,"href":"https:\/\/revistaepocadigital.com.ar\/index.php?rest_route=\/wp\/v2\/media\/11645"}],"wp:attachment":[{"href":"https:\/\/revistaepocadigital.com.ar\/index.php?rest_route=%2Fwp%2Fv2%2Fmedia&parent=11634"}],"wp:term":[{"taxonomy":"category","embeddable":true,"href":"https:\/\/revistaepocadigital.com.ar\/index.php?rest_route=%2Fwp%2Fv2%2Fcategories&post=11634"},{"taxonomy":"post_tag","embeddable":true,"href":"https:\/\/revistaepocadigital.com.ar\/index.php?rest_route=%2Fwp%2Fv2%2Ftags&post=11634"}],"curies":[{"name":"wp","href":"https:\/\/api.w.org\/{rel}","templated":true}]}}