{"id":1171,"date":"2019-01-09T10:02:44","date_gmt":"2019-01-09T13:02:44","guid":{"rendered":"https:\/\/revistaepocadigital.com.ar\/?p=1171"},"modified":"2019-01-11T09:08:21","modified_gmt":"2019-01-11T12:08:21","slug":"reclamo-de-justicia-por-elio-dure","status":"publish","type":"post","link":"https:\/\/revistaepocadigital.com.ar\/?p=1171","title":{"rendered":"Reclamo de justicia por Elio Dur\u00e9"},"content":{"rendered":"<p><strong>EL PEDIDO DE SU HERMANO, MATIAS.<\/strong><!--more-->En la red social Facebook, ante el luctuoso hecho sucedido en diciembre \u00faltimo,<strong> Mat\u00edas Dure<\/strong> hizo un dram\u00e1tico pedido de colaboraci\u00f3n. Seamos solidarios.<\/p>\n<p><em>&#8220;Hola a todos los que puedan leer est\u00e1 publicaci\u00f3n, a trav\u00e9s de este medio quiero pedirles colaboraci\u00f3n compartiendo est\u00e1 publicaci\u00f3n para que llegue a la mayor cantidad de gente posible, necesitamos recolectar datos sobre el accidente en el que mi hermano Elio Gabriel Dur\u00e9 perdi\u00f3 la vida el d\u00eda 29\/12\/18 entre las 12 y las 14 horas en la ruta 8 km 58,100 mano a Buenos Aires&#8221;.<\/em><\/p>\n<figure id=\"attachment_1174\" aria-describedby=\"caption-attachment-1174\" style=\"width: 686px\" class=\"wp-caption aligncenter\"><img loading=\"lazy\" decoding=\"async\" class=\"size-full wp-image-1174\" src=\"https:\/\/revistaepocadigital.com.ar\/wp-content\/uploads\/2019\/01\/dure-acci18.jpg\" alt=\"\" width=\"686\" height=\"686\" srcset=\"https:\/\/revistaepocadigital.com.ar\/wp-content\/uploads\/2019\/01\/dure-acci18.jpg 686w, https:\/\/revistaepocadigital.com.ar\/wp-content\/uploads\/2019\/01\/dure-acci18-150x150.jpg 150w, https:\/\/revistaepocadigital.com.ar\/wp-content\/uploads\/2019\/01\/dure-acci18-300x300.jpg 300w, https:\/\/revistaepocadigital.com.ar\/wp-content\/uploads\/2019\/01\/dure-acci18-420x420.jpg 420w\" sizes=\"auto, (max-width: 686px) 100vw, 686px\" \/><figcaption id=\"caption-attachment-1174\" class=\"wp-caption-text\">El lugar del hecho (Foto Facebook)<\/figcaption><\/figure>\n<p>Y agreg\u00f3, &#8220;<em>la polic\u00eda nos di\u00f3 la cl\u00e1sica respuesta que deja a todos en la impunidad &#8220;las <\/em><span class=\"text_exposed_show\"><em>c\u00e1maras no funcionaban&#8221;, el caso de mi hermano est\u00e1 lleno de falencias y declaraciones que no encajan y se contradicen, necesitamos cualquier dato posible por lo menor que parezca todo sirve, personas que hayan visto despu\u00e9s del accidente o lo hayan visto momentos antes, necesitamos saber c\u00f3mo sucedi\u00f3 para poder darle un descanso en paz, y si hay un culpable que la justicia tome las medidas necesarias, solo queremos alivio y suplicamos todo el apoyo posible<\/em>&#8221;<br \/>\n<\/span><\/p>\n<p><span class=\"text_exposed_show\">Contactos: 02323478296 \/ 1163320686 \/ 1136388382<\/span><\/p>\n","protected":false},"excerpt":{"rendered":"<p>EL PEDIDO DE SU HERMANO, MATIAS.<\/p>\n","protected":false},"author":3,"featured_media":1173,"comment_status":"open","ping_status":"open","sticky":false,"template":"","format":"standard","meta":{"footnotes":"","jetpack_publicize_message":"","jetpack_publicize_feature_enabled":true,"jetpack_social_post_already_shared":false,"jetpack_social_options":{"image_generator_settings":{"template":"highway","default_image_id":0,"font":"","enabled":false},"version":2}},"categories":[6],"tags":[37,136,137],"class_list":["post-1171","post","type-post","status-publish","format-standard","has-post-thumbnail","hentry","category-barrios","tag-destacada","tag-muerte-de-dure","tag-reclamo"],"jetpack_publicize_connections":[],"jetpack_featured_media_url":"https:\/\/revistaepocadigital.com.ar\/wp-content\/uploads\/2019\/01\/dure-acci1-18.jpg","jetpack_likes_enabled":true,"_links":{"self":[{"href":"https:\/\/revistaepocadigital.com.ar\/index.php?rest_route=\/wp\/v2\/posts\/1171","targetHints":{"allow":["GET"]}}],"collection":[{"href":"https:\/\/revistaepocadigital.com.ar\/index.php?rest_route=\/wp\/v2\/posts"}],"about":[{"href":"https:\/\/revistaepocadigital.com.ar\/index.php?rest_route=\/wp\/v2\/types\/post"}],"author":[{"embeddable":true,"href":"https:\/\/revistaepocadigital.com.ar\/index.php?rest_route=\/wp\/v2\/users\/3"}],"replies":[{"embeddable":true,"href":"https:\/\/revistaepocadigital.com.ar\/index.php?rest_route=%2Fwp%2Fv2%2Fcomments&post=1171"}],"version-history":[{"count":0,"href":"https:\/\/revistaepocadigital.com.ar\/index.php?rest_route=\/wp\/v2\/posts\/1171\/revisions"}],"wp:featuredmedia":[{"embeddable":true,"href":"https:\/\/revistaepocadigital.com.ar\/index.php?rest_route=\/wp\/v2\/media\/1173"}],"wp:attachment":[{"href":"https:\/\/revistaepocadigital.com.ar\/index.php?rest_route=%2Fwp%2Fv2%2Fmedia&parent=1171"}],"wp:term":[{"taxonomy":"category","embeddable":true,"href":"https:\/\/revistaepocadigital.com.ar\/index.php?rest_route=%2Fwp%2Fv2%2Fcategories&post=1171"},{"taxonomy":"post_tag","embeddable":true,"href":"https:\/\/revistaepocadigital.com.ar\/index.php?rest_route=%2Fwp%2Fv2%2Ftags&post=1171"}],"curies":[{"name":"wp","href":"https:\/\/api.w.org\/{rel}","templated":true}]}}