{"id":11733,"date":"2021-08-04T01:41:11","date_gmt":"2021-08-04T04:41:11","guid":{"rendered":"https:\/\/revistaepocadigital.com.ar\/?p=11733"},"modified":"2021-08-04T01:41:11","modified_gmt":"2021-08-04T04:41:11","slug":"la-bendita-segunda-dosis-de-vacunas-llegaron-2200","status":"publish","type":"post","link":"https:\/\/revistaepocadigital.com.ar\/?p=11733","title":{"rendered":"LA BENDITA SEGUNDA DOSIS DE VACUNAS, LLEGARON 2200"},"content":{"rendered":"<div class=\"o9v6fnle cxmmr5t8 oygrvhab hcukyx3x c1et5uql ii04i59q\">\n<div dir=\"auto\"><strong>LA M\u00c1S ESPERADA.<!--more--><\/strong><\/div>\n<div dir=\"auto\">Han sido 2200 nuevas dosis de vacunas, en este caso del laboratorio AstraZeneca, para aplicaciones de SEGUNDA DOSIS, que fueron destinadas al vacunatorio que funciona en el Compejo Andr\u00e9s Salgado, en la pileta municipal.<\/div>\n<div dir=\"auto\"><\/div>\n<\/div>\n<div class=\"o9v6fnle cxmmr5t8 oygrvhab hcukyx3x c1et5uql ii04i59q\">\n<div dir=\"auto\">Adem\u00e1s, recordemos que un total de 100 mil j\u00f3venes de entre 12 y 17 a\u00f1os, priorizados por tener factores de riesgo, comenzaron a ser vacunados el martes 3\/8 en toda la provincia de Buenos Aires, aunque en este caso con inscripci\u00f3n previa, a trav\u00e9s de la APP o en vacunatepba.gba.gob.ar<\/div>\n<\/div>\n","protected":false},"excerpt":{"rendered":"<p>LA M\u00c1S ESPERADA.<\/p>\n","protected":false},"author":3,"featured_media":11734,"comment_status":"open","ping_status":"open","sticky":false,"template":"","format":"standard","meta":{"footnotes":"","jetpack_publicize_message":"","jetpack_publicize_feature_enabled":true,"jetpack_social_post_already_shared":false,"jetpack_social_options":{"image_generator_settings":{"template":"highway","default_image_id":0,"font":"","enabled":false},"version":2}},"categories":[13],"tags":[1503,1151],"class_list":["post-11733","post","type-post","status-publish","format-standard","has-post-thumbnail","hentry","category-interes-general","tag-segunda-dosis","tag-vacunas"],"jetpack_publicize_connections":[],"jetpack_featured_media_url":"https:\/\/revistaepocadigital.com.ar\/wp-content\/uploads\/2021\/08\/vac.jpg","jetpack_likes_enabled":true,"_links":{"self":[{"href":"https:\/\/revistaepocadigital.com.ar\/index.php?rest_route=\/wp\/v2\/posts\/11733","targetHints":{"allow":["GET"]}}],"collection":[{"href":"https:\/\/revistaepocadigital.com.ar\/index.php?rest_route=\/wp\/v2\/posts"}],"about":[{"href":"https:\/\/revistaepocadigital.com.ar\/index.php?rest_route=\/wp\/v2\/types\/post"}],"author":[{"embeddable":true,"href":"https:\/\/revistaepocadigital.com.ar\/index.php?rest_route=\/wp\/v2\/users\/3"}],"replies":[{"embeddable":true,"href":"https:\/\/revistaepocadigital.com.ar\/index.php?rest_route=%2Fwp%2Fv2%2Fcomments&post=11733"}],"version-history":[{"count":0,"href":"https:\/\/revistaepocadigital.com.ar\/index.php?rest_route=\/wp\/v2\/posts\/11733\/revisions"}],"wp:featuredmedia":[{"embeddable":true,"href":"https:\/\/revistaepocadigital.com.ar\/index.php?rest_route=\/wp\/v2\/media\/11734"}],"wp:attachment":[{"href":"https:\/\/revistaepocadigital.com.ar\/index.php?rest_route=%2Fwp%2Fv2%2Fmedia&parent=11733"}],"wp:term":[{"taxonomy":"category","embeddable":true,"href":"https:\/\/revistaepocadigital.com.ar\/index.php?rest_route=%2Fwp%2Fv2%2Fcategories&post=11733"},{"taxonomy":"post_tag","embeddable":true,"href":"https:\/\/revistaepocadigital.com.ar\/index.php?rest_route=%2Fwp%2Fv2%2Ftags&post=11733"}],"curies":[{"name":"wp","href":"https:\/\/api.w.org\/{rel}","templated":true}]}}