{"id":1176,"date":"2019-01-09T09:32:50","date_gmt":"2019-01-09T12:32:50","guid":{"rendered":"https:\/\/revistaepocadigital.com.ar\/?p=1176"},"modified":"2019-01-11T09:37:02","modified_gmt":"2019-01-11T12:37:02","slug":"la-banda-sygma-al-cosquin-rock","status":"publish","type":"post","link":"https:\/\/revistaepocadigital.com.ar\/?p=1176","title":{"rendered":"La banda SYGMA, al Cosqu\u00edn Rock"},"content":{"rendered":"<p><strong>UNA MUESTRA MAS DE SU CRECIMIENTO.<\/strong><\/p>\n<p><!--more--><strong>SYGMA,<\/strong> la banda local de rock desde hace tiempo viene destac\u00e1ndose, en 20<span class=\"text_exposed_show\">18 hicieron numerosas presentaciones y conciertos, en lo que result\u00f3 una muestra clara de la evoluci\u00f3n y afianzamiento, que ya lleva editados dos discos, <em>&#8220;La Inercia del Presente&#8221;<\/em> el \u00faltimo.<\/span><\/p>\n<p><img loading=\"lazy\" decoding=\"async\" class=\"aligncenter size-full wp-image-1179\" src=\"https:\/\/revistaepocadigital.com.ar\/wp-content\/uploads\/2019\/01\/500x500.jpg\" alt=\"\" width=\"500\" height=\"500\" srcset=\"https:\/\/revistaepocadigital.com.ar\/wp-content\/uploads\/2019\/01\/500x500.jpg 500w, https:\/\/revistaepocadigital.com.ar\/wp-content\/uploads\/2019\/01\/500x500-150x150.jpg 150w, https:\/\/revistaepocadigital.com.ar\/wp-content\/uploads\/2019\/01\/500x500-300x300.jpg 300w, https:\/\/revistaepocadigital.com.ar\/wp-content\/uploads\/2019\/01\/500x500-420x420.jpg 420w\" sizes=\"auto, (max-width: 500px) 100vw, 500px\" \/><\/p>\n<p><span class=\"text_exposed_show\">Un paso m\u00e1s lo va a dar con la anunciada presentaci\u00f3n en uno de los <strong>eventos musicales m\u00e1s importantes de la Argentina, el &#8220;Cosqu\u00edn Rock&#8221;.<\/strong> <\/span><\/p>\n<p><span class=\"text_exposed_show\">La banda compuesta por <strong>Octavio Benzaquen (guitarra), Alexis (bater\u00eda) y Alan Mezger (cantante y bajo),<\/strong> toca en Cosqu\u00edn el\u00a0 9 de febrero, en lo que significa un fuerte espaldarazo para el grupo. SIGMA se present\u00f3 en el espect\u00e1culo que tuvo lugar en los festejos patronales de 2018, y ha estado recorriendo escenarios de la<\/span> provincia de <strong>Buenos Aires.<\/strong><\/p>\n<p>&nbsp;<\/p>\n","protected":false},"excerpt":{"rendered":"<p>UNA MUESTRA MAS DE SU CRECIMIENTO.<\/p>\n","protected":false},"author":3,"featured_media":1178,"comment_status":"open","ping_status":"open","sticky":false,"template":"","format":"standard","meta":{"footnotes":"","jetpack_publicize_message":"","jetpack_publicize_feature_enabled":true,"jetpack_social_post_already_shared":false,"jetpack_social_options":{"image_generator_settings":{"template":"highway","default_image_id":0,"font":"","enabled":false},"version":2}},"categories":[12,13],"tags":[37,139,138],"class_list":["post-1176","post","type-post","status-publish","format-standard","has-post-thumbnail","hentry","category-espectaculos","category-interes-general","tag-destacada","tag-musica","tag-sygma"],"jetpack_publicize_connections":[],"jetpack_featured_media_url":"https:\/\/revistaepocadigital.com.ar\/wp-content\/uploads\/2019\/01\/sygma.jpg","jetpack_likes_enabled":true,"_links":{"self":[{"href":"https:\/\/revistaepocadigital.com.ar\/index.php?rest_route=\/wp\/v2\/posts\/1176","targetHints":{"allow":["GET"]}}],"collection":[{"href":"https:\/\/revistaepocadigital.com.ar\/index.php?rest_route=\/wp\/v2\/posts"}],"about":[{"href":"https:\/\/revistaepocadigital.com.ar\/index.php?rest_route=\/wp\/v2\/types\/post"}],"author":[{"embeddable":true,"href":"https:\/\/revistaepocadigital.com.ar\/index.php?rest_route=\/wp\/v2\/users\/3"}],"replies":[{"embeddable":true,"href":"https:\/\/revistaepocadigital.com.ar\/index.php?rest_route=%2Fwp%2Fv2%2Fcomments&post=1176"}],"version-history":[{"count":0,"href":"https:\/\/revistaepocadigital.com.ar\/index.php?rest_route=\/wp\/v2\/posts\/1176\/revisions"}],"wp:featuredmedia":[{"embeddable":true,"href":"https:\/\/revistaepocadigital.com.ar\/index.php?rest_route=\/wp\/v2\/media\/1178"}],"wp:attachment":[{"href":"https:\/\/revistaepocadigital.com.ar\/index.php?rest_route=%2Fwp%2Fv2%2Fmedia&parent=1176"}],"wp:term":[{"taxonomy":"category","embeddable":true,"href":"https:\/\/revistaepocadigital.com.ar\/index.php?rest_route=%2Fwp%2Fv2%2Fcategories&post=1176"},{"taxonomy":"post_tag","embeddable":true,"href":"https:\/\/revistaepocadigital.com.ar\/index.php?rest_route=%2Fwp%2Fv2%2Ftags&post=1176"}],"curies":[{"name":"wp","href":"https:\/\/api.w.org\/{rel}","templated":true}]}}