{"id":11813,"date":"2021-08-10T00:00:55","date_gmt":"2021-08-10T03:00:55","guid":{"rendered":"https:\/\/revistaepocadigital.com.ar\/?p=11813"},"modified":"2021-08-10T00:01:22","modified_gmt":"2021-08-10T03:01:22","slug":"diego-gaynor-vivio-un-dia-emotivo","status":"publish","type":"post","link":"https:\/\/revistaepocadigital.com.ar\/?p=11813","title":{"rendered":"Diego Gaynor vivi\u00f3 su d\u00eda con emoci\u00f3n"},"content":{"rendered":"<div>\n<div class=\"\" dir=\"auto\">\n<div id=\"jsc_c_7a\" class=\"ecm0bbzt hv4rvrfc ihqw7lf3 dati1w0a\" data-ad-comet-preview=\"message\" data-ad-preview=\"message\">\n<div class=\"j83agx80 cbu4d94t ew0dbk1b irj2b8pg\">\n<div class=\"qzhwtbm6 knvmm38d\">\n<div class=\"kvgmc6g5 cxmmr5t8 oygrvhab hcukyx3x c1et5uql ii04i59q\">\n<div dir=\"auto\">\u00a0<strong>EL 7 DE AGOSTO, LAS FIESTAS PATRONALES EN HONOR AL PATRONO SAN CAYETANO.<!--more--><\/strong><\/div>\n<div dir=\"auto\"><\/div>\n<\/div>\n<div class=\"o9v6fnle cxmmr5t8 oygrvhab hcukyx3x c1et5uql ii04i59q\">\n<div dir=\"auto\">Se concretaron las actividades por las Fiestas Patronales de Diego Gaynor, en honor a su Santo Patrono, San Cayetano. La celebraci\u00f3n se dividi\u00f3 en dos momentos.<\/div>\n<div dir=\"auto\"><\/div>\n<\/div>\n<\/div>\n<\/div>\n<\/div>\n<\/div>\n<\/div>\n<div dir=\"auto\"><\/div>\n<div dir=\"auto\"><img loading=\"lazy\" decoding=\"async\" class=\"aligncenter size-full wp-image-11816\" src=\"https:\/\/revistaepocadigital.com.ar\/wp-content\/uploads\/2021\/08\/gay2.jpg\" alt=\"\" width=\"1280\" height=\"853\" srcset=\"https:\/\/revistaepocadigital.com.ar\/wp-content\/uploads\/2021\/08\/gay2.jpg 1280w, https:\/\/revistaepocadigital.com.ar\/wp-content\/uploads\/2021\/08\/gay2-300x200.jpg 300w, https:\/\/revistaepocadigital.com.ar\/wp-content\/uploads\/2021\/08\/gay2-1200x800.jpg 1200w, https:\/\/revistaepocadigital.com.ar\/wp-content\/uploads\/2021\/08\/gay2-768x512.jpg 768w, https:\/\/revistaepocadigital.com.ar\/wp-content\/uploads\/2021\/08\/gay2-696x464.jpg 696w, https:\/\/revistaepocadigital.com.ar\/wp-content\/uploads\/2021\/08\/gay2-1068x712.jpg 1068w, https:\/\/revistaepocadigital.com.ar\/wp-content\/uploads\/2021\/08\/gay2-630x420.jpg 630w, https:\/\/revistaepocadigital.com.ar\/wp-content\/uploads\/2021\/08\/gay2-1260x840.jpg 1260w\" sizes=\"auto, (max-width: 1280px) 100vw, 1280px\" \/><\/div>\n<div dir=\"auto\"><img loading=\"lazy\" decoding=\"async\" class=\"aligncenter size-full wp-image-11817\" src=\"https:\/\/revistaepocadigital.com.ar\/wp-content\/uploads\/2021\/08\/gay3.jpg\" alt=\"\" width=\"1133\" height=\"755\" srcset=\"https:\/\/revistaepocadigital.com.ar\/wp-content\/uploads\/2021\/08\/gay3.jpg 1133w, https:\/\/revistaepocadigital.com.ar\/wp-content\/uploads\/2021\/08\/gay3-300x200.jpg 300w, https:\/\/revistaepocadigital.com.ar\/wp-content\/uploads\/2021\/08\/gay3-768x512.jpg 768w, https:\/\/revistaepocadigital.com.ar\/wp-content\/uploads\/2021\/08\/gay3-696x464.jpg 696w, https:\/\/revistaepocadigital.com.ar\/wp-content\/uploads\/2021\/08\/gay3-1068x712.jpg 1068w, https:\/\/revistaepocadigital.com.ar\/wp-content\/uploads\/2021\/08\/gay3-630x420.jpg 630w\" sizes=\"auto, (max-width: 1133px) 100vw, 1133px\" \/><\/div>\n<div dir=\"auto\"><\/div>\n<div dir=\"auto\"><img loading=\"lazy\" decoding=\"async\" class=\"aligncenter size-full wp-image-11818\" src=\"https:\/\/revistaepocadigital.com.ar\/wp-content\/uploads\/2021\/08\/gay5.jpg\" alt=\"\" width=\"1280\" height=\"853\" srcset=\"https:\/\/revistaepocadigital.com.ar\/wp-content\/uploads\/2021\/08\/gay5.jpg 1280w, https:\/\/revistaepocadigital.com.ar\/wp-content\/uploads\/2021\/08\/gay5-300x200.jpg 300w, https:\/\/revistaepocadigital.com.ar\/wp-content\/uploads\/2021\/08\/gay5-1200x800.jpg 1200w, https:\/\/revistaepocadigital.com.ar\/wp-content\/uploads\/2021\/08\/gay5-768x512.jpg 768w, https:\/\/revistaepocadigital.com.ar\/wp-content\/uploads\/2021\/08\/gay5-696x464.jpg 696w, https:\/\/revistaepocadigital.com.ar\/wp-content\/uploads\/2021\/08\/gay5-1068x712.jpg 1068w, https:\/\/revistaepocadigital.com.ar\/wp-content\/uploads\/2021\/08\/gay5-630x420.jpg 630w, https:\/\/revistaepocadigital.com.ar\/wp-content\/uploads\/2021\/08\/gay5-1260x840.jpg 1260w\" sizes=\"auto, (max-width: 1280px) 100vw, 1280px\" \/><\/div>\n<div>\n<div class=\"\" dir=\"auto\">\n<div id=\"jsc_c_7a\" class=\"ecm0bbzt hv4rvrfc ihqw7lf3 dati1w0a\" data-ad-comet-preview=\"message\" data-ad-preview=\"message\">\n<div class=\"j83agx80 cbu4d94t ew0dbk1b irj2b8pg\">\n<div class=\"qzhwtbm6 knvmm38d\">\n<div class=\"o9v6fnle cxmmr5t8 oygrvhab hcukyx3x c1et5uql ii04i59q\">\n<div dir=\"auto\">Para el acto oficial, el sitio elegido fue la renovada estaci\u00f3n de trenes, que ahora cuenta con una nueva plazoleta de ingreso, m\u00e1stil central y una serie de mejoras impulsadas por el municipio para convertirla en un nuevo polo de atracci\u00f3n tur\u00edstica.<\/div>\n<div dir=\"auto\"><\/div>\n<\/div>\n<div class=\"o9v6fnle cxmmr5t8 oygrvhab hcukyx3x c1et5uql ii04i59q\">\n<div dir=\"auto\">All\u00ed, el intendente Diego Nanni plante\u00f3 en su discurso una clara definici\u00f3n para Diego Gaynor: \u201cEstamos renaciendo\u201d, dijo el jefe comunal, no s\u00f3lo por las obras sino por la vuelta del tren de pasajeros a esa localidad.<\/div>\n<div dir=\"auto\"><\/div>\n<\/div>\n<div class=\"o9v6fnle cxmmr5t8 oygrvhab hcukyx3x c1et5uql ii04i59q\">\n<div dir=\"auto\">Aprovechando la presencia de dirigentes de otros partidos, Nanni se refiri\u00f3 a la cuesti\u00f3n pol\u00edtica, reclam\u00e1ndoles \u201cuna mirada constructiva, para edificar todos juntos el futuro que viene\u201d.<\/div>\n<\/div>\n<div class=\"o9v6fnle cxmmr5t8 oygrvhab hcukyx3x c1et5uql ii04i59q\">\n<div dir=\"auto\"><\/div>\n<div dir=\"auto\">Al acto asistieron funcionarios municipales, concejales, pol\u00edticos, vecinos de Gaynor, fuerzas vivas e hist\u00f3ricos referentes de esa localidad, cruzados por una profunda emoci\u00f3n ante la noticia de la vuelta del tren. Como cierre, la comitiva se traslad\u00f3 frente a la parroquia local, para un oficio religioso en honor al San Cayetano, santo de la paz, pan y trabajo.<\/div>\n<\/div>\n<div dir=\"auto\"><\/div>\n<\/div>\n<\/div>\n<\/div>\n<\/div>\n<div id=\"jsc_c_7b\" class=\"l9j0dhe7\">\n<div class=\"l9j0dhe7\">\n<div class=\"l9j0dhe7\">\n<div class=\"l9j0dhe7\">\n<div class=\"ni8dbmo4 stjgntxs pmk7jnqg\">\n<div class=\"stjgntxs ni8dbmo4\">\n<div class=\"do00u71z ni8dbmo4 stjgntxs l9j0dhe7\">\n<div class=\"pmk7jnqg kr520xx4\"><img decoding=\"async\" class=\"i09qtzwb n7fi1qx3 datstx6m pmk7jnqg j9ispegn kr520xx4 k4urcfbm\" src=\"https:\/\/scontent-eze1-1.xx.fbcdn.net\/v\/t1.6435-9\/p600x600\/220221008_4604981879554735_1426303733746550375_n.jpg?_nc_cat=109&amp;ccb=1-4&amp;_nc_sid=8bfeb9&amp;_nc_eui2=AeEtG_a990AlfaT1Gayfle9QPrncK-gzhmA-udwr6DOGYECtjLye8TlsKjyOzKq4ZwA&amp;_nc_ohc=HaJX3Jh2VYsAX-K75fa&amp;_nc_ht=scontent-eze1-1.xx&amp;oh=09e1a7da846262a14ddf67691321a259&amp;oe=61354DEE\" alt=\"\" \/><\/div>\n<\/div>\n<div class=\"hzruof5a opwvks06 linmgsc8 kr520xx4 j9ispegn pmk7jnqg n7fi1qx3 rq0escxv i09qtzwb\"><em>Nanni y funcionarios junto al m\u00e1stil y dos ilustres vecinos de Gaynor.<\/em><\/div>\n<\/div>\n<div class=\"n00je7tq arfg74bv qs9ysxi8 k77z8yql i09qtzwb n7fi1qx3 b5wmifdl hzruof5a pmk7jnqg j9ispegn kr520xx4 c5ndavph art1omkt ot9fgl3s\" data-visualcompletion=\"ignore\"><\/div>\n<\/div>\n<div class=\"ni8dbmo4 stjgntxs pmk7jnqg\">\n<div class=\"stjgntxs ni8dbmo4\">\n<div class=\"do00u71z ni8dbmo4 stjgntxs l9j0dhe7\">\n<div class=\"pmk7jnqg kr520xx4\"><img decoding=\"async\" class=\"i09qtzwb n7fi1qx3 datstx6m pmk7jnqg j9ispegn kr520xx4 k4urcfbm\" src=\"https:\/\/scontent-eze1-1.xx.fbcdn.net\/v\/t1.6435-9\/221343195_4604982016221388_8529566218127645258_n.jpg?_nc_cat=100&amp;ccb=1-4&amp;_nc_sid=8bfeb9&amp;_nc_eui2=AeGD4CR4POyyBJxkMx_PLyd9i4qD6AIP0lKLioPoAg_SUoZA-OMxTdOVWYCZ5aKFa1Y&amp;_nc_ohc=O5GTCWO1T3MAX8yclZw&amp;_nc_ht=scontent-eze1-1.xx&amp;oh=0153c73332b373c5abef01d404453397&amp;oe=6134B2BB\" alt=\"\" \/><\/div>\n<\/div>\n<div class=\"hzruof5a opwvks06 linmgsc8 kr520xx4 j9ispegn pmk7jnqg n7fi1qx3 rq0escxv i09qtzwb\"><\/div>\n<\/div>\n<div class=\"n00je7tq arfg74bv qs9ysxi8 k77z8yql i09qtzwb n7fi1qx3 b5wmifdl hzruof5a pmk7jnqg j9ispegn kr520xx4 c5ndavph art1omkt ot9fgl3s\" data-visualcompletion=\"ignore\"><\/div>\n<\/div>\n<div class=\"ni8dbmo4 stjgntxs pmk7jnqg\">\n<div class=\"stjgntxs ni8dbmo4\">\n<div class=\"do00u71z ni8dbmo4 stjgntxs l9j0dhe7\">\n<div class=\"pmk7jnqg kr520xx4\"><img decoding=\"async\" class=\"i09qtzwb n7fi1qx3 datstx6m pmk7jnqg j9ispegn kr520xx4 k4urcfbm\" src=\"https:\/\/scontent-eze1-1.xx.fbcdn.net\/v\/t1.6435-9\/p600x600\/221478098_4604982216221368_4933099362796351871_n.jpg?_nc_cat=104&amp;ccb=1-4&amp;_nc_sid=8bfeb9&amp;_nc_eui2=AeHs1KWAnjewV06xo8lWEXyDENOaH-V442oQ05of5XjjauFqm6eUsMHoQGSe79TWOoI&amp;_nc_ohc=Hwh0lJ-S1okAX_eCl39&amp;_nc_ht=scontent-eze1-1.xx&amp;oh=700a1676e21b3486c23f0c7f954994a0&amp;oe=6136E04B\" alt=\"\" \/><\/div>\n<\/div>\n<\/div>\n<div class=\"hzruof5a opwvks06 linmgsc8 kr520xx4 j9ispegn pmk7jnqg n7fi1qx3 rq0escxv i09qtzwb\">Fotos Prensa Municipalidad.<\/div>\n<\/div>\n<\/div>\n<\/div>\n<\/div>\n<\/div>\n<\/div>\n","protected":false},"excerpt":{"rendered":"<p>\u00a0EL 7 DE AGOSTO, LAS FIESTAS PATRONALES EN HONOR AL PATRONO SAN CAYETANO.<\/p>\n","protected":false},"author":4,"featured_media":11814,"comment_status":"open","ping_status":"open","sticky":false,"template":"","format":"standard","meta":{"footnotes":"","jetpack_publicize_message":"","jetpack_publicize_feature_enabled":true,"jetpack_social_post_already_shared":false,"jetpack_social_options":{"image_generator_settings":{"template":"highway","default_image_id":0,"font":"","enabled":false},"version":2}},"categories":[13],"tags":[952,1519],"class_list":["post-11813","post","type-post","status-publish","format-standard","has-post-thumbnail","hentry","category-interes-general","tag-diego-gaynor","tag-festejo-patronal"],"jetpack_publicize_connections":[],"jetpack_featured_media_url":"https:\/\/revistaepocadigital.com.ar\/wp-content\/uploads\/2021\/08\/gay4.jpg","jetpack_likes_enabled":true,"_links":{"self":[{"href":"https:\/\/revistaepocadigital.com.ar\/index.php?rest_route=\/wp\/v2\/posts\/11813","targetHints":{"allow":["GET"]}}],"collection":[{"href":"https:\/\/revistaepocadigital.com.ar\/index.php?rest_route=\/wp\/v2\/posts"}],"about":[{"href":"https:\/\/revistaepocadigital.com.ar\/index.php?rest_route=\/wp\/v2\/types\/post"}],"author":[{"embeddable":true,"href":"https:\/\/revistaepocadigital.com.ar\/index.php?rest_route=\/wp\/v2\/users\/4"}],"replies":[{"embeddable":true,"href":"https:\/\/revistaepocadigital.com.ar\/index.php?rest_route=%2Fwp%2Fv2%2Fcomments&post=11813"}],"version-history":[{"count":0,"href":"https:\/\/revistaepocadigital.com.ar\/index.php?rest_route=\/wp\/v2\/posts\/11813\/revisions"}],"wp:featuredmedia":[{"embeddable":true,"href":"https:\/\/revistaepocadigital.com.ar\/index.php?rest_route=\/wp\/v2\/media\/11814"}],"wp:attachment":[{"href":"https:\/\/revistaepocadigital.com.ar\/index.php?rest_route=%2Fwp%2Fv2%2Fmedia&parent=11813"}],"wp:term":[{"taxonomy":"category","embeddable":true,"href":"https:\/\/revistaepocadigital.com.ar\/index.php?rest_route=%2Fwp%2Fv2%2Fcategories&post=11813"},{"taxonomy":"post_tag","embeddable":true,"href":"https:\/\/revistaepocadigital.com.ar\/index.php?rest_route=%2Fwp%2Fv2%2Ftags&post=11813"}],"curies":[{"name":"wp","href":"https:\/\/api.w.org\/{rel}","templated":true}]}}