{"id":1182,"date":"2019-01-12T15:24:34","date_gmt":"2019-01-12T18:24:34","guid":{"rendered":"https:\/\/revistaepocadigital.com.ar\/?p=1182"},"modified":"2019-01-12T15:27:35","modified_gmt":"2019-01-12T18:27:35","slug":"no-olvidar-las-cuestiones-que-hacen-a-los-vecinos","status":"publish","type":"post","link":"https:\/\/revistaepocadigital.com.ar\/?p=1182","title":{"rendered":"Concejo Deliberante, no olvidar las cuestiones que hacen a los vecinos"},"content":{"rendered":"<p><strong>EL CUERPO CON NUEVO REGLAMENTO.<\/strong><!--more--><\/p>\n<p>En la \u00faltima sesi\u00f3n de 2018, de la que te hemos contado debido al <strong>\u00e1lgido<\/strong> clima por lo debatido por el Concejo Deliberante, tambi\u00e9n dio lugar al tratamiento de temas que estaban a punto de perder estado reglamentario.<\/p>\n<p>Uno de los que se ocuparon los concejales, fue la r<strong>eforma del reglamento interno<\/strong> del cuerpo. En tal sentido, \u00a0con <strong>ocho votos<\/strong> a favor y, sin el acompa\u00f1amiento de los ediles de <strong>Cambiemos<\/strong> ni la representante del <strong>Frente Renovador, \u00a0Graciela Gallo,<\/strong> se <strong>aprob\u00f3 un nuevo estatuto.<\/strong><\/p>\n<p>La norma aprobado difiere del preexistente, en cuestiones tales como la <strong>presentaci\u00f3n de los pedidos de informes<\/strong>, punto que hab\u00eda generado gran controversia a lo largo del a\u00f1o pasado, y que incluso llev\u00f3 en el mes de mayo pasado, al ejecutivo municipal a dar explicaciones en una \u201ccuasi-interpelaci\u00f3n\u201d, relacionada con las obras en <strong>Arroyo de la Cruz.<\/strong> Tambi\u00e9n fue tratada y aprobada la creaci\u00f3n de la <strong>Comisi\u00f3n\u00a0 de Labor Parlamentaria<\/strong>, as\u00ed como el per\u00edodo para ejercer <strong>cargos como autoridades<\/strong> del HCD que pas\u00f3 de dos a un a\u00f1o, entre otras numerosas modificaciones.<\/p>\n<figure id=\"attachment_1186\" aria-describedby=\"caption-attachment-1186\" style=\"width: 696px\" class=\"wp-caption aligncenter\"><img loading=\"lazy\" decoding=\"async\" class=\"size-large wp-image-1186\" src=\"https:\/\/revistaepocadigital.com.ar\/wp-content\/uploads\/2019\/01\/con-deli-tw-1024x768.jpg\" alt=\"\" width=\"696\" height=\"522\" srcset=\"https:\/\/revistaepocadigital.com.ar\/wp-content\/uploads\/2019\/01\/con-deli-tw-1024x768.jpg 1024w, https:\/\/revistaepocadigital.com.ar\/wp-content\/uploads\/2019\/01\/con-deli-tw-300x225.jpg 300w, https:\/\/revistaepocadigital.com.ar\/wp-content\/uploads\/2019\/01\/con-deli-tw-768x576.jpg 768w, https:\/\/revistaepocadigital.com.ar\/wp-content\/uploads\/2019\/01\/con-deli-tw-80x60.jpg 80w, https:\/\/revistaepocadigital.com.ar\/wp-content\/uploads\/2019\/01\/con-deli-tw-160x120.jpg 160w, https:\/\/revistaepocadigital.com.ar\/wp-content\/uploads\/2019\/01\/con-deli-tw-265x198.jpg 265w, https:\/\/revistaepocadigital.com.ar\/wp-content\/uploads\/2019\/01\/con-deli-tw-696x522.jpg 696w, https:\/\/revistaepocadigital.com.ar\/wp-content\/uploads\/2019\/01\/con-deli-tw-1068x801.jpg 1068w, https:\/\/revistaepocadigital.com.ar\/wp-content\/uploads\/2019\/01\/con-deli-tw-560x420.jpg 560w, https:\/\/revistaepocadigital.com.ar\/wp-content\/uploads\/2019\/01\/con-deli-tw-1120x840.jpg 1120w, https:\/\/revistaepocadigital.com.ar\/wp-content\/uploads\/2019\/01\/con-deli-tw.jpg 1200w\" sizes=\"auto, (max-width: 696px) 100vw, 696px\" \/><figcaption id=\"caption-attachment-1186\" class=\"wp-caption-text\">El HCD entre las internas y lo que le pasa a los vecinos. \u00bfY este a\u00f1o con el estatuto reformado?<\/figcaption><\/figure>\n<p>Ante las largas discusiones que sostuvo el concejo en <strong>cuestiones de forma y tratamiento<\/strong> de diferentes temas, tanto en las sesiones p\u00fablicas como cerradas, se espera que con la aplicaci\u00f3n del nuevo reglamento interno (sobre cuyo texto hubo ediles que al momento de abordarse, no conoc\u00edan en detalle las modificaciones), se avance en el tratamiento de cuestiones <strong>mucho m\u00e1s relevantes y que inciden en los tan preocupados vecinos de Exaltaci\u00f3n de la Cruz,<\/strong> dej\u00e1ndose de lado chicanas y mal manejos a la \u00a0hora de los debates que, vaya, deben priorizarse aquellos atinente a los i<strong>ntereses de la gente, dejando de lado especulaciones personales y pol\u00edtica-partidarias.<\/strong><\/p>\n<p><span style=\"color: #ff6600;\">NUEVO CRONOGRAMA DE SESIONES<\/span><\/p>\n<p>A partir de este a\u00f1o, y por iniciativa de la gobernadora <strong>Mar\u00eda Eugenia Vidal,<\/strong> que promovi\u00f3 la reforma a la Ley Org\u00e1nica de las Municipalidades (Ley 15103), todos los concejos deliberantes de la provincia de Buenos Aires,<strong> inaugurar\u00e1n los per\u00edodos de sesiones ordinarias el 1 de marzo<\/strong> de cada a\u00f1o, extendi\u00e9ndose hasta el<strong> 30 de noviembre de cada a\u00f1o.<\/strong><\/p>\n<p>&nbsp;<\/p>\n","protected":false},"excerpt":{"rendered":"<p>EL CUERPO CON NUEVO REGLAMENTO.<\/p>\n","protected":false},"author":3,"featured_media":1185,"comment_status":"open","ping_status":"open","sticky":false,"template":"","format":"standard","meta":{"footnotes":"","jetpack_publicize_message":"","jetpack_publicize_feature_enabled":true,"jetpack_social_post_already_shared":false,"jetpack_social_options":{"image_generator_settings":{"template":"highway","default_image_id":0,"font":"","enabled":false},"version":2}},"categories":[16,17],"tags":[93,37,140],"class_list":["post-1182","post","type-post","status-publish","format-standard","has-post-thumbnail","hentry","category-municipales","category-politica","tag-concejo-deliberante","tag-destacada","tag-estatuto"],"jetpack_publicize_connections":[],"jetpack_featured_media_url":"https:\/\/revistaepocadigital.com.ar\/wp-content\/uploads\/2019\/01\/con-delib-norte-bonaernse.jpg","jetpack_likes_enabled":true,"_links":{"self":[{"href":"https:\/\/revistaepocadigital.com.ar\/index.php?rest_route=\/wp\/v2\/posts\/1182","targetHints":{"allow":["GET"]}}],"collection":[{"href":"https:\/\/revistaepocadigital.com.ar\/index.php?rest_route=\/wp\/v2\/posts"}],"about":[{"href":"https:\/\/revistaepocadigital.com.ar\/index.php?rest_route=\/wp\/v2\/types\/post"}],"author":[{"embeddable":true,"href":"https:\/\/revistaepocadigital.com.ar\/index.php?rest_route=\/wp\/v2\/users\/3"}],"replies":[{"embeddable":true,"href":"https:\/\/revistaepocadigital.com.ar\/index.php?rest_route=%2Fwp%2Fv2%2Fcomments&post=1182"}],"version-history":[{"count":0,"href":"https:\/\/revistaepocadigital.com.ar\/index.php?rest_route=\/wp\/v2\/posts\/1182\/revisions"}],"wp:featuredmedia":[{"embeddable":true,"href":"https:\/\/revistaepocadigital.com.ar\/index.php?rest_route=\/wp\/v2\/media\/1185"}],"wp:attachment":[{"href":"https:\/\/revistaepocadigital.com.ar\/index.php?rest_route=%2Fwp%2Fv2%2Fmedia&parent=1182"}],"wp:term":[{"taxonomy":"category","embeddable":true,"href":"https:\/\/revistaepocadigital.com.ar\/index.php?rest_route=%2Fwp%2Fv2%2Fcategories&post=1182"},{"taxonomy":"post_tag","embeddable":true,"href":"https:\/\/revistaepocadigital.com.ar\/index.php?rest_route=%2Fwp%2Fv2%2Ftags&post=1182"}],"curies":[{"name":"wp","href":"https:\/\/api.w.org\/{rel}","templated":true}]}}