{"id":1189,"date":"2019-01-12T15:59:20","date_gmt":"2019-01-12T18:59:20","guid":{"rendered":"https:\/\/revistaepocadigital.com.ar\/?p=1189"},"modified":"2019-01-12T17:04:40","modified_gmt":"2019-01-12T20:04:40","slug":"un-papa-noel-en-offside","status":"publish","type":"post","link":"https:\/\/revistaepocadigital.com.ar\/?p=1189","title":{"rendered":"Un Pap\u00e1 Noel en offside"},"content":{"rendered":"<p><strong>COMO CADA NAVIDAD.<\/strong><!--more--><\/p>\n<p>En nuestro distrito, se reiteran los eventos organizados por entidades e incluso el municipio, para celebrar la llegada de la <strong>Navidad<\/strong> con la infaltable presencia de<strong> Pap\u00e1 Noel,<\/strong> acciones que concitan el l\u00f3gico y saludable inter\u00e9s y despiertan entusiasmo no s\u00f3lo entre los chicos, tambi\u00e9n en las familias exaltacruce\u00f1as.<\/p>\n<p>Uno de los mencionados eventos estuvo organizado por la <strong>direcciones de la actual administraci\u00f3n<\/strong> de la comuna, y claro,<strong> no falt\u00f3<\/strong> Pap\u00e1 Noel para alegrar a chicos y grandes. Claro, como ha revelado el sitio<em> capillaonline<\/em> en su hallazgo period\u00edstico, <strong>Pap\u00e1 Noel<\/strong> (al parecer encarnado por un conocido y controversial <strong>funcionario<\/strong> del municipio), en su paso para festejar con la gente, <strong>&#8220;olvid\u00f3&#8221;<\/strong> cumplir con normas vigentes y no ofrecer el ejemplo, como debe ser <strong>m\u00e1s a\u00fan<\/strong> por parte de quien ejerce un cargo p\u00fablico y desde hace largo tiempo<\/p>\n<p>As\u00ed como ves, el funcionario en su papel de Pap\u00e1 Noel, circul\u00f3 por las calles en un <strong>cuatriciclo sin identificac\u00f3n, sin portar el casco reglamentario<\/strong> y llevando adem\u00e1s en una parte de su paseo, a un menor t sin casco tambi\u00e9n, sobre el veh\u00edculo con el<strong> serio peligro que implic\u00f3.<\/strong><\/p>\n<div class=\"_6c7i\">\n<div class=\"_680y\">\n<div class=\"_6cuy\">\n<div>\n<div class=\" _6qw3\" data-ft=\"{&quot;tn&quot;:&quot;K&quot;}\" data-testid=\"UFI2Comment\/body\">\n<div class=\"_72vr\">En la red social Facebook, la vecina <strong>Viviana Rodr\u00edguez<\/strong> en relaci\u00f3n al episodio, poste\u00f3: <em>&#8220;<span dir=\"ltr\"><span class=\"_3l3x\">Buen d\u00eda!!, disculpen yo soy la responsable de que ese Pap\u00e1 Noel que va arriba de un cuatri ciclo de baja cilindrada de un vecino De Diego Gaynor, que amable y desinteresadamente ofreci\u00f3 para que llegara al jard\u00edn llevando regalos a todos los alumnos del jard\u00edn. Lamentablemente mezclan ciertas cuestiones que nada hacen al origen!!!&#8221;.<\/span><\/span><\/em><\/div>\n<\/div>\n<div><\/div>\n<\/div>\n<\/div>\n<\/div>\n<\/div>\n<p>Valdr\u00e1 acotar que <strong>no<\/strong> fue cuestionable la iniciativa, a lo que se apunta y se hace hincapi\u00e9, en que al concretarla<strong>, no se contempl\u00f3<\/strong> cumplir con normas vigentes que, entre otras cosas, ayudan a prevenir <strong>accidentes,<\/strong> con el<strong> agravante<\/strong> de que quien conduc\u00eda el veh\u00edculo, era <strong>un funcionario del municipio. <\/strong><\/p>\n<p>\u00bfPasar\u00e1 <em>&#8220;Pap\u00e1 Noel&#8221;<\/em> por el Tribunal de Faltas, como debe hacerlo cualquier vecino que comete una infracci\u00f3n?&#8230;<\/p>\n<p>Foto: gentileza capillaonline.<\/p>\n<p>&nbsp;<\/p>\n","protected":false},"excerpt":{"rendered":"<p>COMO CADA NAVIDAD.<\/p>\n","protected":false},"author":3,"featured_media":1191,"comment_status":"open","ping_status":"open","sticky":false,"template":"","format":"standard","meta":{"footnotes":"","jetpack_publicize_message":"","jetpack_publicize_feature_enabled":true,"jetpack_social_post_already_shared":false,"jetpack_social_options":{"image_generator_settings":{"template":"highway","default_image_id":0,"font":"","enabled":false},"version":2}},"categories":[13],"tags":[37,141],"class_list":["post-1189","post","type-post","status-publish","format-standard","has-post-thumbnail","hentry","category-interes-general","tag-destacada","tag-papa-noel"],"jetpack_publicize_connections":[],"jetpack_featured_media_url":"https:\/\/revistaepocadigital.com.ar\/wp-content\/uploads\/2019\/01\/papa-noel.jpg","jetpack_likes_enabled":true,"_links":{"self":[{"href":"https:\/\/revistaepocadigital.com.ar\/index.php?rest_route=\/wp\/v2\/posts\/1189","targetHints":{"allow":["GET"]}}],"collection":[{"href":"https:\/\/revistaepocadigital.com.ar\/index.php?rest_route=\/wp\/v2\/posts"}],"about":[{"href":"https:\/\/revistaepocadigital.com.ar\/index.php?rest_route=\/wp\/v2\/types\/post"}],"author":[{"embeddable":true,"href":"https:\/\/revistaepocadigital.com.ar\/index.php?rest_route=\/wp\/v2\/users\/3"}],"replies":[{"embeddable":true,"href":"https:\/\/revistaepocadigital.com.ar\/index.php?rest_route=%2Fwp%2Fv2%2Fcomments&post=1189"}],"version-history":[{"count":0,"href":"https:\/\/revistaepocadigital.com.ar\/index.php?rest_route=\/wp\/v2\/posts\/1189\/revisions"}],"wp:featuredmedia":[{"embeddable":true,"href":"https:\/\/revistaepocadigital.com.ar\/index.php?rest_route=\/wp\/v2\/media\/1191"}],"wp:attachment":[{"href":"https:\/\/revistaepocadigital.com.ar\/index.php?rest_route=%2Fwp%2Fv2%2Fmedia&parent=1189"}],"wp:term":[{"taxonomy":"category","embeddable":true,"href":"https:\/\/revistaepocadigital.com.ar\/index.php?rest_route=%2Fwp%2Fv2%2Fcategories&post=1189"},{"taxonomy":"post_tag","embeddable":true,"href":"https:\/\/revistaepocadigital.com.ar\/index.php?rest_route=%2Fwp%2Fv2%2Ftags&post=1189"}],"curies":[{"name":"wp","href":"https:\/\/api.w.org\/{rel}","templated":true}]}}