{"id":1198,"date":"2019-01-12T16:40:55","date_gmt":"2019-01-12T19:40:55","guid":{"rendered":"https:\/\/revistaepocadigital.com.ar\/?p=1198"},"modified":"2019-01-12T16:40:55","modified_gmt":"2019-01-12T19:40:55","slug":"personal-de-eden-no-realiza-trabajos-en-el-interior-de-las-viviendas","status":"publish","type":"post","link":"https:\/\/revistaepocadigital.com.ar\/?p=1198","title":{"rendered":"Personal de EDEN, no realiza trabajos en el interior de las viviendas"},"content":{"rendered":"<p dir=\"ltr\"><span style=\"font-size: large;\">LO HA RECORDADO LA EMPRESA.<\/span><!--more--><\/p>\n<p dir=\"ltr\">EDEN ha hecho saber a los usuarios de las localidades de <strong>Campana, Capilla del Se\u00f1or y Los Cardales,<\/strong> que el personal de la compa\u00f1\u00eda no realiza ning\u00fan tipo de trabajo en el interior de las viviendas.<\/p>\n<p dir=\"ltr\"><strong>Victor Ciaponi<\/strong>, gerente de \u00e1rea de EDEN, expres\u00f3: <em>\u201crecordamos a los vecinos que la distribuidora limita sus tareas a la zona exterior de las casas\u201d<\/em><\/p>\n<p><span id=\"yiv8254352317gmail-docs-internal-guid-0545968f-7fff-f4c3-7538-9f78e83daa04\">Y agreg\u00f3: <em>\u201csolicitamos que denuncien ante la autoridad correspondiente cualquier situaci\u00f3n en la que personas, present\u00e1ndose falsamente en nombre de EDEN, intenten ingresar a las casas ya que no realizamos trabajos en el interior de las mismas&#8221;.<\/em><\/span><\/p>\n<p>&nbsp;<\/p>\n","protected":false},"excerpt":{"rendered":"<p>LO HA RECORDADO LA EMPRESA.<\/p>\n","protected":false},"author":3,"featured_media":1200,"comment_status":"open","ping_status":"open","sticky":false,"template":"","format":"standard","meta":{"footnotes":"","jetpack_publicize_message":"","jetpack_publicize_feature_enabled":true,"jetpack_social_post_already_shared":false,"jetpack_social_options":{"image_generator_settings":{"template":"highway","default_image_id":0,"font":"","enabled":false},"version":2}},"categories":[4],"tags":[114,39],"class_list":["post-1198","post","type-post","status-publish","format-standard","has-post-thumbnail","hentry","category-aqui-los-cardales","tag-consejos","tag-eden"],"jetpack_publicize_connections":[],"jetpack_featured_media_url":"https:\/\/revistaepocadigital.com.ar\/wp-content\/uploads\/2019\/01\/EDEN-TRABAJOS.jpg","jetpack_likes_enabled":true,"_links":{"self":[{"href":"https:\/\/revistaepocadigital.com.ar\/index.php?rest_route=\/wp\/v2\/posts\/1198","targetHints":{"allow":["GET"]}}],"collection":[{"href":"https:\/\/revistaepocadigital.com.ar\/index.php?rest_route=\/wp\/v2\/posts"}],"about":[{"href":"https:\/\/revistaepocadigital.com.ar\/index.php?rest_route=\/wp\/v2\/types\/post"}],"author":[{"embeddable":true,"href":"https:\/\/revistaepocadigital.com.ar\/index.php?rest_route=\/wp\/v2\/users\/3"}],"replies":[{"embeddable":true,"href":"https:\/\/revistaepocadigital.com.ar\/index.php?rest_route=%2Fwp%2Fv2%2Fcomments&post=1198"}],"version-history":[{"count":0,"href":"https:\/\/revistaepocadigital.com.ar\/index.php?rest_route=\/wp\/v2\/posts\/1198\/revisions"}],"wp:featuredmedia":[{"embeddable":true,"href":"https:\/\/revistaepocadigital.com.ar\/index.php?rest_route=\/wp\/v2\/media\/1200"}],"wp:attachment":[{"href":"https:\/\/revistaepocadigital.com.ar\/index.php?rest_route=%2Fwp%2Fv2%2Fmedia&parent=1198"}],"wp:term":[{"taxonomy":"category","embeddable":true,"href":"https:\/\/revistaepocadigital.com.ar\/index.php?rest_route=%2Fwp%2Fv2%2Fcategories&post=1198"},{"taxonomy":"post_tag","embeddable":true,"href":"https:\/\/revistaepocadigital.com.ar\/index.php?rest_route=%2Fwp%2Fv2%2Ftags&post=1198"}],"curies":[{"name":"wp","href":"https:\/\/api.w.org\/{rel}","templated":true}]}}