{"id":12002,"date":"2021-08-17T18:54:54","date_gmt":"2021-08-17T21:54:54","guid":{"rendered":"https:\/\/revistaepocadigital.com.ar\/?p=12002"},"modified":"2021-08-17T19:18:41","modified_gmt":"2021-08-17T22:18:41","slug":"alberto-lareu-magoo-el-inventor-de-la-noche-de-capilla","status":"publish","type":"post","link":"https:\/\/revistaepocadigital.com.ar\/?p=12002","title":{"rendered":"ALBERTO LAREU, &#8220;MAGOO&#8221;, EL INVENTOR DE LA NOCHE DE CAPILLA"},"content":{"rendered":"<div class=\"mceTemp\"><\/div>\n<p><strong>UN LUGAR INCONFUNDIBLE.<\/strong><!--more--><\/p>\n<p><strong>La Fusta<\/strong> fue desde sus inicios, un lugar referencial. Desde los inicios de los a\u00f1os \u00b460, hasta el presente. Un cl\u00e1sico sin dudas, donde transcurrieron vaya a saber cuantas historias de distintas generaciones del Capilla del Se\u00f1or y Exaltaci\u00f3n de la Cruz, y vaya a saber cuantas aguardan en el futuro.<\/p>\n<p>EPOCA conversa con <strong>Alberto Lareu,<\/strong> el tan conocido vecino quien acompa\u00f1\u00f3 a su padre Jos\u00e9 y a su hermano mayor Jorge en aquel desaf\u00edo que signific\u00f3 abrir La Fusta en la primera parte de d\u00e9cada del \u00b460. Emprendimiento que se ha mantenido con el transcurso de los tiempos, desde hace mucho con otro vecino al frente, Javier Curone.<\/p>\n<p>Alberto, <strong>&#8220;Magoo&#8221;<\/strong> para todo el mundo en Exaltaci\u00f3n de la Cruz, es verborr\u00e1gico, expresivo, rese\u00f1a algunas vivencias entre las innumerables, surgidas desde que la librer\u00eda y venta de diarios Casa De Feo propiedad de otro conocido vecinos desaparecido, Joaqu\u00edn De Feo, en &#8220;la&#8221; esquina de Capilla, Mitre y Casco, dio paso al surgimiento de tan emblem\u00e1tico lugar.<br \/>\nA los 73 a\u00f1os, vital, con la memoria intacta, Alberto se entusiasma al recordar hechos, an\u00e9cdotas vividas del otro lado del mostrador de La Fusta.<\/p>\n<p><img decoding=\"async\" src=\"https:\/\/revistaepocadigital.com.ar\/wp-content\/uploads\/2021\/08\/lareu-272x300.jpg\" \/><\/p>\n<h6><em>Lareu en la charla con EPOCA.<\/em><\/h6>\n<p>&nbsp;<\/p>\n<p><strong>-Alberto, \u00bfc\u00f3mo comienza La Fusta, a quien se le ocurri\u00f3?<\/strong><br \/>\n<em>-Uhh!<\/em> (exclama y sonrie con sus ojos saltones)<em>. Se le ocurri\u00f3 a mi pap\u00e1 y en un momento muy dif\u00edcil para nuestra familia. Le surgi\u00f3 la idea de poner un negocio distinto digamos y lo habl\u00f3 con Jorge mi hermano mayor y conmigo que ten\u00eda 17 a\u00f1os!. Lo que pasaba era que nuestra necesidad econ\u00f3mica se hab\u00eda convertido en algo muy grande all\u00e1 por el a\u00f1o \u00b458. En el lugar funcionaba el negocio de Joaqu\u00edn De Feo, padre de Coco y Susana, y bueno hubo que conversar mucho con el hasta llegar a un acuerdo, que llev\u00f3 entre otras cosas, a que a Joaqu\u00edn le quedara una propiedad contigua de mi familia donde funcionaba un almac\u00e9n de ramos generales, y hasta ten\u00eda un surtidor de nafta en la misma esquina. As\u00ed fue el primer paso de La Fusta,.<\/em><\/p>\n<p><strong>-Y, \u00bfpor que le pusieron el nombre de La Fusta?<\/strong><br \/>\n&#8211;<em>Mir\u00e1<\/em> (dice Alberto y se\u00f1ala una pared de su casa cardalense, donde hay un cuadro colgado). <em>Ese caballo que ves ah\u00ed es Yatasto, el caballo m\u00e1s famoso de la historia; su jockey era Juan Carlos Contreras. El ven\u00eda a Diego Gaynor a las carreras cuadreras que hac\u00edamos y se hizo muy amigo nuestro. Y un d\u00eda se apareci\u00f3 con un regalo para Jorge mi hermano, era una fusta que el hab\u00eda usado cuando corri\u00f3 a Yatasto!<\/em><\/p>\n<p>&#8211;<strong>\u00bfC\u00f3mo fueron esos primeros tiempos?<\/strong><br \/>\n&#8211;<em>Nosotros no sab\u00edamos nada de ese tipo de negocio, ja!, al principio fue medio complicado al no ser del &#8220;palo&#8221;, nos daba una mano &#8220;Lalo&#8221; Pereyra, marido de mi hermana y mam\u00e1 hac\u00eda los caf\u00e9 con una m\u00e1quina que compramos. De a poco el negocio fue creciendo, fue m\u00e1s gente y m\u00e1s gente, hasta que pas\u00f3 a ser un \u00e9xito terrible. Empezaron a ir los amigos de pap\u00e1, de Jorge y los m\u00edos mas chiquilines de a poco, el juego de cartas tambi\u00e9n tuvo que ver m\u00e1s all\u00e1 que en algunas ocasiones, el clima se puso medio pesado, je!<\/em><\/p>\n<p><img loading=\"lazy\" decoding=\"async\" class=\"aligncenter size-full wp-image-12008\" src=\"https:\/\/revistaepocadigital.com.ar\/wp-content\/uploads\/2021\/08\/lareu-6.jpg\" alt=\"\" width=\"547\" height=\"407\" srcset=\"https:\/\/revistaepocadigital.com.ar\/wp-content\/uploads\/2021\/08\/lareu-6.jpg 547w, https:\/\/revistaepocadigital.com.ar\/wp-content\/uploads\/2021\/08\/lareu-6-300x223.jpg 300w, https:\/\/revistaepocadigital.com.ar\/wp-content\/uploads\/2021\/08\/lareu-6-80x60.jpg 80w, https:\/\/revistaepocadigital.com.ar\/wp-content\/uploads\/2021\/08\/lareu-6-160x120.jpg 160w, https:\/\/revistaepocadigital.com.ar\/wp-content\/uploads\/2021\/08\/lareu-6-265x198.jpg 265w, https:\/\/revistaepocadigital.com.ar\/wp-content\/uploads\/2021\/08\/lareu-6-485x360.jpg 485w\" sizes=\"auto, (max-width: 547px) 100vw, 547px\" \/><\/p>\n<p style=\"text-align: center;\"><em>Que tiempos. Ah!, la gomina. Alberto (der.) junto a su hermana Graciela <\/em><em>Mar\u00eda del Carmen y el hermano Jorge.<\/em><\/p>\n<p><strong>-La Fusta bailable que marc\u00f3 una \u00e9poca en la noche de Capilla y la zona, fue el impulso que faltaba.<\/strong><br \/>\n&#8211;<em>Ni hablar, comenzamos separando el local con una cortina, despu\u00e9s con un tabique y m\u00e1s adelante se voltearon paredes de la casa donde viv\u00edamos para agrandar pero bueno, el \u00fanico que laburaba en serio era pap\u00e1. je! y lleg\u00f3 el momento en que ya no quer\u00eda m\u00e1s, si nunca se cerraba casi!, estaba la m\u00e1quina que andaba con fichas, y ten\u00eda discos para escuchar tangos, se segu\u00eda jugando a las cartas. La Fusta se convirti\u00f3 en un punto neur\u00e1lgico de Capilla<\/em><\/p>\n<p>&#8211;<strong>\u00bfEsperaron ese \u00e9xito o &#8220;descubrieron&#8221; la p\u00f3lvora?<\/strong><br \/>\n-J<em>e!, no s\u00e9. Lo que te puedo decir otra vez es que el boliche naci\u00f3 por la necesidad de comer; pap\u00e1, Jorge que ven\u00eda del campo de los Agostino, cocinaba mi mam\u00e1 Lila como la conoc\u00eda la mayor\u00eda; ella se llamaba Ramona Rosa Agostino de Lareu. Creci\u00f3 mucho, y en un momento yo me qued\u00e9 con el local y mam\u00e1 y pap\u00e1 que viv\u00edan en la misma casa en la parte de atr\u00e1s se fueron a vivir a Beccar, no aguantaban m\u00e1s el moviento que hab\u00eda, el ruido<\/em>.<\/p>\n<p><strong>-Despu\u00e9s apareci\u00f3 &#8220;Magoo&#8221;<\/strong>.<br \/>\n<em>-S\u00ed, continu\u00f3 La Fusta y la parte bailable se convirti\u00f3 en Magoo. De m\u00e1s est\u00e1 decir los motivos del nombre, jaja! (Lareu ha usado lentes durante casi toda su vida). Me acuerdo que yo iba mucho a Buenos Aires con mi primo Beto Feeney, quien hace much\u00edsimos a\u00f1os vive en Par\u00eds, Francia, donde sigue trabajando y le fue muy bien, es muy despierto, muy capaz. Incluso tuvo que ver como hombre de la embajada argentina en Francia, con la organizaci\u00f3n del Dakar que se corri\u00f3 hace unos a\u00f1os en La Argentina. Beto en esos tiempos trabajaba con Agust\u00edn Petrucelli, nuestros intendente de tanto tiempo. Beto me llev\u00f3 a conocer los boliches m\u00e1s famosos de Buenos Aires, Mau Mau de Jos\u00e9 y Alberto Lataliste; uh! a Alberto me acuerdo que le vend\u00ed un auto, un Chevrolet 400 impecable! que yo le hab\u00eda comprado a Rodolfo Parodi. Tambi\u00e9n conoc\u00ed Bwana, Africa, y ah\u00ed pens\u00e9: \u00bfy si pongo un boliche en Capilla?, y bueno as\u00ed fue. Primero arranc\u00f3 en el a\u00f1o 70 como La Fusta bailable y luego se convirti\u00f3 en Magoo.<\/em><\/p>\n<p>&nbsp;<\/p>\n<p><img loading=\"lazy\" decoding=\"async\" class=\"aligncenter size-full wp-image-12011\" src=\"https:\/\/revistaepocadigital.com.ar\/wp-content\/uploads\/2021\/08\/lareu-5.jpg\" alt=\"\" width=\"529\" height=\"630\" srcset=\"https:\/\/revistaepocadigital.com.ar\/wp-content\/uploads\/2021\/08\/lareu-5.jpg 529w, https:\/\/revistaepocadigital.com.ar\/wp-content\/uploads\/2021\/08\/lareu-5-252x300.jpg 252w, https:\/\/revistaepocadigital.com.ar\/wp-content\/uploads\/2021\/08\/lareu-5-353x420.jpg 353w\" sizes=\"auto, (max-width: 529px) 100vw, 529px\" \/><\/p>\n<h6 style=\"text-align: center;\"><em>Un hombre con incontables an\u00e9cdotas, muy conocedor de Capilla y Cardales.<\/em><\/h6>\n<p>&nbsp;<\/p>\n<p>&#8211;<strong>Te cambi\u00f3 la vida.<\/strong><br \/>\n<em>-\u00a1Que te parece!. Me cambi\u00f3 la vida econ\u00f3micamente, porque mi situaci\u00f3n real no dejaba de ser complicada como cont\u00e9 antes, La Fusta nos dio de comer despu\u00e9s que con mi familia estuvi\u00e9ramos &#8220;menos 10&#8221;. Pero bueno, con el bar luego con la bailable recaudamos mucha plata, y eso que en la bailable a muchos amigos y chicas, no les cobraba entrada! El local no era grande pero se llenaba de gente. En la barra atend\u00eda yo junto a mi gran amigo Alex Lagouarde que lamentablemente se nos fue, y de los n\u00fameros, el dinero, se encargaban tres tipazos como Coco Curone, Jorge Burgos y Jorge Cedro. Y te cuento, mi mujer me ped\u00eda una casa para irnos a vivir, ya que tambi\u00e9n est\u00e1bamos en la misma propiedad donde funcionaban el boliche y la bailable, ya hab\u00edan nacido mis hijos Jos\u00e9 y Florencia y por la m\u00fasica, dorm\u00edan a los saltos, en el aire!. Fue as\u00ed que vend\u00ed a Chiappe, un vecino que vend\u00eda coches usados para la concesionaria Ford de Juan Costantini mis autos, un Ford Fairlane, un Fiat 1600 cup\u00e9 y un Fiat 128. Y al poco tiempo me d\u00ed cuenta la plata que estaba ganando.<\/em><\/p>\n<p><strong>-\u00bfC\u00f3mo fue?<\/strong><br \/>\n<em>-Lleg\u00f3 el 14 de Septiembre, el d\u00eda de los Festejos Patronales tradicionales. cayeron un d\u00eda lunes. Yo para el viernes contrat\u00e9 para el boliche nada menos que a Oscar Alem\u00e1n, un<\/em> <em>genio con la guitarra y para el domingo a un grupo musical de chicas, &#8220;Las Rebeldes&#8221;!!!, las trajo un t\u00edo m\u00edo, Armando Lareu que se dedicaba a contratar artistas, fallecido m\u00e1s adelante en Europa adonde hab\u00eda viajado para hacer turismo. Las Rebeldes con sus minifaldas cobraban por decirte una cifra, 1000 pesos, y Armando las consigui\u00f3 por 100 pesos, un capo!. Esa noche se dio el r\u00e9cord de entradas vendidas y a gente que en casos no estaba, no pod\u00eda estar porque no hubo lugar,jaja!. La cosa volviendo al tema de la plata, es que con la entrega de los tres autos de d\u00edas antes, compr\u00e9 una casa para mi familia, donde viven hoy Any Lista, su esposo Maisonobe y la familia; le pagu\u00e9 una parte en efectivo y financiamos otra y me qued\u00e9 seco. Para colmo vino el &#8220;rodrigazo&#8221; que muchos no habr\u00e1n olvidado. La cosa fue que al martes siguiente al 14 de Septiembre, ya me hab\u00eda comprado un auto de nuevo con lo recaudado ese fin de semana, un Fiat 128 IAVA impecable, 0km!. Despu\u00e9s cuando pas\u00f3 a ser &#8220;Magoo&#8221;, m\u00e1s dividido de La Fusta, hubo que invertir plata. El gerente del Banco Provincia de Capilla era Alessandro, un tipazo y por si le faltara algo, hincha de Boca como yo!. Ibamos a la cancha con el y Carlitos Canitano y una vez le coment\u00e9 que quer\u00eda sacar un cr\u00e9dito, a lo que el me contest\u00f3: te doy dos cr\u00e9ditos personales los que fu\u00ed pagando por mes, tambi\u00e9n me sirvi\u00f3 para pagar a pap\u00e1 y a mi hermano, la parte de ellos del local de la bailable<\/em>.<\/p>\n<p><strong>-Las noches de entonces, eran muy distintas a las actuales&#8230;<\/strong><br \/>\n&#8211;<em>Ni hablar, si bien la gran mayor\u00eda eran espl\u00e9ndidas, tambi\u00e9n hubo otras feas, por ah\u00ed en algunas &#8220;boxeaban&#8221; mis amigos Coqui V\u00e1zquez y Batata Davio, je!. La gente hac\u00eda cola para entrar al boliche, una cosa de locos!. S\u00ed\u00ed, si comparamos con la actualidad en la Argentina, aquellas eran noches muy livianitas.<\/em><\/p>\n<p><strong>-Cu\u00e1ntos romances habr\u00e1n nacido en La Fusta y en Magoo de entonces,, sin dudas dos sitios que quedaron en la historia capillens, fue algo as\u00ed como un antes y un despu\u00e9s.<\/strong><br \/>\n&#8211;<em>Uhh!, ni hablar!, fue maravilloso. Todav\u00eda hoy en d\u00eda algunos que conocieron ah\u00ed a su novia y despu\u00e9s se casaron cuando suelen verme me gritan: &#8220;\u00a1Magoo, hijo de p&#8230;.!&#8221;, ja!. Con Alex en m\u00e1s de una noche mientras atend\u00edamos, jugabamos a ver que pareja se besasba m\u00e1s!, y como yo que tambi\u00e9n manejaba la m\u00fasica, sol\u00eda poner los temas lentos, Sandro!, para que &#8220;chaparan&#8221; un poco. Es que era el \u00fanico lugar para &#8220;chapar&#8221;, sino ten\u00edas que ir a la plaza!. S\u00ed\u00ed, a mi siempre me encant\u00f3 la noche, fijate, en m\u00e1s de una ocasi\u00f3n me escapaba de Magoo y me iba a Kaskotte, el otro boliche, el del Negro Urquiza. A mi me conoc\u00edan en varias ciudades, y no era como Alberto ni como Magoo, yo era &#8220;el due\u00f1o de La Fusta&#8221;. La verdad disfrut\u00e9 mucho aquello que desde ya, marc\u00f3 mi vida<\/em>.<\/p>\n<p><strong>-Alberto viv\u00eds en Cardales desde hace mucho, \u00bfque diferencias has venido notando entre Capilla y Cardales?<\/strong><br \/>\n&#8211;<em>Mir\u00e1, tengo 73 a\u00f1os y una mitad los he vivido en Capilla y la otra en Cardales. Las diferencias son abismales para m\u00ed en lo personal y como vecino. En Capilla me siento querido, en Cardales me siento un vecino m\u00e1s al que m\u00e1s de una vez me han largado esa de &#8220;capillero&#8221;.<\/em><\/p>\n<p>&#8211;<strong>\u00bfPodr\u00eda convertirse Cardales en otro partido, separado de Exaltaci\u00f3n de la Cruz?<\/strong><br \/>\n-Mmm, no lo s\u00e9 realmente, pero podr\u00eda darse a lo mejor. El vecino de Cardales es de reclamar m\u00e1s, muestra que est\u00e1 disconforme si le pasa eso, crece el pueblo con el reclamo permanente, servicios, el hospital que ahora empez\u00f3 a construirse, los impuestos. Y sin embargo, de Cardales sali\u00f3 el mejor intendente de la historia de Exaltaci\u00f3n de la Cruz, Ricardo Bozzani.<\/p>\n<p><strong>-Se podr\u00e1 coincidir o no, pero es cierto, es de Cardales.<\/strong><br \/>\n<em>-Me acuerdo que antes que Ricardo comenzara en pol\u00edtica, una vez el querido Pedro Colombini junto a Eduardo Pereyra que luego fue secretario municipal, vino y me dijo Pedro que ten\u00eda planeado llevar en su lista que el encabezaba en el 83, a un primer candidato a concejal que fuera de Cardales, por entonces yo ya viv\u00eda y trabajaba en Cardales. Ah!, una cosa, soy el \u00fanico fundador vivo del partido Defensa Comunal!. Y surgieron los nombres de Roberto Rodr\u00edguez, un gran productor de seguros y el de Bozzani. Roberto ante la posibilidad dijo que no pod\u00eda por sus ocupaciones personales. Ricardo que lo iba a pensar, acordate el estaba cercano al desarrollismo de Frigerio. No lo conoc\u00eda nadie y si bien fue candidato y sali\u00f3 electo, perdi\u00f3 porque en esos a\u00f1os Alfons\u00edn arras\u00f3 con todo. Ricardo para unos era el novio de la hija de Rosati el almacenero, una vez en una cena entre primos, cuando coment\u00e9 me tiraron &#8220;\u00bfquien es Bozzani?<\/em><\/p>\n<p>&#8211;<strong>Te parece que Cardales podr\u00eda separarse considerando que sos un vecino que conoc\u00e9s mucho como sienten en cada lugar&#8230;<\/strong><br \/>\n&#8211;<em>No creo pero bueno, no puedo asegurarlo. Habr\u00eda que tener muy en cuenta m\u00e1s all\u00e1 que algunos de Cardales pudieran pensarlo, como se solventar\u00edan, como se manejar\u00eda la cosa municipal. Unos pueden tenerlo in mente y hasta desearlo, pensar\u00e1n capaz, ya tenemos un banco, estaciones de servicio, trenes, servicios, colectivos, entonces podr\u00edan pensar en &#8220;independizarse&#8221;, como diciendo bueno, ya crecimos, me quiero ir a vivir a otra &#8220;casa&#8221;, pero no lo veo f\u00e1cil.<\/em><\/p>\n<p><strong>Alberto Lareu,<\/strong> entre Capilla y Cardales late su coraz\u00f3n. El del inventor de la noche capillense.<\/p>\n","protected":false},"excerpt":{"rendered":"<p>UN LUGAR INCONFUNDIBLE.<\/p>\n","protected":false},"author":4,"featured_media":12007,"comment_status":"open","ping_status":"open","sticky":false,"template":"","format":"standard","meta":{"footnotes":"","jetpack_publicize_message":"","jetpack_publicize_feature_enabled":true,"jetpack_social_post_already_shared":false,"jetpack_social_options":{"image_generator_settings":{"template":"highway","default_image_id":0,"font":"","enabled":false},"version":2}},"categories":[13],"tags":[1529,1530,1531],"class_list":["post-12002","post","type-post","status-publish","format-standard","has-post-thumbnail","hentry","category-interes-general","tag-alberto-lareu","tag-fusta","tag-magoo"],"jetpack_publicize_connections":[],"jetpack_featured_media_url":"https:\/\/revistaepocadigital.com.ar\/wp-content\/uploads\/2021\/08\/lareu-1.jpg","jetpack_likes_enabled":true,"_links":{"self":[{"href":"https:\/\/revistaepocadigital.com.ar\/index.php?rest_route=\/wp\/v2\/posts\/12002","targetHints":{"allow":["GET"]}}],"collection":[{"href":"https:\/\/revistaepocadigital.com.ar\/index.php?rest_route=\/wp\/v2\/posts"}],"about":[{"href":"https:\/\/revistaepocadigital.com.ar\/index.php?rest_route=\/wp\/v2\/types\/post"}],"author":[{"embeddable":true,"href":"https:\/\/revistaepocadigital.com.ar\/index.php?rest_route=\/wp\/v2\/users\/4"}],"replies":[{"embeddable":true,"href":"https:\/\/revistaepocadigital.com.ar\/index.php?rest_route=%2Fwp%2Fv2%2Fcomments&post=12002"}],"version-history":[{"count":0,"href":"https:\/\/revistaepocadigital.com.ar\/index.php?rest_route=\/wp\/v2\/posts\/12002\/revisions"}],"wp:featuredmedia":[{"embeddable":true,"href":"https:\/\/revistaepocadigital.com.ar\/index.php?rest_route=\/wp\/v2\/media\/12007"}],"wp:attachment":[{"href":"https:\/\/revistaepocadigital.com.ar\/index.php?rest_route=%2Fwp%2Fv2%2Fmedia&parent=12002"}],"wp:term":[{"taxonomy":"category","embeddable":true,"href":"https:\/\/revistaepocadigital.com.ar\/index.php?rest_route=%2Fwp%2Fv2%2Fcategories&post=12002"},{"taxonomy":"post_tag","embeddable":true,"href":"https:\/\/revistaepocadigital.com.ar\/index.php?rest_route=%2Fwp%2Fv2%2Ftags&post=12002"}],"curies":[{"name":"wp","href":"https:\/\/api.w.org\/{rel}","templated":true}]}}