{"id":12018,"date":"2021-08-17T22:57:29","date_gmt":"2021-08-18T01:57:29","guid":{"rendered":"https:\/\/revistaepocadigital.com.ar\/?p=12018"},"modified":"2021-08-17T22:57:29","modified_gmt":"2021-08-18T01:57:29","slug":"con-ustedes-la-plazoleta-mas-la-nueva-entrada","status":"publish","type":"post","link":"https:\/\/revistaepocadigital.com.ar\/?p=12018","title":{"rendered":"CON USTEDES, LA PLAZOLETA M\u00c1S LA NUEVA ENTRADA"},"content":{"rendered":"<div class=\"\" dir=\"auto\">\n<div id=\"jsc_c_33r\" class=\"ecm0bbzt hv4rvrfc ihqw7lf3 dati1w0a\" data-ad-comet-preview=\"message\" data-ad-preview=\"message\">\n<div class=\"j83agx80 cbu4d94t ew0dbk1b irj2b8pg\">\n<div class=\"qzhwtbm6 knvmm38d\">\n<div class=\"kvgmc6g5 cxmmr5t8 oygrvhab hcukyx3x c1et5uql ii04i59q\">\n<div dir=\"auto\"><strong><strong>INAUGURACI\u00d3N FORMAL.<\/strong><\/strong><\/p>\n<div class=\"\" dir=\"auto\">\n<div id=\"jsc_c_33r\" class=\"ecm0bbzt hv4rvrfc ihqw7lf3 dati1w0a\" data-ad-comet-preview=\"message\" data-ad-preview=\"message\">\n<div class=\"j83agx80 cbu4d94t ew0dbk1b irj2b8pg\">\n<div class=\"qzhwtbm6 knvmm38d\">\n<div class=\"o9v6fnle cxmmr5t8 oygrvhab hcukyx3x c1et5uql ii04i59q\">\n<div dir=\"auto\"><\/div>\n<\/div>\n<\/div>\n<\/div>\n<\/div>\n<\/div>\n<p><!--more--><\/p>\n<\/div>\n<div dir=\"auto\"><\/div>\n<div dir=\"auto\">El intendente Diego Nanni dej\u00f3 inaugurado (17\/8) el nuevo ingreso a Parada Robles y la plazoleta \u201c22 de Octubre\u201d, ubicada tambi\u00e9n en el acceso a la localidad. Fue durante un breve acto que cont\u00f3 con la presencia de autoridades, vecinos, y representantes de entidades intermedias.<\/div>\n<div dir=\"auto\"><\/div>\n<\/div>\n<\/div>\n<div dir=\"auto\"><img loading=\"lazy\" decoding=\"async\" class=\"aligncenter size-full wp-image-12020\" src=\"https:\/\/revistaepocadigital.com.ar\/wp-content\/uploads\/2021\/08\/robl-1.jpg\" alt=\"\" width=\"1280\" height=\"853\" srcset=\"https:\/\/revistaepocadigital.com.ar\/wp-content\/uploads\/2021\/08\/robl-1.jpg 1280w, https:\/\/revistaepocadigital.com.ar\/wp-content\/uploads\/2021\/08\/robl-1-300x200.jpg 300w, https:\/\/revistaepocadigital.com.ar\/wp-content\/uploads\/2021\/08\/robl-1-1200x800.jpg 1200w, https:\/\/revistaepocadigital.com.ar\/wp-content\/uploads\/2021\/08\/robl-1-768x512.jpg 768w, https:\/\/revistaepocadigital.com.ar\/wp-content\/uploads\/2021\/08\/robl-1-696x464.jpg 696w, https:\/\/revistaepocadigital.com.ar\/wp-content\/uploads\/2021\/08\/robl-1-1068x712.jpg 1068w, https:\/\/revistaepocadigital.com.ar\/wp-content\/uploads\/2021\/08\/robl-1-630x420.jpg 630w, https:\/\/revistaepocadigital.com.ar\/wp-content\/uploads\/2021\/08\/robl-1-1260x840.jpg 1260w\" sizes=\"auto, (max-width: 1280px) 100vw, 1280px\" \/><\/div>\n<div class=\"qzhwtbm6 knvmm38d\">\n<div class=\"o9v6fnle cxmmr5t8 oygrvhab hcukyx3x c1et5uql ii04i59q\">\n<div dir=\"auto\">La obra se inici\u00f3 hace varios meses y signific\u00f3 un cambio de fisonom\u00eda para el ingreso a Robles: Un nuevo boulevard, con iluminaci\u00f3n led, veredas y dos amplios refugios para el transporte urbano, a lo que se suma la plazoleta \u201c22 de Octubre\u201d que evoca la fecha fundacional de Robles, y un anfiteatro al aire libre, en plena construcci\u00f3n.<\/div>\n<div dir=\"auto\"><\/div>\n<\/div>\n<div class=\"o9v6fnle cxmmr5t8 oygrvhab hcukyx3x c1et5uql ii04i59q\">\n<div dir=\"auto\">Para el izamiento de banderas se convoc\u00f3 a Ana Jacobacci, la primera estafetera de Robles y a Lorena Penna, la artista que pint\u00f3 los laterales del acceso a Robles, entre otros. Luego tuvo lugar la bendici\u00f3n, impartida por el p\u00e1rroco Fernando Fusari, y habl\u00f3 la directora de la Escuela Primaria N\u00ba4, Natalia Galiotti.<\/div>\n<div dir=\"auto\"><\/div>\n<\/div>\n<div class=\"o9v6fnle cxmmr5t8 oygrvhab hcukyx3x c1et5uql ii04i59q\">\n<div dir=\"auto\">Al hablar Nanni consider\u00f3 que \u201cla inauguraci\u00f3n de este nuevo ingreso tiene un significado: Es la puerta de entrada al futuro, a todos los cambios que estamos haciendo y que vamos a seguir haciendo, con el apoyo de todos ustedes y de la mano de un varios espacios pol\u00edticos\u201d.<\/div>\n<div dir=\"auto\"><\/div>\n<\/div>\n<div class=\"o9v6fnle cxmmr5t8 oygrvhab hcukyx3x c1et5uql ii04i59q\">\n<div dir=\"auto\">\u201cLa pol\u00edtica es una herramienta -agreg\u00f3- pero el desaf\u00edo es entender al vecino. Por eso nos animamos a seguir haciendo: Ampliamos la sala, construimos un nuevo centro cultural, y ahora llegan 100 cuadras de pavimento y otro tanto de consolidado, para nuestra comunidad y los barrios de Robles, que siguen creciendo\u201d.<\/div>\n<div dir=\"auto\"><\/div>\n<div dir=\"auto\">M\u00e1s tarde en el Centro Cultural, se entregaron reconocimientos a la artista Lorena Pe\u00f1a, a representantes de la Escuela N\u00ba1 en su d\u00e9cimo aniversario; a la Escuela Primaria N\u00ba4 en su aniversario n\u00famero 144, y a Claudio Gim\u00e9nez y Horacio Castel por 25 y 26 a\u00f1os de servicio en el municipio, respectivamente.<\/div>\n<\/div>\n<\/div>\n<\/div>\n<\/div>\n<\/div>\n<p>&nbsp;<\/p>\n<div id=\"jsc_c_33s\" class=\"l9j0dhe7\">\n<div class=\"l9j0dhe7\">\n<div>\n<div>\n<div class=\"l9j0dhe7\">\n<div class=\"l9j0dhe7\">\n<div class=\"ni8dbmo4 stjgntxs pmk7jnqg\"><\/div>\n<\/div>\n<\/div>\n<\/div>\n<\/div>\n<\/div>\n<\/div>\n<div class=\"gtad4xkn\"><\/div>\n","protected":false},"excerpt":{"rendered":"<p>INAUGURACI\u00d3N FORMAL.<\/p>\n","protected":false},"author":4,"featured_media":12021,"comment_status":"open","ping_status":"open","sticky":false,"template":"","format":"standard","meta":{"footnotes":"","jetpack_publicize_message":"","jetpack_publicize_feature_enabled":true,"jetpack_social_post_already_shared":false,"jetpack_social_options":{"image_generator_settings":{"template":"highway","default_image_id":0,"font":"","enabled":false},"version":2}},"categories":[5],"tags":[1533,1532],"class_list":["post-12018","post","type-post","status-publish","format-standard","has-post-thumbnail","hentry","category-aqui-parada-robles","tag-nuevo-ingreso","tag-plazoleta"],"jetpack_publicize_connections":[],"jetpack_featured_media_url":"https:\/\/revistaepocadigital.com.ar\/wp-content\/uploads\/2021\/08\/rob1.jpg","jetpack_likes_enabled":true,"_links":{"self":[{"href":"https:\/\/revistaepocadigital.com.ar\/index.php?rest_route=\/wp\/v2\/posts\/12018","targetHints":{"allow":["GET"]}}],"collection":[{"href":"https:\/\/revistaepocadigital.com.ar\/index.php?rest_route=\/wp\/v2\/posts"}],"about":[{"href":"https:\/\/revistaepocadigital.com.ar\/index.php?rest_route=\/wp\/v2\/types\/post"}],"author":[{"embeddable":true,"href":"https:\/\/revistaepocadigital.com.ar\/index.php?rest_route=\/wp\/v2\/users\/4"}],"replies":[{"embeddable":true,"href":"https:\/\/revistaepocadigital.com.ar\/index.php?rest_route=%2Fwp%2Fv2%2Fcomments&post=12018"}],"version-history":[{"count":0,"href":"https:\/\/revistaepocadigital.com.ar\/index.php?rest_route=\/wp\/v2\/posts\/12018\/revisions"}],"wp:featuredmedia":[{"embeddable":true,"href":"https:\/\/revistaepocadigital.com.ar\/index.php?rest_route=\/wp\/v2\/media\/12021"}],"wp:attachment":[{"href":"https:\/\/revistaepocadigital.com.ar\/index.php?rest_route=%2Fwp%2Fv2%2Fmedia&parent=12018"}],"wp:term":[{"taxonomy":"category","embeddable":true,"href":"https:\/\/revistaepocadigital.com.ar\/index.php?rest_route=%2Fwp%2Fv2%2Fcategories&post=12018"},{"taxonomy":"post_tag","embeddable":true,"href":"https:\/\/revistaepocadigital.com.ar\/index.php?rest_route=%2Fwp%2Fv2%2Ftags&post=12018"}],"curies":[{"name":"wp","href":"https:\/\/api.w.org\/{rel}","templated":true}]}}