{"id":12026,"date":"2021-08-18T17:07:01","date_gmt":"2021-08-18T20:07:01","guid":{"rendered":"https:\/\/revistaepocadigital.com.ar\/?p=12026"},"modified":"2021-08-18T17:09:13","modified_gmt":"2021-08-18T20:09:13","slug":"bares-abiertos-hasta-las-3-de-la-manana-y-vuelven-los-eventos-masivos","status":"publish","type":"post","link":"https:\/\/revistaepocadigital.com.ar\/?p=12026","title":{"rendered":"Bares abiertos hasta las 3 de la ma\u00f1ana y vuelven los eventos masivos"},"content":{"rendered":"<p><strong>LO ANUNCI\u00d3 EL GOBIERNO DE LA PROVINCIA DE BUENOS AIRES.<\/strong><!--more--><\/p>\n<p>As\u00ed lo comunic\u00f3 el jefe de Gabinete distrital, Carlos Bianco; y al d\u00eda siguiente presentafban un protocolo para eventos de hasta mil personas en lugares cerrados y abiertos, seg\u00fan lo informado por\u00a0 la agencia Telam.<\/p>\n<p>Desde el mi\u00e9rcoles (18\/8), los bares pod\u00edan permanecer abiertos hasta las 3 de la ma\u00f1ana en la provincia de Buenos Aires, a partir del mejoramiento de la situaci\u00f3n epidemiol\u00f3gica. .<\/p>\n<p>\u201cQueremos establecer por la consulta y el pedido de muchos intendentes, fundamentalmente del interior, un horario de cierre obligatorio de las actividades de nocturnidad a las 3 de la ma\u00f1ana\u201d, comunic\u00f3 el funcionario y agreg\u00f3: \u201cLo estamos estableciendo desde el 18 de agosto,y es b\u00e1sicamente para los bares, porque los restaurantes ya no est\u00e1n funcionando a esa hora\u201d.<\/p>\n<p><img loading=\"lazy\" decoding=\"async\" class=\"aligncenter size-full wp-image-12028\" src=\"https:\/\/revistaepocadigital.com.ar\/wp-content\/uploads\/2021\/08\/trevo.jpg\" alt=\"\" width=\"998\" height=\"600\" srcset=\"https:\/\/revistaepocadigital.com.ar\/wp-content\/uploads\/2021\/08\/trevo.jpg 998w, https:\/\/revistaepocadigital.com.ar\/wp-content\/uploads\/2021\/08\/trevo-300x180.jpg 300w, https:\/\/revistaepocadigital.com.ar\/wp-content\/uploads\/2021\/08\/trevo-768x462.jpg 768w, https:\/\/revistaepocadigital.com.ar\/wp-content\/uploads\/2021\/08\/trevo-696x418.jpg 696w, https:\/\/revistaepocadigital.com.ar\/wp-content\/uploads\/2021\/08\/trevo-699x420.jpg 699w\" sizes=\"auto, (max-width: 998px) 100vw, 998px\" \/><\/p>\n<h6><em>Restaurante Trevi en Capilla y Cardales<\/em><\/h6>\n<p>&nbsp;<\/p>\n<p>A pesar de la limitaci\u00f3n horaria, a\u00f1adi\u00f3 que estar\u00e1 vigente la posibilidad de que alg\u00fan distrito o intendente en particular, requiera una extensi\u00f3n m\u00e1s all\u00e1 de la misma. \u201cEn ese caso, lo va a tener que solicitar a la provincia de Buenos Aires y presentar un protocolo explicando c\u00f3mo va a fiscalizar despu\u00e9s de las 3 de la ma\u00f1ana las actividades y nosotros eventualmente lo analizaremos con expertos y funcionarios\u201d, se\u00f1al\u00f3.<\/p>\n<p>Por otra parte, adelant\u00f3 que se publicaba una resoluci\u00f3n que reglamentar\u00e1 el modo en el que podr\u00e1n llevarse a cabo eventos de hasta 1000 personas, tanto al aire libre como en espacios cerrados. \u201cMuy simple y lo que va a establecer es que se pueden realizar eventos sociales, culturales, art\u00edsticos, etc., cumpliendo con un aforo del 70% de la capacidad habilitada para esos espacios\u201d, detall\u00f3 a Telam.<\/p>\n<p><img loading=\"lazy\" decoding=\"async\" class=\"aligncenter size-full wp-image-12029\" src=\"https:\/\/revistaepocadigital.com.ar\/wp-content\/uploads\/2021\/08\/moras.jpg\" alt=\"\" width=\"300\" height=\"168\" \/><\/p>\n<h6 style=\"text-align: center;\"><em>Las Moras muy cerca de Capilla del Se\u00f1or<\/em><\/h6>\n<p>&nbsp;<\/p>\n<p>En esa l\u00ednea, dijo que se presentaba un protocolo sanitario anexo donde se especificar\u00e1n todas las condiciones y cuidados a cumplir durante los eventos. \u201cAl ingreso hay que controlar los s\u00edntomas y la temperatura; se deber\u00e1 delimitar el espacio habilitado; ser\u00e1 obligatorio el uso de barbijo y el distanciamiento; y se pedir\u00e1 ventilaci\u00f3n cruzada en caso de espacios cerrados\u201d, repas\u00f3 Bianco, que recomend\u00f3 que todas las personas que asistan se encuentren vacunadas. Tambi\u00e9n remarc\u00f3 que la mencionada resoluci\u00f3n no aplica para eventos deportivos.<\/p>\n<p>Por \u00faltimo, Bianco record\u00f3 que, m\u00e1s all\u00e1 de las mencionadas aperturas, contin\u00faan prohibidos los viajes grupales; las reuniones sociales en domicilios particulares de m\u00e1s de 10 personas en espacios internos y m\u00e1s de 20 en espacios externos; y las actividades en discotecas, salones de fiestas y similares.<\/p>\n<p>&nbsp;<\/p>\n","protected":false},"excerpt":{"rendered":"<p>LO ANUNCI\u00d3 EL GOBIERNO DE LA PROVINCIA DE BUENOS AIRES.<\/p>\n","protected":false},"author":3,"featured_media":12031,"comment_status":"open","ping_status":"open","sticky":false,"template":"","format":"standard","meta":{"footnotes":"","jetpack_publicize_message":"","jetpack_publicize_feature_enabled":true,"jetpack_social_post_already_shared":false,"jetpack_social_options":{"image_generator_settings":{"template":"highway","default_image_id":0,"font":"","enabled":false},"version":2}},"categories":[17],"tags":[1416,1156],"class_list":["post-12026","post","type-post","status-publish","format-standard","has-post-thumbnail","hentry","category-politica","tag-provincia","tag-restricciones"],"jetpack_publicize_connections":[],"jetpack_featured_media_url":"https:\/\/revistaepocadigital.com.ar\/wp-content\/uploads\/2021\/08\/mirador.jpg","jetpack_likes_enabled":true,"_links":{"self":[{"href":"https:\/\/revistaepocadigital.com.ar\/index.php?rest_route=\/wp\/v2\/posts\/12026","targetHints":{"allow":["GET"]}}],"collection":[{"href":"https:\/\/revistaepocadigital.com.ar\/index.php?rest_route=\/wp\/v2\/posts"}],"about":[{"href":"https:\/\/revistaepocadigital.com.ar\/index.php?rest_route=\/wp\/v2\/types\/post"}],"author":[{"embeddable":true,"href":"https:\/\/revistaepocadigital.com.ar\/index.php?rest_route=\/wp\/v2\/users\/3"}],"replies":[{"embeddable":true,"href":"https:\/\/revistaepocadigital.com.ar\/index.php?rest_route=%2Fwp%2Fv2%2Fcomments&post=12026"}],"version-history":[{"count":0,"href":"https:\/\/revistaepocadigital.com.ar\/index.php?rest_route=\/wp\/v2\/posts\/12026\/revisions"}],"wp:featuredmedia":[{"embeddable":true,"href":"https:\/\/revistaepocadigital.com.ar\/index.php?rest_route=\/wp\/v2\/media\/12031"}],"wp:attachment":[{"href":"https:\/\/revistaepocadigital.com.ar\/index.php?rest_route=%2Fwp%2Fv2%2Fmedia&parent=12026"}],"wp:term":[{"taxonomy":"category","embeddable":true,"href":"https:\/\/revistaepocadigital.com.ar\/index.php?rest_route=%2Fwp%2Fv2%2Fcategories&post=12026"},{"taxonomy":"post_tag","embeddable":true,"href":"https:\/\/revistaepocadigital.com.ar\/index.php?rest_route=%2Fwp%2Fv2%2Ftags&post=12026"}],"curies":[{"name":"wp","href":"https:\/\/api.w.org\/{rel}","templated":true}]}}