{"id":12032,"date":"2021-08-18T22:10:47","date_gmt":"2021-08-19T01:10:47","guid":{"rendered":"https:\/\/revistaepocadigital.com.ar\/?p=12032"},"modified":"2021-08-26T23:05:18","modified_gmt":"2021-08-27T02:05:18","slug":"el-sindicato-empleados-de-comercio-va-con-otro-sorteo-hoy","status":"publish","type":"post","link":"https:\/\/revistaepocadigital.com.ar\/?p=12032","title":{"rendered":"La ganadora del sorteo en el Sindicato Empleados de Comercio"},"content":{"rendered":"<p><strong>UNA BUENA COSTUMBRE.<\/strong><!--more--><\/p>\n<p>En forma gratuita para todos los afiliados, entre los que se encuentran tambi\u00e9n de Exaltaci\u00f3n de la Cruz. El sorteo el jueves 19\/8.<\/p>\n<p>La ganadora del sorteo fue <strong>Brenda Spadavecchia.<\/strong><\/p>\n<p>&nbsp;<\/p>\n<p><img loading=\"lazy\" decoding=\"async\" class=\"aligncenter size-full wp-image-12034\" src=\"https:\/\/revistaepocadigital.com.ar\/wp-content\/uploads\/2021\/08\/emp.jpg\" alt=\"\" width=\"739\" height=\"1024\" srcset=\"https:\/\/revistaepocadigital.com.ar\/wp-content\/uploads\/2021\/08\/emp.jpg 739w, https:\/\/revistaepocadigital.com.ar\/wp-content\/uploads\/2021\/08\/emp-217x300.jpg 217w, https:\/\/revistaepocadigital.com.ar\/wp-content\/uploads\/2021\/08\/emp-696x964.jpg 696w, https:\/\/revistaepocadigital.com.ar\/wp-content\/uploads\/2021\/08\/emp-303x420.jpg 303w, https:\/\/revistaepocadigital.com.ar\/wp-content\/uploads\/2021\/08\/emp-606x840.jpg 606w\" sizes=\"auto, (max-width: 739px) 100vw, 739px\" \/><\/p>\n<p>&nbsp;<\/p>\n<p><strong>A los premios se sum\u00f3 una orden de compra de 1500 pesos en la Verduler\u00eda La Huerta de Z\u00e1rate.<\/strong><\/p>\n","protected":false},"excerpt":{"rendered":"<p>UNA BUENA COSTUMBRE.<\/p>\n","protected":false},"author":3,"featured_media":12040,"comment_status":"open","ping_status":"open","sticky":false,"template":"","format":"standard","meta":{"footnotes":"","jetpack_publicize_message":"","jetpack_publicize_feature_enabled":true,"jetpack_social_post_already_shared":false,"jetpack_social_options":{"image_generator_settings":{"template":"highway","default_image_id":0,"font":"","enabled":false},"version":2}},"categories":[151,11],"tags":[204,723],"class_list":["post-12032","post","type-post","status-publish","format-standard","has-post-thumbnail","hentry","category-empleados-de-comercio","category-entidades","tag-empleados-de-comercio","tag-sorteo"],"jetpack_publicize_connections":[],"jetpack_featured_media_url":"https:\/\/revistaepocadigital.com.ar\/wp-content\/uploads\/2021\/08\/emp-2.jpg","jetpack_likes_enabled":true,"_links":{"self":[{"href":"https:\/\/revistaepocadigital.com.ar\/index.php?rest_route=\/wp\/v2\/posts\/12032","targetHints":{"allow":["GET"]}}],"collection":[{"href":"https:\/\/revistaepocadigital.com.ar\/index.php?rest_route=\/wp\/v2\/posts"}],"about":[{"href":"https:\/\/revistaepocadigital.com.ar\/index.php?rest_route=\/wp\/v2\/types\/post"}],"author":[{"embeddable":true,"href":"https:\/\/revistaepocadigital.com.ar\/index.php?rest_route=\/wp\/v2\/users\/3"}],"replies":[{"embeddable":true,"href":"https:\/\/revistaepocadigital.com.ar\/index.php?rest_route=%2Fwp%2Fv2%2Fcomments&post=12032"}],"version-history":[{"count":0,"href":"https:\/\/revistaepocadigital.com.ar\/index.php?rest_route=\/wp\/v2\/posts\/12032\/revisions"}],"wp:featuredmedia":[{"embeddable":true,"href":"https:\/\/revistaepocadigital.com.ar\/index.php?rest_route=\/wp\/v2\/media\/12040"}],"wp:attachment":[{"href":"https:\/\/revistaepocadigital.com.ar\/index.php?rest_route=%2Fwp%2Fv2%2Fmedia&parent=12032"}],"wp:term":[{"taxonomy":"category","embeddable":true,"href":"https:\/\/revistaepocadigital.com.ar\/index.php?rest_route=%2Fwp%2Fv2%2Fcategories&post=12032"},{"taxonomy":"post_tag","embeddable":true,"href":"https:\/\/revistaepocadigital.com.ar\/index.php?rest_route=%2Fwp%2Fv2%2Ftags&post=12032"}],"curies":[{"name":"wp","href":"https:\/\/api.w.org\/{rel}","templated":true}]}}