{"id":12089,"date":"2021-08-21T00:55:41","date_gmt":"2021-08-21T03:55:41","guid":{"rendered":"https:\/\/revistaepocadigital.com.ar\/?p=12089"},"modified":"2021-08-21T00:55:41","modified_gmt":"2021-08-21T03:55:41","slug":"san-jose-de-tala-obras-de-cordon-cuneta","status":"publish","type":"post","link":"https:\/\/revistaepocadigital.com.ar\/?p=12089","title":{"rendered":"SAN JOS\u00c9 DE TALA: OBRAS DE CORD\u00d3N CUNETA"},"content":{"rendered":"<div class=\"kvgmc6g5 cxmmr5t8 oygrvhab hcukyx3x c1et5uql ii04i59q\">\n<div dir=\"auto\"><strong>SE TRABAJA.<\/strong><\/div>\n<\/div>\n<p><!--more--><\/p>\n<div class=\"o9v6fnle cxmmr5t8 oygrvhab hcukyx3x c1et5uql ii04i59q\">\n<div dir=\"auto\">El municipio avanza en las obras de cord\u00f3n cuneta para el barrio San Jos\u00e9 de Tala de Los Cardales. Puntualmente esta semana se hizo foco sobre la calle Torres, donde se construir\u00e1n 400 metros, lo que permitir\u00e1 luego mejorar el estado de las calles y el escurrimiento del agua de lluvia.<\/div>\n<\/div>\n<div dir=\"auto\"><\/div>\n<div class=\"o9v6fnle cxmmr5t8 oygrvhab hcukyx3x c1et5uql ii04i59q\">\n<div dir=\"auto\">Mientras eso se produce, otro grupo de trabajadores del municipio se anticipa en el desmalezado de los laterales de las arterias, de tal forma de abrir paso a la cuadrilla que arma los moldes de cordones, y las bases para las cunetas. Finalmente, con el volcado de concreto, la obra queda consolidada.<\/div>\n<\/div>\n<div class=\"o9v6fnle cxmmr5t8 oygrvhab hcukyx3x c1et5uql ii04i59q\">\n<div dir=\"auto\">El objetivo, siempre que el clima lo permita, es seguir avanzando en ese sector, en el marco de un programa de mejoras para los barrios, que incluye mejorado en las calles, iluminaci\u00f3n y obras hidr\u00e1ulicas complementarias, en algunos casos<\/div>\n<\/div>\n","protected":false},"excerpt":{"rendered":"<p>SE TRABAJA.<\/p>\n","protected":false},"author":3,"featured_media":0,"comment_status":"open","ping_status":"open","sticky":false,"template":"","format":"standard","meta":{"footnotes":"","jetpack_publicize_message":"","jetpack_publicize_feature_enabled":true,"jetpack_social_post_already_shared":false,"jetpack_social_options":{"image_generator_settings":{"template":"highway","default_image_id":0,"font":"","enabled":false},"version":2}},"categories":[4],"tags":[423],"class_list":["post-12089","post","type-post","status-publish","format-standard","hentry","category-aqui-los-cardales","tag-cardales"],"jetpack_publicize_connections":[],"jetpack_featured_media_url":"","jetpack_likes_enabled":true,"_links":{"self":[{"href":"https:\/\/revistaepocadigital.com.ar\/index.php?rest_route=\/wp\/v2\/posts\/12089","targetHints":{"allow":["GET"]}}],"collection":[{"href":"https:\/\/revistaepocadigital.com.ar\/index.php?rest_route=\/wp\/v2\/posts"}],"about":[{"href":"https:\/\/revistaepocadigital.com.ar\/index.php?rest_route=\/wp\/v2\/types\/post"}],"author":[{"embeddable":true,"href":"https:\/\/revistaepocadigital.com.ar\/index.php?rest_route=\/wp\/v2\/users\/3"}],"replies":[{"embeddable":true,"href":"https:\/\/revistaepocadigital.com.ar\/index.php?rest_route=%2Fwp%2Fv2%2Fcomments&post=12089"}],"version-history":[{"count":0,"href":"https:\/\/revistaepocadigital.com.ar\/index.php?rest_route=\/wp\/v2\/posts\/12089\/revisions"}],"wp:attachment":[{"href":"https:\/\/revistaepocadigital.com.ar\/index.php?rest_route=%2Fwp%2Fv2%2Fmedia&parent=12089"}],"wp:term":[{"taxonomy":"category","embeddable":true,"href":"https:\/\/revistaepocadigital.com.ar\/index.php?rest_route=%2Fwp%2Fv2%2Fcategories&post=12089"},{"taxonomy":"post_tag","embeddable":true,"href":"https:\/\/revistaepocadigital.com.ar\/index.php?rest_route=%2Fwp%2Fv2%2Ftags&post=12089"}],"curies":[{"name":"wp","href":"https:\/\/api.w.org\/{rel}","templated":true}]}}