{"id":12143,"date":"2021-08-25T01:32:04","date_gmt":"2021-08-25T04:32:04","guid":{"rendered":"https:\/\/revistaepocadigital.com.ar\/?p=12143"},"modified":"2021-08-25T01:32:04","modified_gmt":"2021-08-25T04:32:04","slug":"inseguridad-siempre-preocupante-robo-en-una-vivienda-de-cardales","status":"publish","type":"post","link":"https:\/\/revistaepocadigital.com.ar\/?p=12143","title":{"rendered":"INSEGURIDAD SIEMPRE PREOCUPANTE. ROBO EN UNA VIVIENDA DE CARDALES"},"content":{"rendered":"<div dir=\"auto\"><strong>EL FLAGELO QUE AZOTA AL PA\u00cdS.<\/strong><\/div>\n<p><!--more--><\/p>\n<div dir=\"auto\"><\/div>\n<div dir=\"auto\">Durante las primeras horas (24\/8), se produjo el robo en la vivienda de un conocido comerciante de Los Cardales. Una muestra m\u00e1s de la situaci\u00f3n que padecen millones de argentinos, mientras que desde el arco pol\u00edtico, legislativo y judicial, no acusen recibo de la angustia y necesidad de medidas que sufre la poblaci\u00f3n.<\/div>\n<div dir=\"auto\"><\/div>\n<div dir=\"auto\">Foto gentileza E. Marchese.<\/div>\n","protected":false},"excerpt":{"rendered":"<p>EL FLAGELO QUE AZOTA AL PA\u00cdS.<\/p>\n","protected":false},"author":3,"featured_media":12145,"comment_status":"open","ping_status":"open","sticky":false,"template":"","format":"standard","meta":{"footnotes":"","jetpack_publicize_message":"","jetpack_publicize_feature_enabled":true,"jetpack_social_post_already_shared":false,"jetpack_social_options":{"image_generator_settings":{"template":"highway","default_image_id":0,"font":"","enabled":false},"version":2}},"categories":[4],"tags":[1541],"class_list":["post-12143","post","type-post","status-publish","format-standard","has-post-thumbnail","hentry","category-aqui-los-cardales","tag-robo-vivivenda"],"jetpack_publicize_connections":[],"jetpack_featured_media_url":"https:\/\/revistaepocadigital.com.ar\/wp-content\/uploads\/2021\/08\/239328316_4813981205297455_316184100931793360_n.jpg","jetpack_likes_enabled":true,"_links":{"self":[{"href":"https:\/\/revistaepocadigital.com.ar\/index.php?rest_route=\/wp\/v2\/posts\/12143","targetHints":{"allow":["GET"]}}],"collection":[{"href":"https:\/\/revistaepocadigital.com.ar\/index.php?rest_route=\/wp\/v2\/posts"}],"about":[{"href":"https:\/\/revistaepocadigital.com.ar\/index.php?rest_route=\/wp\/v2\/types\/post"}],"author":[{"embeddable":true,"href":"https:\/\/revistaepocadigital.com.ar\/index.php?rest_route=\/wp\/v2\/users\/3"}],"replies":[{"embeddable":true,"href":"https:\/\/revistaepocadigital.com.ar\/index.php?rest_route=%2Fwp%2Fv2%2Fcomments&post=12143"}],"version-history":[{"count":0,"href":"https:\/\/revistaepocadigital.com.ar\/index.php?rest_route=\/wp\/v2\/posts\/12143\/revisions"}],"wp:featuredmedia":[{"embeddable":true,"href":"https:\/\/revistaepocadigital.com.ar\/index.php?rest_route=\/wp\/v2\/media\/12145"}],"wp:attachment":[{"href":"https:\/\/revistaepocadigital.com.ar\/index.php?rest_route=%2Fwp%2Fv2%2Fmedia&parent=12143"}],"wp:term":[{"taxonomy":"category","embeddable":true,"href":"https:\/\/revistaepocadigital.com.ar\/index.php?rest_route=%2Fwp%2Fv2%2Fcategories&post=12143"},{"taxonomy":"post_tag","embeddable":true,"href":"https:\/\/revistaepocadigital.com.ar\/index.php?rest_route=%2Fwp%2Fv2%2Ftags&post=12143"}],"curies":[{"name":"wp","href":"https:\/\/api.w.org\/{rel}","templated":true}]}}