{"id":12149,"date":"2021-08-25T01:45:54","date_gmt":"2021-08-25T04:45:54","guid":{"rendered":"https:\/\/revistaepocadigital.com.ar\/?p=12149"},"modified":"2021-08-25T01:45:54","modified_gmt":"2021-08-25T04:45:54","slug":"adios-al-legendario-charlie-watts-el-baterista-de-los-rolling-stone","status":"publish","type":"post","link":"https:\/\/revistaepocadigital.com.ar\/?p=12149","title":{"rendered":"Adi\u00f3s al legendario Charlie Watts, el baterista de los Rolling Stone"},"content":{"rendered":"<div class=\"head-content\">\n<p><strong>MURI\u00d3 A LOS 80 A\u00d1OS.<\/strong><\/p>\n<\/div>\n<p><!--more--><\/p>\n<div class=\"main-content-block\">\n<div class=\"main-box clearfix\">\n<div class=\"wrapper-main-section clearfix\">\n<div class=\"wrapper-editable-content\">\n<div class=\"editable-content clearfix\">\n<div class=\"video\">\n<div class=\"fluid-width-video-wrapper\"><iframe src=\"https:\/\/www.youtube.com\/embed\/qnPXh5JGP6Q?wmode=transparent&amp;showinfo=0&amp;autohide=1&amp;rel=0\" name=\"fitvid0\" frameborder=\"0\" allowfullscreen=\"allowfullscreen\" data-mce-fragment=\"1\"><\/iframe><\/div>\n<\/div>\n<div class=\"epigrafe\">El hist\u00f3rico baterista de The Rolling Stones<\/div>\n<div><\/div>\n<p>Amante y cultor del jazz a pesar de ser miembro original de una de las bandas de rock m\u00e1s famosas de la historia, y due\u00f1o de un bajo perfil inusual dentro del ambiente, Charlie Watts escribi\u00f3 un cap\u00edtulo inolvidable y \u00fanico entre las grandes estrellas del mundo del espect\u00e1culo, cuya dimensi\u00f3n real tal vez reci\u00e9n sea valorada en su totalidad a partir de su sorpresiva muerte, ocurrida este martes pasado en Londres.<\/p>\n<div class=\"galleria\">\n<div class=\"galleria-container notouch\">\n<div class=\"galleria-stage\">\n<div class=\"galleria-images\">\n<div class=\"galleria-image\">\n<div class=\"galleria-layer\"><\/div>\n<\/div>\n<\/div>\n<div class=\"galleria-progress\"><\/div>\n<\/div>\n<div class=\"galleria-thumbnails-container\">\n<div class=\"galleria-thumbnails-list\">\n<div class=\"galleria-thumbnails\">\n<div class=\"galleria-image active\"><img loading=\"lazy\" decoding=\"async\" src=\"https:\/\/www.telam.com.ar\/advf\/imagenes\/2021\/08\/61252eef95b78_589x386.jpg\" width=\"870\" height=\"570\" \/><\/div>\n<div class=\"galleria-image\"><img loading=\"lazy\" decoding=\"async\" src=\"https:\/\/www.telam.com.ar\/advf\/imagenes\/2021\/08\/61252eef89491_502x386.jpg\" width=\"870\" height=\"669\" \/><\/div>\n<div class=\"galleria-image\"><img loading=\"lazy\" decoding=\"async\" src=\"https:\/\/www.telam.com.ar\/advf\/imagenes\/2021\/08\/61252eef7e92f_591x386.jpg\" width=\"870\" height=\"568\" \/><\/div>\n<div class=\"galleria-image\"><img loading=\"lazy\" decoding=\"async\" src=\"https:\/\/www.telam.com.ar\/advf\/imagenes\/2021\/08\/61252b5582160_598x386.jpg\" width=\"870\" height=\"562\" \/><\/div>\n<div class=\"galleria-image\"><img loading=\"lazy\" decoding=\"async\" src=\"https:\/\/www.telam.com.ar\/advf\/imagenes\/2021\/08\/61252b54e3eba_579x386.jpg\" width=\"870\" height=\"580\" \/><\/div>\n<div class=\"galleria-image\"><\/div>\n<\/div>\n<\/div>\n<\/div>\n<div class=\"galleria-bar\">\n<div class=\"galleria-fullscreen\"><\/div>\n<div class=\"galleria-s4\"><strong>La noticia la dio a conocer su agente<\/strong>\u00a0a trav\u00e9s de una lac\u00f3nica nota en donde ped\u00eda respeto hacia el dolor de su familia y de los integrantes de The Rolling Stones, la banda en donde desarroll\u00f3 58 a\u00f1os de carrera, sin dar mayores detalles de los motivos, en una actitud que precisamente se condice con la manera en que el baterista se manej\u00f3 a lo largo de su vida.<\/div>\n<\/div>\n<\/div>\n<\/div>\n<div class=\"js-code\">\n<div class=\"twitter-tweet twitter-tweet-rendered\"><iframe id=\"twitter-widget-0\" class=\"\" title=\"Twitter Tweet\" src=\"https:\/\/platform.twitter.com\/embed\/Tweet.html?creatorScreenName=agenciatelam&amp;dnt=false&amp;embedId=twitter-widget-0&amp;features=eyJ0ZndfZXhwZXJpbWVudHNfY29va2llX2V4cGlyYXRpb24iOnsiYnVja2V0IjoxMjA5NjAwLCJ2ZXJzaW9uIjpudWxsfSwidGZ3X2hvcml6b25fdHdlZXRfZW1iZWRfOTU1NSI6eyJidWNrZXQiOiJodGUiLCJ2ZXJzaW9uIjpudWxsfSwidGZ3X3NwYWNlX2NhcmQiOnsiYnVja2V0Ijoib2ZmIiwidmVyc2lvbiI6bnVsbH19&amp;frame=false&amp;hideCard=false&amp;hideThread=false&amp;id=1430209721567416323&amp;lang=en&amp;origin=https%3A%2F%2Fwww.telam.com.ar%2Fnotas%2F202108%2F566142-muerte-charlie-watts-baterista-rolling-stones.html&amp;sessionId=47b32adb7a295d69801a99ec17a7400973c1b247&amp;siteScreenName=agenciatelam&amp;theme=light&amp;widgetsVersion=1890d59c%3A1627936082797&amp;width=550px\" frameborder=\"0\" scrolling=\"no\" allowfullscreen=\"allowfullscreen\" data-tweet-id=\"1430209721567416323\" data-mce-fragment=\"1\"><\/iframe><\/div>\n<\/div>\n<p>Es que el fundamental m\u00fasico supo mantenerse al margen de los esc\u00e1ndalos p\u00fablicos y su andar estuvo lejos del hedonismo que caracteriz\u00f3 al resto de sus compa\u00f1eros de grupo. Acaso, la fidelidad demostrada a la mujer con la que se uni\u00f3 a principios de los \u00b460 sea una de las pruebas m\u00e1s cabales de eso.<\/p>\n<p>Ese transitar por los m\u00e1rgenes no deber\u00eda asombrar tanto si se tiene en cuenta que en realidad la pasi\u00f3n musical y la filosof\u00eda art\u00edstica de Watts estaban ligadas al jazz, m\u00e1s all\u00e1 de que su fama mundial se deb\u00eda a que era parte de una las maquinarias m\u00e1s grandes que dio el rock.<\/p>\n<div class=\"video\">\n<div class=\"fluid-width-video-wrapper\"><iframe src=\"https:\/\/www.youtube.com\/embed\/B-2MenrnR2U?wmode=transparent&amp;showinfo=0&amp;autohide=1&amp;rel=0\" name=\"fitvid1\" frameborder=\"0\" allowfullscreen=\"allowfullscreen\" data-mce-fragment=\"1\"><\/iframe><\/div>\n<\/div>\n<div class=\"epigrafe\">Fool to cry<\/div>\n<p>Es que tanto en sus primeros a\u00f1os de formaci\u00f3n musical, como a partir de los &#8217;80 cuando form\u00f3 su propia agrupaci\u00f3n, el m\u00fasico tuvo a este g\u00e9nero por sobre el rock como su principal fuente de inspiraci\u00f3n, algo que subyace en las interpretaciones encaradas para el combo encabezado por Mick Jagger y Keith Richards.<\/p>\n<p>M\u00e1s all\u00e1 de eso, y a pesar de su casi inadvertida presencia, el baterista se estableci\u00f3 como una figura clave en el engranaje de esa gran maquinaria rockera que es Los Rolling Stones, a partir de un sutil y \u00fanico toque de tambor y una fuerte pero serena personalidad que en muchas ocasiones encauz\u00f3 desmedidos egos dentro de la banda.<\/p>\n<p><strong>Nacido en Londres, Watts desarroll\u00f3 desde muy chico un gusto por el jazz y el rhythm &amp; blues<\/strong>, por lo que sinti\u00f3 que el mundo le sonre\u00eda cuando fue convocado en 1961 por Alexis Korner para ser parte de la Blues Incorporated, uno de los m\u00e1s importantes grupos en el Reino Unido de ese g\u00e9nero.<\/p>\n<div class=\"video\">\n<div class=\"fluid-width-video-wrapper\"><iframe src=\"https:\/\/www.youtube.com\/embed\/SGyOaCXr8Lw?wmode=transparent&amp;showinfo=0&amp;autohide=1&amp;rel=0\" name=\"fitvid2\" frameborder=\"0\" allowfullscreen=\"allowfullscreen\" data-mce-fragment=\"1\"><\/iframe><\/div>\n<\/div>\n<div class=\"epigrafe\">Start me up<\/div>\n<p>Al ver su desempe\u00f1o en ese combo, los j\u00f3venes Jagger, Richards, Brian Jones, Bill Wyman e Ian Stewart entendieron que ese swing en la bater\u00eda era el que necesitaba la banda de blues que estaban formando y fueron por \u00e9l.<\/p>\n<p>Los famosos riffs de Richards y los meneos de caderas de Jagger encontraron su atinado y definitivo ritmo en los particulares tambores de raigambre negra de Watts, los mismos que renovar\u00edan la sonoridad del grupo en 1981 desde la introducci\u00f3n de &#8220;Start Me Up&#8221;.<\/p>\n<p>Con un pasado como estudiante de arte y una familia estable, mientras sus compa\u00f1eros viv\u00edan de manera desenfrenada, m\u00e1s aun en \u00e9pocas de giras, el baterista optaba por mantenerse encerrado dibujando en cuartos de hotel. Mientras todos se codeaban con la crema rockera de la \u00e9poca, \u00e9l prefer\u00eda perderse en clubes de jazz.<\/p>\n<div class=\"video\">\n<div class=\"fluid-width-video-wrapper\"><iframe src=\"https:\/\/www.youtube.com\/embed\/BinwuzZVjnE?wmode=transparent&amp;showinfo=0&amp;autohide=1&amp;rel=0\" name=\"fitvid3\" frameborder=\"0\" allowfullscreen=\"allowfullscreen\" data-mce-fragment=\"1\"><\/iframe><\/div>\n<\/div>\n<div class=\"epigrafe\">Anybody seen my baby<\/div>\n<p>Esto no impidi\u00f3, sin embargo, que cayera en una fuerte adicci\u00f3n a la hero\u00edna y el alcohol a finales de los `70 y gran parte de los `80, pero en su caso fue m\u00e1s producto de demonios internos personales que un condimento a un alocado andar.<\/p>\n<p>Sin embargo, incluso en su peor momento,<strong>\u00a0Watts sigui\u00f3 siendo el \u00fanico capaz de ponerle freno a los egos de Jagger y Richards<\/strong>, tal como lo confirma una famosa an\u00e9cdota con el vocalista en una gira de los `80.<\/p>\n<p>Fue cuando el cantante llam\u00f3 a su habitaci\u00f3n en la madrugada para reclamar que &#8220;su baterista&#8221; deb\u00eda estar a disposici\u00f3n porque quer\u00eda ensayar. Sin inmutarse, Watts se levant\u00f3, se afeit\u00f3, se visti\u00f3 de traje, fue a la habitaci\u00f3n del vocalista y le peg\u00f3 una trompada, para luego aclararle:\u00a0<strong>&#8220;No soy tu baterista. Vos sos mi cantante&#8221;<\/strong>. Dicen que Jagger nunca m\u00e1s lo llam\u00f3 as\u00ed.<\/p>\n<p>Fue por aquellos a\u00f1os en los que el grupo entr\u00f3 en un incierto impasse y en el que Watts finalmente form\u00f3 sus propias bandas de jazz con las que hasta el d\u00eda de hoy despuntaba el vicio.<\/p>\n<div class=\"video\">\n<div class=\"fluid-width-video-wrapper\"><iframe src=\"https:\/\/www.youtube.com\/embed\/fOH6IlZEa-w?wmode=transparent&amp;showinfo=0&amp;autohide=1&amp;rel=0\" name=\"fitvid4\" frameborder=\"0\" allowfullscreen=\"allowfullscreen\" data-mce-fragment=\"1\"><\/iframe><\/div>\n<\/div>\n<div class=\"epigrafe\">The Charlie Watts Quintet<\/div>\n<p>Sin embargo, Watts siempre estuvo firme al pie del ca\u00f1\u00f3n cuando ese monstruo llamado The Rolling Stones volv\u00eda a ponerse en marcha, del mismo modo que la banda supo esperarlo y acompa\u00f1arlo en sus momentos m\u00e1s dif\u00edciles, como cuando enfrent\u00f3 en 2004 un c\u00e1ncer de garganta.<\/p>\n<p>Por eso llam\u00f3 la atenci\u00f3n cuando semanas atr\u00e1s anunci\u00f3 que no iba a ser parte de la gira que el grupo retomar\u00eda en septiembre por Estados Unidos, luego del parate obligado por la pandemia de coronavirus, por problemas de salud.<\/p>\n<p>Es cierto que a lo largo de historia, The Rolling Stones se reinvent\u00f3 tras la temprana muerte de Brian Jones en 1969, supo capear la p\u00e9rdida de un fundador y figura clave en su organizaci\u00f3n como lo era el pianista Ian Stewart en los \u00b480, y pudo reemplazar sin sobresaltos al bajista Bill Wyman cuando se baj\u00f3 del barco. Pero sin Charlie Watts, esta vez s\u00ed que nada ser\u00e1 igual.<\/p>\n<\/div>\n<div><\/div>\n<div class=\"editable-content clearfix\">\n<h4>Nota de Hernani Natale, agencia Telam<\/h4>\n<\/div>\n<\/div>\n<\/div>\n<\/div>\n<\/div>\n","protected":false},"excerpt":{"rendered":"<p>MURI\u00d3 A LOS 80 A\u00d1OS.<\/p>\n","protected":false},"author":3,"featured_media":12150,"comment_status":"open","ping_status":"open","sticky":false,"template":"","format":"standard","meta":{"footnotes":"","jetpack_publicize_message":"","jetpack_publicize_feature_enabled":true,"jetpack_social_post_already_shared":false,"jetpack_social_options":{"image_generator_settings":{"template":"highway","default_image_id":0,"font":"","enabled":false},"version":2}},"categories":[12],"tags":[405,1543,1542],"class_list":["post-12149","post","type-post","status-publish","format-standard","has-post-thumbnail","hentry","category-espectaculos","tag-fallecimiento","tag-rolling","tag-watts"],"jetpack_publicize_connections":[],"jetpack_featured_media_url":"https:\/\/revistaepocadigital.com.ar\/wp-content\/uploads\/2021\/08\/E9ltl1gXMAIvTtK.jpg","jetpack_likes_enabled":true,"_links":{"self":[{"href":"https:\/\/revistaepocadigital.com.ar\/index.php?rest_route=\/wp\/v2\/posts\/12149","targetHints":{"allow":["GET"]}}],"collection":[{"href":"https:\/\/revistaepocadigital.com.ar\/index.php?rest_route=\/wp\/v2\/posts"}],"about":[{"href":"https:\/\/revistaepocadigital.com.ar\/index.php?rest_route=\/wp\/v2\/types\/post"}],"author":[{"embeddable":true,"href":"https:\/\/revistaepocadigital.com.ar\/index.php?rest_route=\/wp\/v2\/users\/3"}],"replies":[{"embeddable":true,"href":"https:\/\/revistaepocadigital.com.ar\/index.php?rest_route=%2Fwp%2Fv2%2Fcomments&post=12149"}],"version-history":[{"count":0,"href":"https:\/\/revistaepocadigital.com.ar\/index.php?rest_route=\/wp\/v2\/posts\/12149\/revisions"}],"wp:featuredmedia":[{"embeddable":true,"href":"https:\/\/revistaepocadigital.com.ar\/index.php?rest_route=\/wp\/v2\/media\/12150"}],"wp:attachment":[{"href":"https:\/\/revistaepocadigital.com.ar\/index.php?rest_route=%2Fwp%2Fv2%2Fmedia&parent=12149"}],"wp:term":[{"taxonomy":"category","embeddable":true,"href":"https:\/\/revistaepocadigital.com.ar\/index.php?rest_route=%2Fwp%2Fv2%2Fcategories&post=12149"},{"taxonomy":"post_tag","embeddable":true,"href":"https:\/\/revistaepocadigital.com.ar\/index.php?rest_route=%2Fwp%2Fv2%2Ftags&post=12149"}],"curies":[{"name":"wp","href":"https:\/\/api.w.org\/{rel}","templated":true}]}}