{"id":12164,"date":"2021-08-25T19:44:47","date_gmt":"2021-08-25T22:44:47","guid":{"rendered":"https:\/\/revistaepocadigital.com.ar\/?p=12164"},"modified":"2021-08-25T19:44:47","modified_gmt":"2021-08-25T22:44:47","slug":"asamblea-general-del-club-de-leones-capilla","status":"publish","type":"post","link":"https:\/\/revistaepocadigital.com.ar\/?p=12164","title":{"rendered":"ASAMBLEA GENERAL DEL CLUB DE LEONES CAPILLA"},"content":{"rendered":"<p><strong>EL 30 SEPTIEMBRE DE 2021.<\/strong><!--more--><\/p>\n<p>&nbsp;<\/p>\n<p style=\"text-align: center;\"><strong>CLUB DE LEONES CAPILLA<\/strong><\/p>\n<p style=\"text-align: center;\"><strong>CONVOCATORIA<\/strong><\/p>\n<p>&nbsp;<\/p>\n<p>Capilla del Se\u00f1or, 27 de julio de 2021.-<\/p>\n<p>&nbsp;<\/p>\n<p style=\"text-align: center;\">La Comisi\u00f3n Directiva de la Entidad <strong>&#8220;CLUB DE LEONES LA SELVA DE CAPILLA&#8221;<\/strong>, con domicilio en la calle Jos\u00e9 Manuel Estrada N\u00ba 553 de la ciudad de Capilla del Se\u00f1or, Partido de Exaltaci\u00f3n de la Cruz, <strong>CONVOCA<\/strong> a los sres. Socios a la Asamblea General Ordinaria a celebrarse en la sede social el d\u00eda 30 de septiembre de 2021 a las 21:00 horas en primera convocatoria y a las 22:00 horas en segunda convocatoria, para considerar el siguiente:<\/p>\n<p style=\"text-align: center;\"><strong><u>Orden del D\u00eda<\/u><\/strong><\/p>\n<p><strong><u>\u00a0<\/u><\/strong><\/p>\n<p><strong>\u00a0\u00a0\u00a0\u00a0\u00a0\u00a0\u00a0\u00a0\u00a0\u00a0\u00a0 1).- <\/strong>Elecci\u00f3n de dos socios para firmar el acta juntamente con el sr. Presidente y la sra. Secretaria.<\/p>\n<p><strong>2).- <\/strong>Aprobaci\u00f3n de la adquisici\u00f3n y escrituraci\u00f3n del inmueble sede de la Asociaci\u00f3n.-<\/p>\n<p><strong>\u00a0<\/strong><strong>\u00a0\u00a0\u00a0\u00a0\u00a0\u00a0\u00a0\u00a0\u00a0\u00a0\u00a0 3).-<\/strong> Tratamiento de la Memoria, Balance General, Cuadro de Gastos y Recursos e Informe de la Comisi\u00f3n Revisora de Cuentas cierre al 30\/06\/2021.-<\/p>\n<p><strong>\u00a0\u00a0\u00a0\u00a0\u00a0\u00a0\u00a0\u00a0\u00a0\u00a0\u00a0 4).- <\/strong>Renovaci\u00f3n de la Comisi\u00f3n Directiva para ocupar los siguientes cargos Presidente, Vicepresidente, Secretario, Tesorero, Primer Vocal Titular, Segundo Vocal Titular, Primer Vocal Suplente, Segundo Vocal Suplente y Comisi\u00f3n Revisora de Cuentas: Primer Revisor Titular, Segundo Revisor Titular, Tercer Revisor Titular y Revisor Suplente.-<\/p>\n<p><strong>\u00a0<\/strong><\/p>\n<p><strong>Mar\u00eda Julieta COS HIJOS\u00a0\u00a0\u00a0\u00a0<\/strong>\u00a0\u00a0\u00a0\u00a0\u00a0\u00a0\u00a0\u00a0\u00a0 \u00a0\u00a0\u00a0\u00a0\u00a0\u00a0\u00a0\u00a0\u00a0\u00a0\u00a0\u00a0\u00a0\u00a0\u00a0\u00a0\u00a0\u00a0\u00a0\u00a0\u00a0\u00a0\u00a0\u00a0\u00a0\u00a0\u00a0\u00a0\u00a0<strong>Jorge Alberto RAMOS\u00a0\u00a0\u00a0\u00a0\u00a0\u00a0\u00a0\u00a0\u00a0\u00a0\u00a0\u00a0\u00a0<\/strong><\/p>\n<p>Secretaria\u00a0 \u00a0 \u00a0 \u00a0 \u00a0 \u00a0 \u00a0 \u00a0 \u00a0 \u00a0 \u00a0 \u00a0 \u00a0 \u00a0 \u00a0 \u00a0 \u00a0 \u00a0 \u00a0 \u00a0 \u00a0 \u00a0 \u00a0 \u00a0 \u00a0 \u00a0 \u00a0 \u00a0 \u00a0 \u00a0 \u00a0 \u00a0 \u00a0 Presidente<\/p>\n","protected":false},"excerpt":{"rendered":"<p>EL 30 SEPTIEMBRE DE 2021.<\/p>\n","protected":false},"author":3,"featured_media":12169,"comment_status":"open","ping_status":"open","sticky":false,"template":"","format":"standard","meta":{"footnotes":"","jetpack_publicize_message":"","jetpack_publicize_feature_enabled":true,"jetpack_social_post_already_shared":false,"jetpack_social_options":{"image_generator_settings":{"template":"highway","default_image_id":0,"font":"","enabled":false},"version":2}},"categories":[11],"tags":[1546,61],"class_list":["post-12164","post","type-post","status-publish","format-standard","has-post-thumbnail","hentry","category-entidades","tag-asamblea-general-2021","tag-leones"],"jetpack_publicize_connections":[],"jetpack_featured_media_url":"https:\/\/revistaepocadigital.com.ar\/wp-content\/uploads\/2021\/08\/descarga-2.jpg","jetpack_likes_enabled":true,"_links":{"self":[{"href":"https:\/\/revistaepocadigital.com.ar\/index.php?rest_route=\/wp\/v2\/posts\/12164","targetHints":{"allow":["GET"]}}],"collection":[{"href":"https:\/\/revistaepocadigital.com.ar\/index.php?rest_route=\/wp\/v2\/posts"}],"about":[{"href":"https:\/\/revistaepocadigital.com.ar\/index.php?rest_route=\/wp\/v2\/types\/post"}],"author":[{"embeddable":true,"href":"https:\/\/revistaepocadigital.com.ar\/index.php?rest_route=\/wp\/v2\/users\/3"}],"replies":[{"embeddable":true,"href":"https:\/\/revistaepocadigital.com.ar\/index.php?rest_route=%2Fwp%2Fv2%2Fcomments&post=12164"}],"version-history":[{"count":0,"href":"https:\/\/revistaepocadigital.com.ar\/index.php?rest_route=\/wp\/v2\/posts\/12164\/revisions"}],"wp:featuredmedia":[{"embeddable":true,"href":"https:\/\/revistaepocadigital.com.ar\/index.php?rest_route=\/wp\/v2\/media\/12169"}],"wp:attachment":[{"href":"https:\/\/revistaepocadigital.com.ar\/index.php?rest_route=%2Fwp%2Fv2%2Fmedia&parent=12164"}],"wp:term":[{"taxonomy":"category","embeddable":true,"href":"https:\/\/revistaepocadigital.com.ar\/index.php?rest_route=%2Fwp%2Fv2%2Fcategories&post=12164"},{"taxonomy":"post_tag","embeddable":true,"href":"https:\/\/revistaepocadigital.com.ar\/index.php?rest_route=%2Fwp%2Fv2%2Ftags&post=12164"}],"curies":[{"name":"wp","href":"https:\/\/api.w.org\/{rel}","templated":true}]}}