{"id":1220,"date":"2019-01-14T17:13:47","date_gmt":"2019-01-14T20:13:47","guid":{"rendered":"https:\/\/revistaepocadigital.com.ar\/?p=1220"},"modified":"2019-01-14T18:02:06","modified_gmt":"2019-01-14T21:02:06","slug":"1220-2","status":"publish","type":"post","link":"https:\/\/revistaepocadigital.com.ar\/?p=1220","title":{"rendered":"Santiago Davio, la pasi\u00f3n por el f\u00fatbol, siempre"},"content":{"rendered":"<p><strong>DESPU\u00c9S DE JUGAR EN NUESTRO PA\u00cdS Y EN EL EXTERIOR.<\/strong><\/p>\n<p><strong>Santiago Davio<\/strong> resolvi\u00f3 que hab\u00eda llegado el momento de cerrar una etapa de su vida, la de jugador de f\u00fatbol. El jugador capillense, de esos que lleva al f\u00fatbol en la sangre, pas\u00f3 por clubes de la <strong>Argentina<\/strong> y el exterior. Y no ha perdido tiempo para arrancar con un nuevo desaf\u00edo en su vida, el de t\u00e9cnico.<\/p>\n<p><em>&#8220;Los primeros pasos<\/em> -cuenta <strong>Santiago<\/strong> a <strong>EPOCA<\/strong>-, <em>fueron en la escuela se f\u00fatbol de mi pap\u00e1<\/em> (el conocido &#8220;Batata&#8221; Davio, uno de los mejores jugadores surgidos en el distrito en todos los tiempos). <em>Jugu\u00e9 en la escuela desde los 4 hasta los 10 a\u00f1os, <\/em><em>cuando me fu\u00ed a jugar a Defensores Unidos de Z\u00e1rate, despu\u00e9s a los 12 a\u00f1os pas\u00e9 a JUnior donde jugu\u00e9 hasta los 14. Mi siguiente paso fue ir a San Lorenzo de Almagro, donde estuve hasta los 16-17 a\u00f1os para m\u00e1s tarde pasar a Villa D\u00e1lmine de Campana. En el &#8220;violeta&#8221; debut\u00e9 en primera divisi\u00f3n, ten\u00eda 18 a\u00f1os, luego volv\u00ed al CADU de Z\u00e1rate <\/em>(le brind\u00f3 un reconocimiento, foto portada) <em>y logramos el ascenso, mi siguiente etapa<\/em> <em>ya tuvo que ver con mi recorrido por clubes de varios pa\u00edses&#8221;.<\/em><\/p>\n<p><strong>-\u00bfQue fue lo m\u00e1s fuerte que te dej\u00f3 el f\u00fatbol como jugador?<\/strong><br \/>\n<em>-El f\u00fatbol me hizo madurar muy r\u00e1pido, fijate, a los 24 a\u00f1os ya me fu\u00ed solo a Italia; a la vez me permiti\u00f3 conocer a muchas personas que me ayudaron en mi carrera como futbolista. Viv\u00ed muchas experiencias, vivencias, estuve tiempo en el exterior, pas\u00e9 en soledad fiestas de fin de a\u00f1o por ejemplo, en Guatemala llorando, hablando con mi familia. Pero bueno al mismo tiempo sab\u00eda que era lo que yo hab\u00eda elegido, ser jugador de f\u00fatbol.<\/em><br \/>\n<em>No me puedo olvidar que, por si fuera poco, me enter\u00e9 que iba a ser pap\u00e1 mientras hac\u00edamos una pretemporada formando partedel plantel de Acassuso que estaba en la Primera B Metropolitana y me avisaron por tel\u00e9fono!, no pude compartir un momento tan lindo como ese, pero bueno. Tampoco me olvido del ascenso con Defensores Unidos de Z\u00e1rate, otra de las cosas muy lindas que me dej\u00f3 el f\u00fatbol, y que me marc\u00f3 mucho, as\u00ed como mi paso por<\/em> <em>Desamparados de San Juan, ese creo que fue uno de los momentos m\u00e1s felices para m\u00ed, lo recuerdo por todo el cari\u00f1o que recibo d\u00eda a d\u00eda&#8230;<\/em><\/p>\n<figure id=\"attachment_1225\" aria-describedby=\"caption-attachment-1225\" style=\"width: 960px\" class=\"wp-caption aligncenter\"><img loading=\"lazy\" decoding=\"async\" class=\"size-full wp-image-1225\" src=\"https:\/\/revistaepocadigital.com.ar\/wp-content\/uploads\/2019\/01\/davio.espo_.jpg\" alt=\"\" width=\"960\" height=\"723\" srcset=\"https:\/\/revistaepocadigital.com.ar\/wp-content\/uploads\/2019\/01\/davio.espo_.jpg 960w, https:\/\/revistaepocadigital.com.ar\/wp-content\/uploads\/2019\/01\/davio.espo_-300x226.jpg 300w, https:\/\/revistaepocadigital.com.ar\/wp-content\/uploads\/2019\/01\/davio.espo_-768x578.jpg 768w, https:\/\/revistaepocadigital.com.ar\/wp-content\/uploads\/2019\/01\/davio.espo_-80x60.jpg 80w, https:\/\/revistaepocadigital.com.ar\/wp-content\/uploads\/2019\/01\/davio.espo_-160x120.jpg 160w, https:\/\/revistaepocadigital.com.ar\/wp-content\/uploads\/2019\/01\/davio.espo_-696x524.jpg 696w, https:\/\/revistaepocadigital.com.ar\/wp-content\/uploads\/2019\/01\/davio.espo_-558x420.jpg 558w\" sizes=\"auto, (max-width: 960px) 100vw, 960px\" \/><figcaption id=\"caption-attachment-1225\" class=\"wp-caption-text\">Davio junto a su esposa Guadalupe y el peque\u00f1o hijo de ambos, en su terreno, una cancha de f\u00fatbol.<\/figcaption><\/figure>\n<p><strong>-A los chicos que se inician, que les aconsejar\u00edas a sus padres, muchos demasiado ansiosos para que lleguen a ser alguien en el f\u00fatbol?<\/strong><br \/>\n<em>-Es dif\u00edcil ponerse en la piel de otro pap\u00e1, yo s\u00f3lo voy a incentivar a mi hijo para que se incline por el deporte, y si es el f\u00fatbol mejor, si bien es un deporte donde existe mucha falsedad e hipocrec\u00eda cuando se torna profesinnal. Si tuviera que dar un consejo a un padre que tenga a un hijo que quiere jugar al f\u00fatbo, le dir\u00eda que deje que se divierta y que no lo haga quemar etapas m\u00e1s r\u00e1pido de lo establecido, y a su vez que siempre est\u00e9 a su lado, apoyando en cada decisi\u00f3n que tome por m\u00e1s que se est\u00e9 equivocando, eso lo har\u00e1 m\u00e1s fuerte.<\/em><\/p>\n<p><strong>-\u00bfQue rol ocup\u00f3 de pap\u00e1 en tu vida deportiva?.<\/strong><br \/>\n<em>-Mi pap\u00e1 fue mi gu\u00eda en todo, siempre me marc\u00f3 lo bueno y lo malo; desde su inmensa pasi\u00f3n por el f\u00fatbol, me llev\u00f3 a que el f\u00fatbol fuera para m\u00ed un estilo de vida. Desde ya, sufri\u00f3 mucho cada vez que me iba a jugar a otro lado, nunca pod\u00eda hablar por tel\u00e9fono desde el exterior porque lloraba, se pon\u00eda muy sensible. La verdad, aprend\u00ed mucho de el; para m\u00ed ha sido uno de los primeros formadores en el f\u00fatbol de Capilla del Se\u00f1or, todo Capilla jug\u00f3 por el &#8220;loco Batata&#8221;!<\/em><\/p>\n<p><strong>-\u00bfSegu\u00eds ligado al f\u00fatbol?<\/strong><br \/>\n<em>-S\u00ed; soy profe de preparaci\u00f3n f\u00edsica, me recib\u00ed de director t\u00e9cnico, hice capacitaci\u00f3nes de utilizaci\u00f3n de GPS en el deporte, un curso de infanto juvenil en Argentinos Juniors, y ahora estoy como t\u00e9cnico en Defensores Unidos de Z\u00e1rate en la B Metropolitana, la quinta divisi\u00f3n entre las categor\u00edas de AFA; la idea es ir ganando experiencia y despu\u00e9s armar mi grupo de trabajo.<\/em><\/p>\n<p><strong>Santiago Davio<\/strong> respira f\u00fatbol, a la vez se apoya mucho en su familia, y en este momentode su vida recuerda de <em>&#8220;agradecer a toda la gente que siempre me apoy\u00f3 en el f\u00fatbol, amigos y desde ya mi familia, ellos fueron muy importante para atravesar etapas que ahora cierro; mucha gente sin conocerme de Capilla del Se\u00f1or adem\u00e1s, al estar jugando afuera me apoy\u00f3 y eso lo lo valorar\u00e9 siempre, y tambi\u00e9n gracias a EPOCA que siempre estuvo pendiente de mi carrera. El f\u00fatbol es un deporte muy lindo pero que exige mucho sacrifico, y a ese sacrificio muchas veces lo ven s\u00f3lo los que est\u00e1n cerca de uno; de nuevo, gracias por todo&#8221;.<\/em><\/p>\n","protected":false},"excerpt":{"rendered":"<p>DESPU\u00c9S DE JUGAR EN NUESTRO PA\u00cdS Y EN EL EXTERIOR. Santiago Davio resolvi\u00f3 que hab\u00eda llegado el momento de cerrar una etapa de su vida, la de jugador de f\u00fatbol. El jugador capillense, de esos que lleva al f\u00fatbol en la sangre, pas\u00f3 por clubes de la Argentina y el exterior. Y no ha perdido [&hellip;]<\/p>\n","protected":false},"author":3,"featured_media":1224,"comment_status":"open","ping_status":"open","sticky":false,"template":"","format":"standard","meta":{"footnotes":"","jetpack_publicize_message":"","jetpack_publicize_feature_enabled":true,"jetpack_social_post_already_shared":false,"jetpack_social_options":{"image_generator_settings":{"template":"highway","default_image_id":0,"font":"","enabled":false},"version":2}},"categories":[9],"tags":[143,37,50],"class_list":["post-1220","post","type-post","status-publish","format-standard","has-post-thumbnail","hentry","category-deportes","tag-davio","tag-destacada","tag-futbol"],"jetpack_publicize_connections":[],"jetpack_featured_media_url":"https:\/\/revistaepocadigital.com.ar\/wp-content\/uploads\/2019\/01\/davio.cadu_.jpg","jetpack_likes_enabled":true,"_links":{"self":[{"href":"https:\/\/revistaepocadigital.com.ar\/index.php?rest_route=\/wp\/v2\/posts\/1220","targetHints":{"allow":["GET"]}}],"collection":[{"href":"https:\/\/revistaepocadigital.com.ar\/index.php?rest_route=\/wp\/v2\/posts"}],"about":[{"href":"https:\/\/revistaepocadigital.com.ar\/index.php?rest_route=\/wp\/v2\/types\/post"}],"author":[{"embeddable":true,"href":"https:\/\/revistaepocadigital.com.ar\/index.php?rest_route=\/wp\/v2\/users\/3"}],"replies":[{"embeddable":true,"href":"https:\/\/revistaepocadigital.com.ar\/index.php?rest_route=%2Fwp%2Fv2%2Fcomments&post=1220"}],"version-history":[{"count":0,"href":"https:\/\/revistaepocadigital.com.ar\/index.php?rest_route=\/wp\/v2\/posts\/1220\/revisions"}],"wp:featuredmedia":[{"embeddable":true,"href":"https:\/\/revistaepocadigital.com.ar\/index.php?rest_route=\/wp\/v2\/media\/1224"}],"wp:attachment":[{"href":"https:\/\/revistaepocadigital.com.ar\/index.php?rest_route=%2Fwp%2Fv2%2Fmedia&parent=1220"}],"wp:term":[{"taxonomy":"category","embeddable":true,"href":"https:\/\/revistaepocadigital.com.ar\/index.php?rest_route=%2Fwp%2Fv2%2Fcategories&post=1220"},{"taxonomy":"post_tag","embeddable":true,"href":"https:\/\/revistaepocadigital.com.ar\/index.php?rest_route=%2Fwp%2Fv2%2Ftags&post=1220"}],"curies":[{"name":"wp","href":"https:\/\/api.w.org\/{rel}","templated":true}]}}